
{"id":4836,"date":"2018-09-29T18:20:31","date_gmt":"2018-09-29T16:20:31","guid":{"rendered":"https:\/\/passent.blog.polityka.pl\/?p=4836"},"modified":"2018-09-29T20:37:48","modified_gmt":"2018-09-29T18:37:48","slug":"morawiecki-podal-tyly","status":"publish","type":"post","link":"https:\/\/blog.polityka.pl\/passent\/2018\/09\/29\/morawiecki-podal-tyly\/","title":{"rendered":"Morawiecki poda\u0142 ty\u0142y"},"content":{"rendered":"<p>Charakter Morawieckiego \u2013 jaki on jest? Wszak to premier naszego kraju. Fakt, \u017ce d\u0142ugo nie by\u0142 osob\u0105 publiczn\u0105, obraca\u0142 si\u0119 w zamkni\u0119tym kr\u0119gu bankowc\u00f3w, powoduje, \u017ce stosunkowo ma\u0142o o nim wiadomo.<br \/>\n<!--more--><\/p>\n<p>Spos\u00f3b, w jaki zrealizowa\u0142 wyrok s\u0105du nakazuj\u0105cy mu sprostowa\u0107 nieprawd\u0119, jak\u0105 niedawno wyg\u0142osi\u0142 na wiecu przedwyborczym, m\u00f3wi troch\u0119 o samym Morawieckim. Zamiast da\u0107 \u201esprostowaniu\u201d swoj\u0105 twarz \u2013 zas\u0142oni\u0142 si\u0119 plansz\u0105, zamiast da\u0107 sw\u00f3j g\u0142os \u2013 zas\u0142oni\u0142 si\u0119 g\u0142osem \u017ce\u0144skim, kt\u00f3ry odczyta\u0142 sprostowanie w tempie sprinterskim, zamiast wzi\u0105\u0107 sw\u00f3j b\u0142\u0105d (nie taki zn\u00f3w potworny, ludzie i tak nie wierz\u0105 w gadanin\u0119 wyborcz\u0105) na klat\u0119, premier dal poda\u0142 ty\u0142y.<\/p>\n<p>Premier wyra\u017anie chcia\u0142 wykona\u0107 wyrok jak najmniejszym kosztem. Prawa chyba nie naruszy\u0142, ale wystawi\u0142 sobie z\u0142e \u015bwiadectwo. Zap\u0119dzi\u0107 si\u0119 na wiecu wyborczym, przeinaczy\u0107 przesz\u0142o\u015b\u0107 \u2013 to si\u0119 politykom w ferworze kampanii mo\u017ce zdarzy\u0107. Ale p\u00f3\u017aniej nie mie\u0107 odwagi uderzy\u0107 si\u0119 w pier\u015b, przeprosi\u0107 \u2013 nie opozycj\u0119, ale s\u0142uchaczki, \u201ePolki i Polak\u00f3w\u201d \u2013 to nie\u0142adnie. Ile\u017c to razy widzimy w prasie sprostowania zamieszczane przez autor\u00f3w, zako\u0144czone tradycyjnym \u201eza pomy\u0142k\u0119 przepraszam\u201d? Czy PMM nie m\u00f3g\u0142 z siebie tyle wydusi\u0107? Co by go to kosztowa\u0142o? Chyba niewiele, a mo\u017ce nawet pokaza\u0142by si\u0119 z lepszej strony, jako cz\u0142owiek, kt\u00f3ry nie boi si\u0119 przyzna\u0107 do b\u0142\u0119du i przeprosi\u0107.<\/p>\n<p>Z innej strony pokazuje Morawieckiego jego dawny kolega, znany ekonomista dr Bogus\u0142aw Grabowski, by\u0142y cz\u0142onek rady doradczej przy premierze Tusku i by\u0142y cz\u0142onek Rady Polityki Pieni\u0119\u017cnej. W wywiadzie dla Tomasza Lisa (Onet) dr Grabowski opowiada, jak gorliwym doradc\u0105 Tuska by\u0142 Morawiecki, jak popiera\u0142 liberalny kurs, jak ceni\u0142 osi\u0105gni\u0119cia III RP w dziedzinie gospodarki. Teraz PMM jest \u017carliwym wyznawc\u0105 teorii Polski w ruinie, m\u00f3wi, jak gdyby Polska urodzi\u0142a si\u0119 w 2015 r. i dopiero wtedy sta\u0142a si\u0119 gwiazd\u0105 transformacji.<\/p>\n<p>Cz\u0142owiek mo\u017ce zmieni\u0107 pogl\u0105dy \u2013 przyznaje Grabowski \u2013 pod wp\u0142ywem r\u00f3\u017cnych czynnik\u00f3w, przemy\u015ble\u0144, zmiany sytuacji, zmiany przekona\u0144, ale nigdy nie widzia\u0142 cz\u0142owieka, kt\u00f3ry by tak diametralnie zmieni\u0142 wszystkie pogl\u0105dy. Drugiego podobnego przypadku nie zna, a dodajmy, \u017ce dr Grabowski to nie jest m\u0142okos, to jeden z najbardziej cenionych ekonomist\u00f3w polskich.<\/p>\n<p>Potwierdza to zaniepokojenie charakterem szefa rz\u0105du. Chcia\u0142oby si\u0119, \u017ceby mimo r\u00f3\u017cnicy pogl\u0105d\u00f3w na czele rz\u0105du sta\u0142 cz\u0142owiek budz\u0105cy zaufanie. Chcia\u0142oby si\u0119\u2026<\/p>\n","protected":false},"excerpt":{"rendered":"<p>Chcia\u0142oby si\u0119, \u017ceby mimo r\u00f3\u017cnicy pogl\u0105d\u00f3w na czele rz\u0105du sta\u0142 cz\u0142owiek budz\u0105cy zaufanie. Chcia\u0142oby si\u0119\u2026<\/p>\n","protected":false},"author":4,"featured_media":4842,"comment_status":"open","ping_status":"closed","sticky":false,"template":"","format":"standard","meta":{"footnotes":""},"categories":[1],"tags":[],"_links":{"self":[{"href":"https:\/\/blog.polityka.pl\/passent\/wp-json\/wp\/v2\/posts\/4836"}],"collection":[{"href":"https:\/\/blog.polityka.pl\/passent\/wp-json\/wp\/v2\/posts"}],"about":[{"href":"https:\/\/blog.polityka.pl\/passent\/wp-json\/wp\/v2\/types\/post"}],"author":[{"embeddable":true,"href":"https:\/\/blog.polityka.pl\/passent\/wp-json\/wp\/v2\/users\/4"}],"replies":[{"embeddable":true,"href":"https:\/\/blog.polityka.pl\/passent\/wp-json\/wp\/v2\/comments?post=4836"}],"version-history":[{"count":5,"href":"https:\/\/blog.polityka.pl\/passent\/wp-json\/wp\/v2\/posts\/4836\/revisions"}],"predecessor-version":[{"id":4841,"href":"https:\/\/blog.polityka.pl\/passent\/wp-json\/wp\/v2\/posts\/4836\/revisions\/4841"}],"wp:featuredmedia":[{"embeddable":true,"href":"https:\/\/blog.polityka.pl\/passent\/wp-json\/wp\/v2\/media\/4842"}],"wp:attachment":[{"href":"https:\/\/blog.polityka.pl\/passent\/wp-json\/wp\/v2\/media?parent=4836"}],"wp:term":[{"taxonomy":"category","embeddable":true,"href":"https:\/\/blog.polityka.pl\/passent\/wp-json\/wp\/v2\/categories?post=4836"},{"taxonomy":"post_tag","embeddable":true,"href":"https:\/\/blog.polityka.pl\/passent\/wp-json\/wp\/v2\/tags?post=4836"}],"curies":[{"name":"wp","href":"https:\/\/api.w.org\/{rel}","templated":true}]}}