
{"id":484,"date":"2008-09-07T21:18:45","date_gmt":"2008-09-07T19:18:45","guid":{"rendered":"http:\/\/passent.blog.polityka.pl\/?p=484"},"modified":"2008-09-07T23:25:10","modified_gmt":"2008-09-07T21:25:10","slug":"niech-zyje-drobna-roznica","status":"publish","type":"post","link":"https:\/\/blog.polityka.pl\/passent\/2008\/09\/07\/niech-zyje-drobna-roznica\/","title":{"rendered":"Niech \u017cyje drobna r\u00f3\u017cnica!"},"content":{"rendered":"<p>W tym tygodniu przyje\u017cd\u017ca do Polski Siergiej \u0141awrow, minister spraw zagranicznych Rosji. Trudno o lepszy moment. Rosja po konflikcie w Gruzji chce pokaza\u0107, \u017ce nie jest izolowana, i jej minister odwiedza nawet kraj tak wobec Rosji krytyczny, jak Polska. (Wystarczy przypomnie\u0107, \u017ce jeszcze niedawno Aleksander Szczyg\u0142o proponowa\u0142 ulokowa\u0107 Muzeum Katy\u0144skie na przeciwko ambasady rosyjskiej, a prezydent Kaczy\u0144ski zagrzewa\u0142 do walki w Tbilisi.) Z kolei Warszawa jest zadowolona, \u017ce Moskwa nie odwo\u0142a\u0142a wizyty. To punkt dla rz\u0105du, kt\u00f3ry pilnuje, \u017ceby Polska nie by\u0142a tym pa\u0144stwem, kt\u00f3re ma najgorsze stosunki z Rosj\u0105. Dobrze, \u017ce do tej wizyty dochodzi, aczkolwiek trudno spodziewa\u0107 si\u0119 cud\u00f3w..<\/p>\n<p>Gorzej, \u017ce wlecze si\u0119 za nami sprawa domniemanego wi\u0119zienia CIA dla podejrzanych o terroryzm i stosowanych wobec nich tortur. Ta sprawa chluby nam nie przynosi. \u017beby by\u0142o jasne \u2013 Kwa\u015bniewski i Miller powinni byli pom\u00f3c Amerykanom w wojnie z terroryzmem, ale nie zmienia to faktu, \u017ce to, co nast\u0105pi\u0142o potem &#8211; stanowi\u0142o co najmniej naruszenie prawa. Zgoda na l\u0105dowanie, a zgoda na tortury to nie jest ma\u0142a r\u00f3\u017cnica. Ju\u017c samo przetrzymywanie na terenie Polski ludzi bezprawnie pozbawionych wolno\u015bci jest sprzeczne z prawem (Waszyngton odmawia im statusu je\u0144c\u00f3w), nie m\u00f3wi\u0105c ju\u017c o torturach, jakie podobno stosowali Amerykanie. Polskie w\u0142adze mog\u0142y o tym nie wiedzie\u0107, ale to te\u017c \u017ale o naszych rz\u0105dach \u015bwiadczy. Wida\u0107, \u017ce nie dochowa\u0142y stosownej ostro\u017cno\u015bci i da\u0142y ameryka\u0144skiemu sojusznikowi woln\u0105 r\u0119k\u0119.<\/p>\n<p>Amerykanie maj\u0105 to do siebie, \u017ce niegodziwo\u015bci wol\u0105 uprawia\u0107 zagranic\u0105 &#8211; u sojusznik\u00f3w, albo w Guantanamo. Byle tylko nie na w\u0142asnym terytorium, gdzie obowi\u0105zuje ameryka\u0144skie s\u0105downictwo i poszanowanie praw cz\u0142owieka. Przypomnijmy, ile lat trwa\u0142o uzyskanie zgody, \u017ceby ameryka\u0144skie s\u0105dy mog\u0142y rozpatrywa\u0107 okropno\u015bci z Guantanamo. Wszystko to zosta\u0142o sugestywnie uwidocznione w filmie BBC, pokazanym przez TVN 24. Wojny z terroryzmem w r\u0119kawiczkach si\u0119 nie wygra \u2013 to prawda, ale niekompetencja CIA i pogarda dla ludzi mog\u0142y by\u0107 dla wielu widz\u00f3w zdumiewaj\u0105ce. (Ciekawy szczeg\u00f3\u0142: \u201eWashington Post\u201d, kt\u00f3ry rzecz ujawni\u0142 jako pierwszy, na \u017cyczenie Bia\u0142ego Domu nie wymieni\u0142 wszystkich pa\u0144stw, w kt\u00f3rych CIA mia\u0142a swoje stacje, a potem w og\u00f3le przesta\u0142 je wymienia\u0107.)<\/p>\n<p>Miejmy nadziej\u0119, \u017ce tym razem strona polska starannie negocjowa\u0142a aspekty prawne usytuowania ameryka\u0144skiej tarczy antyrakietowej w naszym kraju. Oby naszym prawnikom nie zabrak\u0142o wyobra\u017ani. Natomiast politykom nie braknie hucpy. Minister Micha\u0142 Kami\u0144ski przy \u2018\u015aniadaniu w Radiu Zet\u2019 powiedzia\u0142, \u017ce spraw\u0119 z wi\u0119zieniem w Kiejkutach wyci\u0105gn\u0119\u0142a ostatnio\u2026 Platforma, poniewa\u017c boi si\u0119 odrodzenia lewicy i chce jej zaszkodzi\u0107. (Bo to Kwa\u015bniewski i Miller aprobowali wsp\u00f3\u0142prac\u0119 wywiad\u00f3w Polski i USA). Trudno o bardziej partyjne my\u015blenie przedstawiciela Kancelarii. Tak w\u0142a\u015bnie rozumuj\u0105 politycy, cho\u0107 fakty temu przecz\u0105: spraw\u0119 dr\u0105\u017c\u0105 media ameryka\u0144skie i polskie oraz trzy r\u00f3\u017cne komisje Unii Europejskiej, kt\u00f3rym los polskich partii politycznych jest oboj\u0119tny. W spraw\u0119 zaanga\u017cowane s\u0105 wszystkie g\u0142\u00f3wne partie w Polsce i przerzucanie si\u0119 odpowiedzialno\u015bci\u0105 nie ma sensu.<\/p>\n<p>Je\u015bli potwierdzi si\u0119 najgorsze (a na to wygl\u0105da), to wszystkie polskie partie powinny uzna\u0107, \u017ce wsp\u00f3\u0142praca wywiad\u00f3w w wojnie z terroryzmem by\u0142a uzasadniona, ale Stany Zjednoczone nadu\u017cy\u0142y zaufania, a strona polska nie korzysta\u0142a z w\u0142asnej suwerenno\u015bci i ponosi wsp\u00f3\u0142odpowiedzialno\u015b\u0107. USA dopu\u015bci\u0142y metody wydobywania zezna\u0144, gdzie indziej niedopuszczalne. Je\u017celi mia\u0142o to miejsce u nas , to tym gorzej dla Ameryki i dla Polski. Niech to b\u0119dzie nauczk\u0105.<\/p>\n<p><strong>PS<\/strong>. Konferencja PiS w 30-lecie wolnych zwi\u0105zk\u00f3w zawodowych budzi za\u017cenowanie. Organizatorzy nie tylko nie zaprosili niekt\u00f3rych czo\u0142owych za\u0142o\u017cycieli zwi\u0105zk\u00f3w, ale Jaros\u0142aw Kaczy\u0144ski m\u00f3wi\u0142 per \u201eniejaki Lech Wa\u0142\u0119sa\u201d. Patronatem obdarzy\u0142 konferencj\u0119 prezydent, kt\u00f3ry na szcz\u0119\u015bcie nie pojawi\u0142 si\u0119 osobi\u015bcie. Warto by\u0142o obejrze\u0107 wersj\u0119 \u201eFakt\u00f3w\u201d i \u201eWiadomo\u015bci\u201d. W TVN wypowied\u017a J.K. by\u0142a zacytowana i skorygowana przez powa\u017cnego historyka, prof. Friszke. W TVPiS o wybryku J.K. ani s\u0142owa, by\u0142a natomiast mowa o ksi\u0105\u017cce Cenckiewicza \u2013 Gontarczyka i o tym, \u017ce wcze\u015bniej Wa\u0142\u0119sa sam nie wzi\u0105\u0142 udzia\u0142u w uroczysto\u015bciach 30 sierpnia, czyli \u2013 nale\u017cy si\u0119 domy\u015bla\u0107 \u2013 sam si\u0119 wykluczy\u0142. <em>Vive la petite difference!<\/em><\/p>\n","protected":false},"excerpt":{"rendered":"<p>W tym tygodniu przyje\u017cd\u017ca do Polski Siergiej \u0141awrow, minister spraw zagranicznych Rosji. Trudno o lepszy moment. Rosja po konflikcie w Gruzji chce pokaza\u0107, \u017ce nie jest izolowana, i jej minister odwiedza nawet kraj tak wobec Rosji krytyczny, jak Polska. (Wystarczy przypomnie\u0107, \u017ce jeszcze niedawno Aleksander Szczyg\u0142o proponowa\u0142 ulokowa\u0107 Muzeum Katy\u0144skie na przeciwko ambasady rosyjskiej, a [&hellip;]<\/p>\n","protected":false},"author":4,"featured_media":0,"comment_status":"open","ping_status":"open","sticky":false,"template":"","format":"standard","meta":{"footnotes":""},"categories":[1],"tags":[],"_links":{"self":[{"href":"https:\/\/blog.polityka.pl\/passent\/wp-json\/wp\/v2\/posts\/484"}],"collection":[{"href":"https:\/\/blog.polityka.pl\/passent\/wp-json\/wp\/v2\/posts"}],"about":[{"href":"https:\/\/blog.polityka.pl\/passent\/wp-json\/wp\/v2\/types\/post"}],"author":[{"embeddable":true,"href":"https:\/\/blog.polityka.pl\/passent\/wp-json\/wp\/v2\/users\/4"}],"replies":[{"embeddable":true,"href":"https:\/\/blog.polityka.pl\/passent\/wp-json\/wp\/v2\/comments?post=484"}],"version-history":[{"count":0,"href":"https:\/\/blog.polityka.pl\/passent\/wp-json\/wp\/v2\/posts\/484\/revisions"}],"wp:attachment":[{"href":"https:\/\/blog.polityka.pl\/passent\/wp-json\/wp\/v2\/media?parent=484"}],"wp:term":[{"taxonomy":"category","embeddable":true,"href":"https:\/\/blog.polityka.pl\/passent\/wp-json\/wp\/v2\/categories?post=484"},{"taxonomy":"post_tag","embeddable":true,"href":"https:\/\/blog.polityka.pl\/passent\/wp-json\/wp\/v2\/tags?post=484"}],"curies":[{"name":"wp","href":"https:\/\/api.w.org\/{rel}","templated":true}]}}