
{"id":4843,"date":"2018-10-03T23:06:34","date_gmt":"2018-10-03T21:06:34","guid":{"rendered":"https:\/\/passent.blog.polityka.pl\/?p=4843"},"modified":"2018-10-10T13:25:20","modified_gmt":"2018-10-10T11:25:20","slug":"w-sieci-onetu","status":"publish","type":"post","link":"https:\/\/blog.polityka.pl\/passent\/2018\/10\/03\/w-sieci-onetu\/","title":{"rendered":"W sieci Onetu"},"content":{"rendered":"<p>Dziennikarze Onetu odnosz\u0105 kolejny sukces. Nie tak dawno ujawnili, \u017ce najwy\u017csi przedstawiciele rz\u0105du USA (nie lubi\u0119 s\u0142owa \u201eadministracja\u201d b\u0119d\u0105cego dos\u0142own\u0105 kopi\u0105 s\u0142owa \u201eadministration\u201d) nie spotkaj\u0105 si\u0119 ze swoimi polskimi odpowiednikami, dop\u00f3ki nie zostanie zmieniona ustawa o IPN.<!--more--><\/p>\n<p>W\u0142adze polskie i pos\u0142uszne im media oczywi\u015bcie zaprzecza\u0142y, ale wystarczy\u0142o, \u017ce prezydent Duda przebywa\u0142 w Waszyngtonie i nic ze spotkania nie wysz\u0142o, a prezydent Trump przyjmowa\u0142 w tym czasie go\u015bci z pa\u0144stw III ligi, nie by\u0142o ju\u017c sensu zaprzecza\u0107. Polska prezydenta Dudy mia\u0142a przechlapane i to na w\u0142asne \u017cyczenie. \u0179r\u00f3d\u0142a Onetu okaza\u0142y si\u0119 wiarygodne.<\/p>\n<p>Teraz jest podobnie. Kto\u015b (oni sami albo inne \u017ar\u00f3d\u0142o?) doszed\u0142 do wniosku, \u017ce w wielotomowych aktach afery ta\u015bmowej jest \u015blad prowadz\u0105cy do premiera Morawieckiego. Trzeba tylko przysi\u0105\u015b\u0107 fa\u0142d\u00f3w. I zn\u00f3w ob\u00f3z rz\u0105dz\u0105cy zaprzecza: stare kotlety, wszystko od dawna wiadomo, propaganda wyborcza itd. Nikt jednak nie kwestionuje wykopaliska Onetu. Co wi\u0119c ujrza\u0142o \u015bwiat\u0142o dzienne, a co nadal pozostaje tajemnic\u0105?<\/p>\n<p>Okaza\u0142o si\u0119, \u017ce w czasach rz\u0105du PO-PSL Mateusz Morawiecki, jako prezes Banku Zachodniego WBK, spotyka\u0142 si\u0119 z \u00f3wczesnym prezesem banku PKO (Z. Jagie\u0142\u0142o), szefem PGE (K. Kilian), utrzymywa\u0142 kontakt z J.K. Bieleckim (b. premier) i T. Arabskim \u2013 praw\u0105 r\u0119k\u0105 Tuska. Trzej pierwsi panowie rozmawiali godzinami jak Polak z Polakiem, jak swojacy \u2013 szczerze, dosadnie i bez owijania w bawe\u0142n\u0119. Czyli Morawiecki nie by\u0142 w\u00f3wczas obcym cia\u0142em w kr\u0119gach Platformy, ma\u0142o istotnym cz\u0142onkiem Rady Doradc\u00f3w premiera Tuska, ale by\u0142 cz\u0142owiekiem zaufanym, w kr\u0119gu intelektualnym i towarzyskim Platformy, nale\u017ca\u0142 do elity III RP. Dzisiaj premier nie ma s\u0142\u00f3w pot\u0119pienia dla PO, a by\u0142y minister Arabski ma proces w sprawie katastrofy smole\u0144skiej.<\/p>\n<p>To tyle, je\u015bli chodzi o koneksje i lojalno\u015b\u0107 obecnego premiera. Druga sprawa to pogl\u0105dy, jakie g\u0142osi\u0142 MM kilka lat temu. Jak m\u00f3wi dr Grabowski, znany ekonomista, kolega MM z Rady Doradc\u00f3w premiera Tuska, nie przypomina on sobie kogokolwiek, kto tak radykalnie zmieni\u0142by pogl\u0105dy. W rozmowach, kt\u00f3re ujawni\u0142 Onet, MM wyst\u0119powa\u0142 jako libera\u0142, kt\u00f3ry uwa\u017ca, \u017ce trzeba przyhamowa\u0107 zbyt wysokie oczekiwania ludzi, \u017ce \u201ekrzyw\u0105 oczekiwa\u0144\u201d trzeba odkr\u0119ci\u0107, \u201emusimy obni\u017cy\u0107 nasze oczekiwania\u201d, \u201eb\u0119dziemy zapier\u2026 i rowy k\u2026 kopa\u0107\u201d (czyli pracowa\u0107 bez sensu w robotach publicznych). Tylko mimochodem wspomina, \u017ce bogaci powinni si\u0119 podzieli\u0107 z biednymi. Dzisiaj rz\u0105d Morawieckiego realizuje odwrotn\u0105 \u201estrategi\u0119 wysokich oczekiwa\u0144\u201d: 500+, obni\u017cony wiek emerytalny, wyprawka szkolna \u2013 na wszystko nas sta\u0107. Mateusz Morawiecki dzi\u015b i pi\u0119\u0107 lat temu to inna szko\u0142a ekonomiczna.<\/p>\n<p>Wreszcie, styl to cz\u0142owiek. Premier Morawiecki lubi w swoich wyst\u0105pieniach wyborczych cytowa\u0107 poezj\u0119, deklamowa\u0107 wiersze. Przedstawia si\u0119 jako wytrawny intelektualista. Niestety, w knajpie z kolegami dr Jekyll znika i pojawia si\u0119 Mr Hyde: \u201eK\u2026 , siedz\u0105 bogaci Amerykanie, \u017bydzi, Niemcy, Angole, Szwajcarzy, nie?\u201d. Maj\u0105 zakumulowane tyle kapita\u0142u, \u017ce \u201emo\u017cesz ich w dup\u0119 poca\u0142owa\u0107\u201d.<\/p>\n<p>I jeszcze jedno: kelnerzy utrzymuj\u0105, jakoby istnia\u0142y jeszcze nagrania innych rozm\u00f3w z udzia\u0142em MM, a tak\u017ce w\u0105tek kupowania nieruchomo\u015bci na podstawione osoby. Ale dop\u00f3ki nie wiemy, czy takie nagrania istniej\u0105 i w czyich pozostaj\u0105 r\u0119kach \u2013 trudno o tym m\u00f3wi\u0107. Gdyby tak by\u0142o, to polski premier by\u0142by \u2013 cho\u0107by teoretycznie \u2013 nara\u017cony na szanta\u017c. Dalej lepiej nie spekulowa\u0107. Raczej warto zapyta\u0107, co na to liczne w Polsce tajne s\u0142u\u017cby, wywiady i agencje specjalnego znaczenia?<\/p>\n<p>W sumie: ju\u017c samo to, co ujawnili dziennikarze Onetu, stanowi plam\u0119 na niepokalanym wizerunku premiera Morawieckiego. Nic dziwnego, \u017ce oburzenie w obozie w\u0142adzy jest znaczne, a jeden z jego prominent\u00f3w powiedzia\u0142, \u017ce Onet powinien stan\u0105\u0107 do wybor\u00f3w (czytaj: jako partia polityczna, a nie jako obiektywny portal). Gdyby taki cud nast\u0105pi\u0142, to wiem, na kogo odda\u0107 g\u0142os.<\/p>\n","protected":false},"excerpt":{"rendered":"<p>Jeden z prominent\u00f3w PiS powiedzia\u0142, \u017ce Onet powinien stan\u0105\u0107 do wybor\u00f3w. Gdyby taki cud nast\u0105pi\u0142, to wiem, na kogo odda\u0107 g\u0142os.<\/p>\n","protected":false},"author":4,"featured_media":4855,"comment_status":"open","ping_status":"closed","sticky":false,"template":"","format":"standard","meta":{"footnotes":""},"categories":[1],"tags":[],"_links":{"self":[{"href":"https:\/\/blog.polityka.pl\/passent\/wp-json\/wp\/v2\/posts\/4843"}],"collection":[{"href":"https:\/\/blog.polityka.pl\/passent\/wp-json\/wp\/v2\/posts"}],"about":[{"href":"https:\/\/blog.polityka.pl\/passent\/wp-json\/wp\/v2\/types\/post"}],"author":[{"embeddable":true,"href":"https:\/\/blog.polityka.pl\/passent\/wp-json\/wp\/v2\/users\/4"}],"replies":[{"embeddable":true,"href":"https:\/\/blog.polityka.pl\/passent\/wp-json\/wp\/v2\/comments?post=4843"}],"version-history":[{"count":4,"href":"https:\/\/blog.polityka.pl\/passent\/wp-json\/wp\/v2\/posts\/4843\/revisions"}],"predecessor-version":[{"id":4856,"href":"https:\/\/blog.polityka.pl\/passent\/wp-json\/wp\/v2\/posts\/4843\/revisions\/4856"}],"wp:featuredmedia":[{"embeddable":true,"href":"https:\/\/blog.polityka.pl\/passent\/wp-json\/wp\/v2\/media\/4855"}],"wp:attachment":[{"href":"https:\/\/blog.polityka.pl\/passent\/wp-json\/wp\/v2\/media?parent=4843"}],"wp:term":[{"taxonomy":"category","embeddable":true,"href":"https:\/\/blog.polityka.pl\/passent\/wp-json\/wp\/v2\/categories?post=4843"},{"taxonomy":"post_tag","embeddable":true,"href":"https:\/\/blog.polityka.pl\/passent\/wp-json\/wp\/v2\/tags?post=4843"}],"curies":[{"name":"wp","href":"https:\/\/api.w.org\/{rel}","templated":true}]}}