
{"id":4846,"date":"2018-10-07T15:43:47","date_gmt":"2018-10-07T13:43:47","guid":{"rendered":"https:\/\/passent.blog.polityka.pl\/?p=4846"},"modified":"2018-10-10T13:37:48","modified_gmt":"2018-10-10T11:37:48","slug":"adamek-znokautowany-morawiecki-liczony","status":"publish","type":"post","link":"https:\/\/blog.polityka.pl\/passent\/2018\/10\/07\/adamek-znokautowany-morawiecki-liczony\/","title":{"rendered":"Adamek znokautowany, Morawiecki liczony"},"content":{"rendered":"<p>\u201eNa dzie\u0144 dzisiejszy\u201d albo \u201ena chwil\u0119 obecn\u0105\u201d (jak si\u0119 teraz brzydko m\u00f3wi i pisze) bilans afery ta\u015bmowej, kt\u00f3ra jest w toku i dopiero si\u0119 rozkr\u0119ca, jest nast\u0119puj\u0105cy.<!--more--><\/p>\n<p>Ta\u015bmy Morawieckiego nie s\u0105 tak kompromituj\u0105ce dla rz\u0105du jak ta\u015bmy Platformy 4 lata temu. Wtedy to urz\u0119duj\u0105cy ministrowie wyra\u017cali si\u0119 fatalnie o pa\u0144stwie, kt\u00f3rym rz\u0105dzili, rozwa\u017cali manipulacje celem ocalenia w\u0142adzy i w konsekwencji j\u0105 stracili. Przez nast\u0119pne 4 lata nie uda\u0142o si\u0119 ustali\u0107, dlaczego wszystkie ujawnione ta\u015bmy wymierzone by\u0142y w Platform\u0119, a \u017cadna \u2013 w PiS. S\u0142u\u017cby specjalne, najpierw PO\/PSL, a od 3 lat PiS i S-ka, nie znalaz\u0142y \u017ar\u00f3d\u0142a, nie wiedz\u0105, jakie jeszcze nagrania istniej\u0105 i kto ma jakie ta\u015bmy.<\/p>\n<p>Jest to ewidentna pora\u017cka s\u0142u\u017cb i tam powinny polecie\u0107 g\u0142owy, ale w\u0105tpi\u0119, \u017ceby M. Kami\u0144ski poda\u0142 si\u0119 do dymisji. B\u0119dzie tak, jak za czas\u00f3w Platformy, kiedy minister spraw wewn\u0119trznych Sienkiewicz stan\u0105\u0142 na czele poszukiwania sprawc\u00f3w ta\u015bm, na kt\u00f3rych on sam by\u0142 uwieczniony.<\/p>\n<p>Najbardziej stratny jest premier Morawiecki. Je\u015bli chodzi o sprawy kryminalne, to jeden z kelner\u00f3w zezna\u0142, jakoby s\u0142ysza\u0142 rozmow\u0119 (nie wiadomo z kim) \u00f3wczesnego prezesa WBK o kupowaniu nieruchomo\u015bci na podstawione \u201es\u0142upy\u201d. Tej ta\u015bmy jednak nie ma. Zeznanie jednego kelnera, kt\u00f3ry nie budzi \u017cadnego zaufania, to zdecydowanie za ma\u0142o, \u017ceby wyci\u0105ga\u0107 wnioski.<\/p>\n<p>Morawiecki (MM), b\u0119d\u0105c cz\u0142onkiem Rady Gospodarczej przy premierze Tusku i jednocze\u015bnie naradzaj\u0105c si\u0119 z Kaczy\u0144skim \u2013 szefem opozycji! \u2013 by\u0142 s\u0142ug\u0105 dw\u00f3ch pan\u00f3w. Musia\u0142 cieszy\u0107 si\u0119 zaufaniem Tuska, skoro ten proponowa\u0142 mu resort finans\u00f3w, i musia\u0142 negocjowa\u0107 z JK, skoro dosta\u0142 od niego stanowisko wicepremiera o rozleg\u0142ych kompetencjach. Kandyduj\u0105c na ministra i spotykaj\u0105c si\u0119 w modnej w rz\u0105dzie restauracji, MM musia\u0142 by\u0107 jednym z nich, zaufanym Platformy, ale trzyma\u0142 kontakt z PiS.<\/p>\n<p>\u015awiadcz\u0105 o tym nawet drobne przys\u0142ugi, jak poszukiwanie pretekstu, \u017ceby zasili\u0107 finansowo (przecie\u017c nie z w\u0142asnej kieszeni) by\u0142ego ministra Grada czy urz\u0105dzi\u0107 na posadzie Przemys\u0142awa Czarneckiego, syna Ryszarda, dzi\u015b ju\u017c pos\u0142a PiS. MM dzia\u0142a\u0142 tu na rzecz klient\u00f3w z obu stron. Typowy uk\u0142ad polityk\u00f3w i biznesmen\u00f3w.<\/p>\n<p>MM okaza\u0142 si\u0119 mie\u0107 pogl\u0105dy elastyczne. Dop\u00f3ki by\u0142 prezesem banku i doradc\u0105 Tuska, m\u00f3wi\u0142 jak libera\u0142, zw\u0142aszcza o tym, \u017ce trzeba obni\u017cy\u0107 aspiracje konsumpcyjne spo\u0142ecze\u0144stwa. Gdy zosta\u0142 politykiem PiS \u2013 zdecydowanie popar\u0142 hojn\u0105 polityk\u0119 socjaln\u0105 PiS: 500+, wcze\u015bniejsze emerytury, wyprawk\u0119 szkoln\u0105 etc.<\/p>\n<p>Nie \u015bwiadczy to dobrze o wiarygodno\u015bci MM \u2013 prawego polityka i gorliwego katolika.<\/p>\n<p>PMM wyst\u0119puje publicznie jako fachowiec, technokrata, ale i polityk, wra\u017cliwy intelektualista. Na spotkaniach z wyborcami ch\u0119tnie cytuje wiersze Tuwima i K.K. Baczy\u0144skiego. Potem zmienia garnitur i w restauracji klnie jak szewc. R\u00f3wnie\u017c i te, drugorz\u0119dne, szczeg\u00f3\u0142y rodz\u0105 w\u0105tpliwo\u015bci na temat MM \u2013 wprawny polityk czy kameleon? Ujawnione ta\u015bmy podwa\u017cy\u0142y wizerunek cz\u0142owieka g\u0142\u0119boko ideowego, zapiek\u0142ego wroga Platformy, a zarazem wra\u017cliwego intelektualisty.<\/p>\n<p>Jak dotychczas, premier jest najwi\u0119kszym przegranym tej rundy afery ta\u015bmowej. Na dwa tygodnie przed wyborami samorz\u0105dowymi prezes JK si\u0119 piekli, krzyczy, \u017ce to, co zrobiono, to \u201ebezczelno\u015b\u0107\u201d (nie m\u00f3wi\u0142 tak o ta\u015bmach 4 lata temu), \u017ce MM by\u0142 w kontakcie z PiS, a dzia\u0142a\u0142 w takim \u015brodowisku, w kt\u00f3rym pewne zachowania (w tym m\u0119ski j\u0119zyk\u2026) s\u0105 faktem. Prezesowi wt\u00f3ruje aktyw PiS, kt\u00f3ry otrzyma\u0142 przekaz dnia, wedle kt\u00f3rego ta\u015bmy MM to odgrzewane kotlety, a przede wszystkim zemsta kapita\u0142u zagranicznego, kt\u00f3ry pozbawiony zosta\u0142 przez rz\u0105d MM mo\u017cliwo\u015bci transferu miliardowych zysk\u00f3w wysysanych z Polski. To zw\u0142aszcza robota kapita\u0142u niemieckiego i szwajcarskiego (w\u0142a\u015bciciele Onetu) oraz ich ekspozytury w Polsce. Kilka dni temu Schetyna by\u0142 u Merkel, otrzyma\u0142 instrukcje i wszystko jasne. Cios w polski rz\u0105d to dzia\u0142anie mi\u0119dzynarodowej zmowy i targowicy.<\/p>\n<p>Mimo wszystko s\u0105dz\u0119, \u017ce do wybor\u00f3w MM si\u0119 utrzyma, a jego los b\u0119dzie zale\u017ca\u0142 od ich wyniku. Na dwa tygodnie przed wyborami nie zmienia si\u0119 twarzy. Robi si\u0119 dobr\u0105 min\u0119 i czeka w napi\u0119ciu, czeg\u00f3\u017c to dowiemy si\u0119 jutro.<\/p>\n","protected":false},"excerpt":{"rendered":"<p>Nagrania nie \u015bwiadcz\u0105 dobrze o wiarygodno\u015bci MM \u2013 prawego polityka i gorliwego katolika.<\/p>\n","protected":false},"author":4,"featured_media":4859,"comment_status":"open","ping_status":"closed","sticky":false,"template":"","format":"standard","meta":{"footnotes":""},"categories":[1],"tags":[],"_links":{"self":[{"href":"https:\/\/blog.polityka.pl\/passent\/wp-json\/wp\/v2\/posts\/4846"}],"collection":[{"href":"https:\/\/blog.polityka.pl\/passent\/wp-json\/wp\/v2\/posts"}],"about":[{"href":"https:\/\/blog.polityka.pl\/passent\/wp-json\/wp\/v2\/types\/post"}],"author":[{"embeddable":true,"href":"https:\/\/blog.polityka.pl\/passent\/wp-json\/wp\/v2\/users\/4"}],"replies":[{"embeddable":true,"href":"https:\/\/blog.polityka.pl\/passent\/wp-json\/wp\/v2\/comments?post=4846"}],"version-history":[{"count":3,"href":"https:\/\/blog.polityka.pl\/passent\/wp-json\/wp\/v2\/posts\/4846\/revisions"}],"predecessor-version":[{"id":4858,"href":"https:\/\/blog.polityka.pl\/passent\/wp-json\/wp\/v2\/posts\/4846\/revisions\/4858"}],"wp:featuredmedia":[{"embeddable":true,"href":"https:\/\/blog.polityka.pl\/passent\/wp-json\/wp\/v2\/media\/4859"}],"wp:attachment":[{"href":"https:\/\/blog.polityka.pl\/passent\/wp-json\/wp\/v2\/media?parent=4846"}],"wp:term":[{"taxonomy":"category","embeddable":true,"href":"https:\/\/blog.polityka.pl\/passent\/wp-json\/wp\/v2\/categories?post=4846"},{"taxonomy":"post_tag","embeddable":true,"href":"https:\/\/blog.polityka.pl\/passent\/wp-json\/wp\/v2\/tags?post=4846"}],"curies":[{"name":"wp","href":"https:\/\/api.w.org\/{rel}","templated":true}]}}