
{"id":4848,"date":"2018-10-09T22:28:14","date_gmt":"2018-10-09T20:28:14","guid":{"rendered":"https:\/\/passent.blog.polityka.pl\/?p=4848"},"modified":"2018-10-10T12:51:54","modified_gmt":"2018-10-10T10:51:54","slug":"gdzie-jest-ojciec-chrzestny","status":"publish","type":"post","link":"https:\/\/blog.polityka.pl\/passent\/2018\/10\/09\/gdzie-jest-ojciec-chrzestny\/","title":{"rendered":"Gdzie jest ojciec chrzestny"},"content":{"rendered":"<p>Premier Morawiecki rozmawia\u0142 z Marcinem Makowskim (Do Rzeczy). Poniewa\u017c szef rz\u0105du (podobnie jak prezes PiS) nie udziela wywiad\u00f3w mediom niezale\u017cnym od rz\u0105du, nikt mu nie zadaje trudnych pyta\u0144 (np. gdzie jest wrak?), musimy wy\u017cywi\u0107 si\u0119 sami. Oto wybrane kwestie premiera w wywiadzie i moje uwagi.<!--more--><\/p>\n<p>PREMIER: Na pewno nie pod wszystkim, co tam (w restauracji Sowa i Przyjaciele \u2013 Pass.) m\u00f3wi\u0142em, podpisa\u0142bym si\u0119 dzisiaj, ale je\u015bli s\u0105 tacy, kt\u00f3rzy podczas takich rozm\u00f3w wszystko po latach mog\u0105 powt\u00f3rzy\u0107, to zazdroszcz\u0119.<br \/>\nUWAGA: Metoda MM jest prosta: Mo\u017ce zdarzy\u0142o mi si\u0119 nie przej\u015b\u0107 jezdni na pasach, ale je\u017celi s\u0105 tacy, kt\u00f3rzy zawsze przechodz\u0105 na pasach, to zazdroszcz\u0119. Szkoda, \u017ce dziennikarz nie zapyta\u0142 MM, czego ze swoich wypowiedzi pan premier by NIE powt\u00f3rzy\u0142. Ale redaktor jest \u0142agodny dla premiera.<\/p>\n<p>PREMIER: Kto nie przeklina, niech pierwszy rzuci kamieniem. By\u0107 mo\u017ce istniej\u0105 podobni \u015bwi\u0119ci, ale ja w obszarze prywatnym czasem u\u017cyj\u0119 niecenzuralnego s\u0142owa.<br \/>\nUWAGA: Ja, panie Premierze, jestem \u015bwi\u0119ty. Cho\u0107 mam 80+, nie znajdzie Pan cz\u0142owieka, kt\u00f3ry s\u0142ysza\u0142 jak kln\u0119. Zapewniam Pana \u2013 to nie jest trudne. Prosz\u0119 spr\u00f3bowa\u0107. Da Pan rad\u0119. To \u0142atwiejsze ni\u017c rzucenie palenia i Tuska.<\/p>\n<p>PREMIER : Przede wszystkim by\u0142em wtedy osob\u0105 prywatn\u0105, nie pe\u0142ni\u0142em \u017cadnej funkcji publicznej.<br \/>\nUWAGA: To kolejny chwyt MM \u2013 kiedy kl\u0105\u0142, by\u0142 osob\u0105 prywatn\u0105, by\u0142 tak\u017ce osob\u0105 prywatn\u0105, gdy obieca\u0142 pieni\u0105dze dla by\u0142ego polityka PO. Ciekawe pytanie: Na ile prezes wielkiego banku jest osob\u0105 prywatn\u0105? Kiedy prywatny prezes obiecuje wykombinowa\u0107 pieni\u0105dze dla polityka Grada i posad\u0119 dla syna polityka Czarneckiego, dzisiaj tak\u017ce pos\u0142a \u2013 to s\u0105 obyczaje prywatne czy mo\u017ce to \u201esklejenie\u201d \u015bwiata biznesu ze \u015bwiatem polityki, kt\u00f3re tak demaskuje prezes PiS?<\/p>\n<p>PREMIER: Ta\u015bmy to zemsta bandyt\u00f3w z mafii VAT-owskiej, kt\u00f3r\u0105 rz\u0105d pozbawi\u0142 miliard\u00f3w. \u201eWeszli\u015bmy ostro w to zwarcie. St\u0105d takie, a nie inne nast\u0119pstwa\u201d. \u201eB\u0119d\u0105 atakowa\u0107 wszelkimi metodami. Oskar\u017ca\u0107, insynuowa\u0107, straszy\u0107\u201d.<br \/>\nUWAGA: Czy wszystko mo\u017cna zwala\u0107 na mafi\u0119, a skoro tak, to kiedy zobaczymy pierwszych mafios\u00f3w na \u0142awie oskar\u017conych? Gdzie jest ojciec chrzestny? Czy Andrzej Stankiewicz i red. Gajcy s\u0105 na us\u0142ugach mafijnych boss\u00f3w, a Onet jest mafi\u0105 niemiecko-szwajcarsk\u0105?<\/p>\n<p>PREMIER: Chc\u0119 wierzy\u0107, \u017ce dziennikarze mieli dobre intencje.<br \/>\nUWAGA: Chce Pan wierzy\u0107 czy Pan wierzy?<\/p>\n<p>PREMIER: Korelacja tych wydarze\u0144 z uruchomieniem kolejnych urz\u0105dze\u0144 blokuj\u0105cych wy\u0142udzenia VAT oraz kontekst kampanii wyborczej niestety mno\u017cy pytania. (Dlaczego akurat teraz ukaza\u0142a si\u0119 ta publikacja i podlewa si\u0119 to \u201esosem pseudosensacji\u201d \u2013 Pass.).<br \/>\nUWAGA: To kolejny greps PiS: Odgrzewane kotlety, dlaczego akurat teraz, przed wyborami, po co robi\u0107 sensacj\u0119? Je\u015bli to s\u0105 odgrzewane kotlety, to s\u0105 smaczne. Dlaczego przez tyle lat wzmiank\u0105 o nabywaniu mieszkania na \u201es\u0142upy\u201d, gotowo\u015bci\u0105 wsparcia finansowego bankowca dla polityka PO oraz posad\u0105 dla innego polityka nie zaj\u0105\u0142 si\u0119 prokurator? No i gdzie jest wrak?<\/p>\n<p>Panu premierowi dzi\u0119kujemy za wyimaginowany wywiad, polecamy si\u0119 na przysz\u0142o\u015b\u0107.<\/p>\n","protected":false},"excerpt":{"rendered":"<p>Chwyt MM: kiedy kl\u0105\u0142, by\u0142 osob\u0105 prywatn\u0105, by\u0142 tak\u017ce osob\u0105 prywatn\u0105, gdy obieca\u0142 pieni\u0105dze dla by\u0142ego polityka PO.<\/p>\n","protected":false},"author":4,"featured_media":4359,"comment_status":"open","ping_status":"closed","sticky":false,"template":"","format":"standard","meta":{"footnotes":""},"categories":[1],"tags":[],"_links":{"self":[{"href":"https:\/\/blog.polityka.pl\/passent\/wp-json\/wp\/v2\/posts\/4848"}],"collection":[{"href":"https:\/\/blog.polityka.pl\/passent\/wp-json\/wp\/v2\/posts"}],"about":[{"href":"https:\/\/blog.polityka.pl\/passent\/wp-json\/wp\/v2\/types\/post"}],"author":[{"embeddable":true,"href":"https:\/\/blog.polityka.pl\/passent\/wp-json\/wp\/v2\/users\/4"}],"replies":[{"embeddable":true,"href":"https:\/\/blog.polityka.pl\/passent\/wp-json\/wp\/v2\/comments?post=4848"}],"version-history":[{"count":3,"href":"https:\/\/blog.polityka.pl\/passent\/wp-json\/wp\/v2\/posts\/4848\/revisions"}],"predecessor-version":[{"id":4852,"href":"https:\/\/blog.polityka.pl\/passent\/wp-json\/wp\/v2\/posts\/4848\/revisions\/4852"}],"wp:featuredmedia":[{"embeddable":true,"href":"https:\/\/blog.polityka.pl\/passent\/wp-json\/wp\/v2\/media\/4359"}],"wp:attachment":[{"href":"https:\/\/blog.polityka.pl\/passent\/wp-json\/wp\/v2\/media?parent=4848"}],"wp:term":[{"taxonomy":"category","embeddable":true,"href":"https:\/\/blog.polityka.pl\/passent\/wp-json\/wp\/v2\/categories?post=4848"},{"taxonomy":"post_tag","embeddable":true,"href":"https:\/\/blog.polityka.pl\/passent\/wp-json\/wp\/v2\/tags?post=4848"}],"curies":[{"name":"wp","href":"https:\/\/api.w.org\/{rel}","templated":true}]}}