
{"id":4860,"date":"2018-10-12T22:54:26","date_gmt":"2018-10-12T20:54:26","guid":{"rendered":"https:\/\/passent.blog.polityka.pl\/?p=4860"},"modified":"2018-10-13T00:00:06","modified_gmt":"2018-10-12T22:00:06","slug":"parodia-debaty","status":"publish","type":"post","link":"https:\/\/blog.polityka.pl\/passent\/2018\/10\/12\/parodia-debaty\/","title":{"rendered":"Parodia debaty"},"content":{"rendered":"<p>Telewizja Publiczna zorganizowa\u0142a \u201edebat\u0119 warszawsk\u0105\u201d z udzia\u0142em tr\u00f3jki dziennikarzy (TVP, Polsat, TVN24) i 14 kandydat\u00f3w (-ek) na prezydenta Warszawy. Pomys\u0142 chybiony, z g\u00f3ry skazany na niepowodzenie: dziennikarze mieli po 30 sekund na zadanie pytania, a kandydaci mieli po 45 (!) sekund na odpowied\u017a.<br \/>\n<!--more--><br \/>\nJak mo\u017cna odpowiedzie\u0107 na obszerne pytania &#8211; np. o to, czego jest za ma\u0142o albo za du\u017co w Warszawie, do kogo kandydaci adresuj\u0105 sw\u00f3j pogram, czy jest r\u00f3\u017cnica mi\u0119dzy \u201es\u0142oikami\u201d a rodowitymi warszawiakami \u2013 w 45 sekund?!<\/p>\n<p>To by\u0142a satyra debaty, powtarza\u0142y si\u0119 narzekania na piece (kopciuchy; oczywi\u015bcie wymieni\u0107), za ma\u0142o \u017c\u0142obk\u00f3w i przedszkoli (oczywi\u015bcie zbudowa\u0107), o s\u0142u\u017cbie zdrowia i sporcie nie m\u00f3wiono, o zaw\u0142aszczeniu pl. Pi\u0142sudskiego przez rz\u0105d nie wspomniano. Na tle ci\u0105gle tych samych bana\u0142\u00f3w zwraca\u0142a uwag\u0119 niestosowna wymiana uszczypliwo\u015bci Patryk Jaki\u2013Rafa\u0142 Trzaskowski, klasowy rys kandydat\u00f3w lewicy (Piotr Ikonowicz o r\u00f3\u017cnicach biedni\u2013bogaci w Warszawie), plus kilka g\u0142os\u00f3w rozs\u0105dku, w sumie jednak \u2013 strata czasu, katalog pobo\u017cnych \u017cycze\u0144 i pustych obietnic, kt\u00f3rych nie mo\u017cna by\u0142o podwa\u017cy\u0107, bo nie by\u0142o kiedy. Na dyskusj\u0119 nie by\u0142o ani chwili.<\/p>\n<p>Patryk Jaki kilkakrotnie wykorzystywa\u0142 sw\u00f3j status ministra i kandydata w\u0142adzy, m\u00f3wi\u0105c np., \u017ce ma zobowi\u0105zania rz\u0105du do sfinansowania jego obietnic (m.in. nowe linie metra i inne \u201edrobiazgi\u201d), czyli dalszy ci\u0105g korumpowania wyborc\u00f3w. Gospodyni programu Edyta Lewandowska \u2013 jak przysta\u0142o na TVP \u2013 pilnowa\u0142a, \u017ceby PiS-owi nie sta\u0142a si\u0119 krzywda.<\/p>\n<p>W sumie u progu d\u0142ugiego sezonu wyborczego \u2013 przestroga, jak nie nale\u017cy organizowa\u0107 debaty: za du\u017co uczestnik\u00f3w, za du\u017co deklamacji i deklaracji, zero dyskusji i wymiany my\u015bli. Jak mo\u017cna w 45 sekund oceni\u0107 dorobek Warszawy (jej w\u0142adz) w czasie minionych 8-12 lat? Jak mo\u017cna przedstawi\u0107 sw\u00f3j program w 45 sekund? I to wszystko ponad p\u00f3\u0142 wieku od pierwszych debat telewizyjnych w USA.<\/p>\n<p>W sumie \u2013 szkoda by\u0142o czasu i at\u0142asu.<\/p>\n","protected":false},"excerpt":{"rendered":"<p>Szkoda czasu i at\u0142asu.<\/p>\n","protected":false},"author":4,"featured_media":4864,"comment_status":"open","ping_status":"closed","sticky":false,"template":"","format":"standard","meta":{"footnotes":""},"categories":[1],"tags":[],"_links":{"self":[{"href":"https:\/\/blog.polityka.pl\/passent\/wp-json\/wp\/v2\/posts\/4860"}],"collection":[{"href":"https:\/\/blog.polityka.pl\/passent\/wp-json\/wp\/v2\/posts"}],"about":[{"href":"https:\/\/blog.polityka.pl\/passent\/wp-json\/wp\/v2\/types\/post"}],"author":[{"embeddable":true,"href":"https:\/\/blog.polityka.pl\/passent\/wp-json\/wp\/v2\/users\/4"}],"replies":[{"embeddable":true,"href":"https:\/\/blog.polityka.pl\/passent\/wp-json\/wp\/v2\/comments?post=4860"}],"version-history":[{"count":3,"href":"https:\/\/blog.polityka.pl\/passent\/wp-json\/wp\/v2\/posts\/4860\/revisions"}],"predecessor-version":[{"id":4863,"href":"https:\/\/blog.polityka.pl\/passent\/wp-json\/wp\/v2\/posts\/4860\/revisions\/4863"}],"wp:featuredmedia":[{"embeddable":true,"href":"https:\/\/blog.polityka.pl\/passent\/wp-json\/wp\/v2\/media\/4864"}],"wp:attachment":[{"href":"https:\/\/blog.polityka.pl\/passent\/wp-json\/wp\/v2\/media?parent=4860"}],"wp:term":[{"taxonomy":"category","embeddable":true,"href":"https:\/\/blog.polityka.pl\/passent\/wp-json\/wp\/v2\/categories?post=4860"},{"taxonomy":"post_tag","embeddable":true,"href":"https:\/\/blog.polityka.pl\/passent\/wp-json\/wp\/v2\/tags?post=4860"}],"curies":[{"name":"wp","href":"https:\/\/api.w.org\/{rel}","templated":true}]}}