
{"id":4870,"date":"2018-10-17T12:57:14","date_gmt":"2018-10-17T10:57:14","guid":{"rendered":"https:\/\/passent.blog.polityka.pl\/?p=4870"},"modified":"2018-10-17T14:20:33","modified_gmt":"2018-10-17T12:20:33","slug":"historia-srubokretem-pisana","status":"publish","type":"post","link":"https:\/\/blog.polityka.pl\/passent\/2018\/10\/17\/historia-srubokretem-pisana\/","title":{"rendered":"Historia \u015brubokr\u0119tem pisana"},"content":{"rendered":"<p>Ambasador i profesor Marek Grela, baczny obserwator sceny mi\u0119dzynarodowej, pisze:<\/p>\n<p>Polski ambasador przy Unii Europejskiej Marek Sado\u015b potajemnie (ale s\u0105 \u015bwiadkowie), w\u0142asnor\u0119cznie odkr\u0119ci\u0142 tabliczk\u0119 informuj\u0105c\u0105, \u017ce w 2011 r. \u00f3wczesny premier Donald Tusk w obecno\u015bci Jerzego Buzka, przewodnicz\u0105cego Parlamentu UE, oraz innych czo\u0142owych polityk\u00f3w unijnych, otworzyli siedzib\u0119 sta\u0142ego przedstawicielstwa Polski przy UE. Brukselskie \u201ePolitico\u201d nazywa Sadosia \u201eutalentowanym rzemie\u015blnikiem\u201d (handyman), czyli \u201ez\u0142ot\u0105 r\u0105czk\u0105\u201d.<!--more--><\/p>\n<p>W \u201ePolitico\u201d czytamy, \u017ce \u201ePolska zmienia histori\u0119\u201d. Po tablicy pozosta\u0142y tylko otwory na ko\u0142ki, a i te \u015blady znikn\u0119\u0142y. Co najmniej dw\u00f3ch \u015bwiadk\u00f3w widzia\u0142o, jak amb. Sado\u015b odkr\u0119ca\u0142 tablic\u0119. \u201eS\u0105dzi\u0107 nale\u017cy, \u017ce tablica nie podoba si\u0119 jego nowym szefom. Zadanie to ambasador wykona\u0142 w sam\u0105 por\u0119 przed kolejn\u0105 wizyt\u0105 premiera Morawieckiego na dzisiejszy szczyt w sprawie brexitu\u201d \u2013 napisa\u0142 Florian Eder, redaktor serwisu czytanego codziennie przez \u015bwiat polityczny i dyplomatyczny w Brukseli. \u201eDlaczego tablic\u0119 zdj\u0119to? Czy to jest pr\u00f3ba przepisywania historii, czy te\u017c odrzucenie estetyki z pocz\u0105tk\u00f3w XX wieku? Polskie przedstawicielstwo odm\u00f3wi\u0142o komentarza\u201d.<\/p>\n<p>My natomiast komentarza nie odm\u00f3wimy. Polski hydraulik, po podbiciu Unii, zrobi\u0142 karier\u0119 i zosta\u0142 obarczony kolejnym odpowiedzialnym zadaniem: pisaniem historii na nowo przy pomocy \u015brubokr\u0119ta. W Polsce dobra zmiana historii idzie pe\u0142n\u0105 par\u0105: Muzeum II Wojny \u015awiatowej, \u017co\u0142nierze wykl\u0119ci, Solidarno\u015b\u0107, Okr\u0105g\u0142y St\u00f3\u0142, transformacja, \u017cyciorysy, wymazywanie z historii \u2013 wszystko podlega przer\u00f3bce. Tak jak tabliczka na przedstawicielstwie Polski w UE. Wszak od dawna wiadomo, \u017ce polityka zagraniczna jest przed\u0142u\u017ceniem polityki wewn\u0119trznej.<\/p>\n","protected":false},"excerpt":{"rendered":"<p>Po tablicy pozosta\u0142y tylko otwory na ko\u0142ki.<\/p>\n","protected":false},"author":4,"featured_media":4875,"comment_status":"open","ping_status":"closed","sticky":false,"template":"","format":"standard","meta":{"footnotes":""},"categories":[1],"tags":[],"_links":{"self":[{"href":"https:\/\/blog.polityka.pl\/passent\/wp-json\/wp\/v2\/posts\/4870"}],"collection":[{"href":"https:\/\/blog.polityka.pl\/passent\/wp-json\/wp\/v2\/posts"}],"about":[{"href":"https:\/\/blog.polityka.pl\/passent\/wp-json\/wp\/v2\/types\/post"}],"author":[{"embeddable":true,"href":"https:\/\/blog.polityka.pl\/passent\/wp-json\/wp\/v2\/users\/4"}],"replies":[{"embeddable":true,"href":"https:\/\/blog.polityka.pl\/passent\/wp-json\/wp\/v2\/comments?post=4870"}],"version-history":[{"count":4,"href":"https:\/\/blog.polityka.pl\/passent\/wp-json\/wp\/v2\/posts\/4870\/revisions"}],"predecessor-version":[{"id":4874,"href":"https:\/\/blog.polityka.pl\/passent\/wp-json\/wp\/v2\/posts\/4870\/revisions\/4874"}],"wp:featuredmedia":[{"embeddable":true,"href":"https:\/\/blog.polityka.pl\/passent\/wp-json\/wp\/v2\/media\/4875"}],"wp:attachment":[{"href":"https:\/\/blog.polityka.pl\/passent\/wp-json\/wp\/v2\/media?parent=4870"}],"wp:term":[{"taxonomy":"category","embeddable":true,"href":"https:\/\/blog.polityka.pl\/passent\/wp-json\/wp\/v2\/categories?post=4870"},{"taxonomy":"post_tag","embeddable":true,"href":"https:\/\/blog.polityka.pl\/passent\/wp-json\/wp\/v2\/tags?post=4870"}],"curies":[{"name":"wp","href":"https:\/\/api.w.org\/{rel}","templated":true}]}}