
{"id":488,"date":"2008-09-21T09:21:17","date_gmt":"2008-09-21T07:21:17","guid":{"rendered":"http:\/\/passent.blog.polityka.pl\/?p=488"},"modified":"2008-09-21T09:30:47","modified_gmt":"2008-09-21T07:30:47","slug":"mysli-grzesznika","status":"publish","type":"post","link":"https:\/\/blog.polityka.pl\/passent\/2008\/09\/21\/mysli-grzesznika\/","title":{"rendered":"My\u015bli grzesznika"},"content":{"rendered":"<p><strong>Kontrowersje wok\u00f3\u0142 Trzech Kr\u00f3li ka\u017c\u0105 zastanowi\u0107 si\u0119, gdzie my jeste\u015bmy? Kraj, kt\u00f3ry przoduje w Europie pod wzgl\u0119dem dni wolnych od pracy (dwana\u015bcie, przy \u015bredniej europejskiej 9,6) dyskutuje, czy zafundowa\u0107 sobie kolejne \u015bwi\u0119to ko\u015bcielne. A wnioskodawc\u0105 tego projektu, jest PiS \u2013 partia zbiorowego k\u0142amstwa<\/strong>.<\/p>\n<p>Pos\u0142owie PiS, zamiast \u2013 jak pose\u0142 Cyma\u0144ski \u2013 wzywa\u0107 do kolejnego dnia modlitwy i \u017cycia rodzinnego 6 stycznia, powinni mniej grzeszy\u0107 na co dzie\u0144. Fakt, \u017ce oko\u0142o 20 pos\u0142\u00f3w tej partii wymy\u015bli\u0142o k\u0142amliwe usprawiedliwienia nieobecno\u015bci w Sejmie po to, \u017ceby oszuka\u0107 na 300 z\u0142otych, budzi zdumienie. Gdyby to zrobili \u201epostkomuni\u015bci\u201d z SLD albo \u201eafera\u0142y &#8211; libera\u0142y\u201d z Platformy, to by\u0142oby to zgodne z diagnoz\u0105 Jaros\u0142awa Kaczy\u0144skiego, \u017ce to wszystko korupcja, syfilis i malaria. Ale \u017ceby oszukiwali tak prawi ludzie jak Jaros\u0142aw Kaczy\u0144ski, kt\u00f3ry powiedzia\u0142, \u017ce w jego sekretariacie by\u0142o kilka usprawiedliwie\u0144 i widocznie zosta\u0142y pomylone, Zbigniew Ziobro (wstrzyma\u0142y go \u201ewa\u017cne sprawy poselskie\u201d), Pawe\u0142 Kowal (\u201ewzgl\u0119dy osobiste\u201d), Aleksander Szczyg\u0142o (\u201ewizytowa\u0142 okr\u0119g wyborczy\u201d) \u2013 to\u017c to katastrofa. Przecie\u017c wielu z nich by\u0142o tego dnia w Sejmie, tylko wyszli w ramach bojkotu, niekt\u00f3rzy nie umieli nawet k\u0142ama\u0107, jak ten pose\u0142, kt\u00f3ry przyzna\u0142, \u017ce kiedy pisa\u0142 usprawiedliwienie \u2013 by\u0142 przekonany, \u017ce pisa\u0142 prawd\u0119, a \u201e\u017ce to jest nieprawda, to inna rzecz\u201d.<\/p>\n<p>Mo\u017cna powiedzie\u0107, \u017ce ci ludzie nie maj\u0105 Boga w sercu. Inkwizytorzy, autorzy uniesienia moralnego i odnowy moralnej, czy\u015bciciele stajni Augiasza, jak\u0105 mia\u0142a by\u0107 III RP, sami okazali si\u0119 ma\u0142ymi, \u017ca\u0142osnymi grzesznikami. Gdyby zapyta\u0107, czy s\u0105 wierz\u0105cy \u2013 chyba wszyscy odpowiedzieliby twierdz\u0105co. Ale w co i w kogo ci ludzie wierz\u0105?<\/p>\n<p>Jak Szanowne Blogowisko zapewne pami\u0119ta, moj\u0105 ulubiona lektur\u0105 w mediach s\u0105 rozmaite przeprosiny za publiczne oszczerstwa. Nie mog\u0119 narzeka\u0107 \u2013 mam co czyta\u0107. \u201eJa, Janusz Kaczmarek o\u015bwiadczam \u2013 czytamy w p\u0142atnym og\u0142oszeniu na \u0142amach \u2018GW\u2019 \u2013 \u017ce w trakcie wywiadu w radiu RMF FM pe\u0142ni\u0105c funkcj\u0119 Ministra Spraw Wewn\u0119trznych i Administracji w rz\u0105dzie Jaros\u0142awa Kaczy\u0144skiego, wprowadzony w b\u0142\u0105d (! \u2013 Pass.) u\u017cy\u0142em s\u0142\u00f3w \u2018S\u0104 POLITYCY Z SLD, KT\u00d3RZY MAJ\u0104 SWOJE KONTA ZAGRANIC\u0104 (\u2026) ORAZ MAJ\u0104 DU\u017bE PIENI\u0104DZE NA TYCH KONTACH I S\u0104 TO PRAWDOPODOBNIE PIENI\u0104DZE POCHODZ\u0104CE ZE \u0179R\u00d3DE\u0141 PRZEST\u0118PCZYCH\u2019, co by\u0142o nieuzasadnione i z tego powodu wyra\u017cam ubolewanie (\u2026), Janusz Kaczmarek.\u201d<\/p>\n<p>Uwag\u0119 moj\u0105 zwr\u00f3ci\u0142y s\u0142owa \u201ewprowadzony w b\u0142\u0105d\u201d, czyli w ca\u0142e to oszczerstwo zamieszanych jest wi\u0119cej os\u00f3b, nie tylko Kaczmarek i jego szef \u2013 \u00f3wczesny premier, ale i owi dezinformatorzy. I zn\u00f3w, gdyby ich wszystkich zapyta\u0107 o ich przekonania religijne, us\u0142yszeliby\u015bmy zapewne, \u017ce s\u0105 wierz\u0105cy i praktykuj\u0105cy. Ale oszczerstwo, jakie zosta\u0142o rzucone, jest haniebne nawet w oczach zwyk\u0142ego poganina. Jak tacy ludzie mogli by\u0107 rzecznikami odnowy moralnej?<\/p>\n<p>Wielu ludzi, zw\u0142aszcza w Polsce, rozdziela swoje przekonania religijne od w\u0142asnego post\u0119powania. Ci ludzie wierz\u0105 od \u015bwi\u0119ta, ale nie w dni powszednie. Zgadzam si\u0119 z tym, co powiedzia\u0142 (w \u201eEuropie\u201d) Emanuel Todd, francuski historyk i antropolog: \u201eKomunizm doprowadzi\u0142 do odrodzenia Ko\u015bcio\u0142a tak\u017ce w Polsce. I w ostatecznym rozrachunku Ko\u015bci\u00f3\u0142 nie prze\u017cyje upadku komunizmu. Wystarczy przyjrze\u0107 si\u0119 statystykom narodzin w Polsce, by stwierdzi\u0107, \u017ce u was Ko\u015bci\u00f3\u0142 praktycznie nie istnieje.\u201d<\/p>\n<p>Todd m\u00f3wi o Ko\u015bciele j\u0119zykiem, jakiego si\u0119 u nas nie u\u017cywa: \u201eKo\u015bci\u00f3\u0142 od dawna nie jest ju\u017c pot\u0119g\u0105\u201d, \u201eca\u0142kowita pustka religijna\u201d, \u201edyskurs papieski w sprawach obyczajowych nikogo (we Francji) po prostu nie obchodzi\u201d, \u201ewielka religia katolicka ju\u017c nie istnieje\u201d.<\/p>\n<p>Nie chce wchodzi\u0107 w parafi\u0119 <a href=\"http:\/\/szostkiewicz.blog.polityka.pl\/\" target=\"_blank\"><strong>Adama Szostkiewicza<\/strong><\/a>, ale wyznam, \u017ce mnie \u2013 osob\u0119 niewierz\u0105c\u0105 \u2013 ten kryzys religijno\u015bci wcale nie cieszy, zw\u0142aszcza gdyby mia\u0142 on dotyczy\u0107 nie tylko katolicyzmu, ale i protestantyzmu. Bez chrze\u015bcija\u0144stwa, bez dekalogu, bez Biblii nie spos\u00f3b sobie wyobrazi\u0107 Europy i naszej cywilizacji. Mierzi mnie, kiedy politycy i dziennikarze publicznej telewizji m\u00f3wi\u0105 o papie\u017cu per \u201eOjciec \u015awi\u0119ty\u201d, kiedy czytam, \u017ce Adolf Eichmann uciek\u0142 z Europy za wiedz\u0105 i przy pomocy Watykanu, kiedy przyw\u00f3dca partyjny bierze \u015blub ko\u015bcielny po latach ma\u0142\u017ce\u0144stwa cywilnego, ale za to w przeddzie\u0144 wybor\u00f3w, a z drugiej strony ubolewam nad pustk\u0105 \u015bwiatopogl\u0105dow\u0105 i moraln\u0105, kt\u00f3re powoduj\u0105, \u017ce coraz wi\u0119cej ludzi nie ma ju\u017c \u017cadnych hamulc\u00f3w. Nawet religijnych.<\/p>\n<p>***<\/p>\n<p><strong>PS<\/strong>. \u201eEwa\u201d jest niezadowolona z posta \u201e<a href=\"http:\/\/passent.blog.polityka.pl\/?p=487\" target=\"_blank\"><strong>Donald \u2013 kandyduj!<\/strong><\/a>\u201d, wymarzy\u0142a sobie lepszego kandydata. Zgoda, ale czy mo\u017ce Pani poda\u0107 kilka nazwisk os\u00f3b, kt\u00f3re nie tylko maj\u0105 wi\u0119cej zalet ni\u017c Tusk (o to nietrudno), ale maj\u0105 za sob\u0105 takie poparcie partii, medi\u00f3w, biznesu i innych si\u0142, \u017ce mog\u0142yby wygra\u0107 z Lechem Kaczy\u0144skim? Prosz\u0119 \u201e\u015bmia\u0142o i po nazwiskach\u201d, to podyskutujemy.<\/p>\n<p>\u201ePielnia 1\u201d \u2013 ja nie mog\u0119 wyeliminowa\u0107 z bloga \u017cadnego dyskutanta, aczkolwiek niekt\u00f3re wypowiedzi czytam z za\u017cenowaniem. W sumie jednak \u2013 jestem pe\u0142en uznania dla wielu komentarzy i autor\u00f3w. Tworzymy wsp\u00f3lnot\u0119, kt\u00f3ra chyba dostarcza jej cz\u0142onkom du\u017co satysfakcji. Gdyby jeszcze niekt\u00f3rzy zechcieli si\u0119 streszcza\u0107. Zastanawiam si\u0119 nad ograniczeniem d\u0142ugo\u015bci wpis\u00f3w.<\/p>\n<p>Pozdrawiam i do zobaczenia za tydzie\u0144!<\/p>\n","protected":false},"excerpt":{"rendered":"<p>Kontrowersje wok\u00f3\u0142 Trzech Kr\u00f3li ka\u017c\u0105 zastanowi\u0107 si\u0119, gdzie my jeste\u015bmy? Kraj, kt\u00f3ry przoduje w Europie pod wzgl\u0119dem dni wolnych od pracy (dwana\u015bcie, przy \u015bredniej europejskiej 9,6) dyskutuje, czy zafundowa\u0107 sobie kolejne \u015bwi\u0119to ko\u015bcielne. A wnioskodawc\u0105 tego projektu, jest PiS \u2013 partia zbiorowego k\u0142amstwa. Pos\u0142owie PiS, zamiast \u2013 jak pose\u0142 Cyma\u0144ski \u2013 wzywa\u0107 do kolejnego dnia [&hellip;]<\/p>\n","protected":false},"author":4,"featured_media":0,"comment_status":"open","ping_status":"open","sticky":false,"template":"","format":"standard","meta":{"footnotes":""},"categories":[1],"tags":[],"_links":{"self":[{"href":"https:\/\/blog.polityka.pl\/passent\/wp-json\/wp\/v2\/posts\/488"}],"collection":[{"href":"https:\/\/blog.polityka.pl\/passent\/wp-json\/wp\/v2\/posts"}],"about":[{"href":"https:\/\/blog.polityka.pl\/passent\/wp-json\/wp\/v2\/types\/post"}],"author":[{"embeddable":true,"href":"https:\/\/blog.polityka.pl\/passent\/wp-json\/wp\/v2\/users\/4"}],"replies":[{"embeddable":true,"href":"https:\/\/blog.polityka.pl\/passent\/wp-json\/wp\/v2\/comments?post=488"}],"version-history":[{"count":0,"href":"https:\/\/blog.polityka.pl\/passent\/wp-json\/wp\/v2\/posts\/488\/revisions"}],"wp:attachment":[{"href":"https:\/\/blog.polityka.pl\/passent\/wp-json\/wp\/v2\/media?parent=488"}],"wp:term":[{"taxonomy":"category","embeddable":true,"href":"https:\/\/blog.polityka.pl\/passent\/wp-json\/wp\/v2\/categories?post=488"},{"taxonomy":"post_tag","embeddable":true,"href":"https:\/\/blog.polityka.pl\/passent\/wp-json\/wp\/v2\/tags?post=488"}],"curies":[{"name":"wp","href":"https:\/\/api.w.org\/{rel}","templated":true}]}}