
{"id":4882,"date":"2018-10-21T23:28:07","date_gmt":"2018-10-21T21:28:07","guid":{"rendered":"https:\/\/passent.blog.polityka.pl\/?p=4882"},"modified":"2018-10-22T00:26:33","modified_gmt":"2018-10-21T22:26:33","slug":"polska-wstaje-z-kolan","status":"publish","type":"post","link":"https:\/\/blog.polityka.pl\/passent\/2018\/10\/21\/polska-wstaje-z-kolan\/","title":{"rendered":"Polska wstaje z kolan"},"content":{"rendered":"<p>Do dzisiaj Polska ostatnich kilku lat wydawa\u0142a si\u0119 upokorzona i przegrana. W skali mi\u0119dzynarodowej \u015bwiadczy\u0142y o tym takie fakty jak \u201e27:1\u201d, powszechne odrzucenie polskiej reformy wymiaru sprawiedliwo\u015bci przez mi\u0119dzynarodowe autorytety oraz instytucje prawnicze, os\u0142abienie pozycji w USA (zamro\u017cenie stosunk\u00f3w na najwy\u017cszym szczeblu z powodu ustawy o IPN) i w Unii Europejskiej.<!--more--> W kraju symbolem upokorzenia by\u0142a Warszawa &#8211; miasto prze\u017carte przez korupcj\u0119, uk\u0142ady, z\u0142odziejsk\u0105 bezduszn\u0105 reprywatyzacj\u0119. Wreszcie rzucona na kolana opozycja, kt\u00f3ra bezsilnie obserwowa\u0142a, jak PiS gwa\u0142ci Polsk\u0119: prokuratur\u0119, najwy\u017csze trybuna\u0142y, TVP i Polskie Radio, s\u0142u\u017cb\u0119 cywiln\u0105, obron\u0119 narodow\u0105, s\u0142u\u017cb\u0119 zagraniczn\u0105, muzealnictwo, polityk\u0119 historyczn\u0105. Po stronie \u201eantypisu\u201d wyczuwa\u0142o si\u0119 gorycz pora\u017cki, brak lider\u00f3w i perspektyw, bezsilno\u015b\u0107 wobec triumfalnego pochodu PiS, m\u00f3wi\u0142o si\u0119, \u017ce ta partia, jak walec, niszczy wszystko, co ma na swojej drodze.<\/p>\n<p><a href=\"https:\/\/www.polityka.pl\/tygodnikpolityka\/kraj\/1768474,1,pis-wygrywa-sejmiki-opozycja-warszawe-wybory-samorzadowe-2018.read\">21 pa\u017adziernika 2018 ten walec zosta\u0142 w wielu miejscach zatrzymany<\/a>, a jego beneficjenci \u2013 rzuceni na kolana (jak w Warszawie, w Poznaniu, we Wroc\u0142awiu, Lublinie, Bia\u0142ymstoku czy w \u0141odzi) lub zepchni\u0119ci do defensywy. Wybory samorz\u0105dowe przede wszystkim pokaza\u0142y, \u017ce Polska to nie jest \u201eone man show\u201d, \u017ce kraj jest na trwale podzielony na dwa obozy, z kt\u00f3rych \u017caden nie jest w stanie usun\u0105\u0107 drugiego. Poniewa\u017c do dzisiaj wydawa\u0142o si\u0119, \u017ce PiS dominuje absolutnie i w najbli\u017cszej przysz\u0142o\u015bci nieodwracalnie, wynik wybor\u00f3w jest dla Koalicji Obywatelskiej i dla PSL zach\u0119caj\u0105cy. Panowie Kaczy\u0144ski, Morawiecki i Jaki nie maj\u0105 dzi\u015b powod\u00f3w do rado\u015bci. Spo\u015br\u00f3d nich \u2013 o dziwo! \u2013 tylko ten ostatni ju\u017c w pierwszych s\u0142owach pogratulowa\u0142 zwyci\u0119zcy. Szkoda, \u017ce Rafa\u0142 Trzaskowski, dzi\u0119kuj\u0105c wielu osobom, nie podzi\u0119kowa\u0142 Patrykowi Jakiemu, kt\u00f3ry nie jest moim faworytem, ale by\u0142aby to jaka\u015b zapowied\u017a zmiany klimatu na lepszy. Na pewno cieszy rekordowa frekwencja, kt\u00f3ra \u015bwiadczy, \u017ce ro\u015bnie \u015bwiadomo\u015b\u0107 obywatelska, poczucie odpowiedzialno\u015bci, a rezygnacja ust\u0119puje mobilizacji.<\/p>\n<p>Koalicja Obywatelska mo\u017ce m\u00f3wi\u0107 o zwyci\u0119stwie w wielu miastach, ale Zjednoczona Prawica mo\u017ce by\u0107 zadowolona ze wzrostu poparcia w wyborach do sejmik\u00f3w w skali ca\u0142ego kraju, w 9 wojew\u00f3dztwach. \u015awietny wynik (16,6 %) uzyska\u0142o PSL, o kt\u00f3rym mo\u017cna powiedzie\u0107, \u017ce wsta\u0142o z kolan. Jest to wynik co prawda gorszy ni\u017c 4 lata temu, ale tamten wynik \u2013 jak pami\u0119tamy \u2013 by\u0142 do pewnego stopnia skutkiem okoliczno\u015bci (nr 1 na li\u015bcie, pierwsza kartka w ksi\u0105\u017ceczce), wynik obecny nie b\u0119dzie kwestionowany i zosta\u0142 osi\u0105gni\u0119ty mimo zaciek\u0142ych atak\u00f3w PiS na wsi.<\/p>\n<p>W Platformie umocni\u0142a si\u0119 pozycja Grzegorza Schetyny (co nie wszyscy uwa\u017caj\u0105 za najlepsze wyj\u015bcie na przysz\u0142o\u015b\u0107) i \u2013 oczywi\u015bcie \u2013 Rafa\u0142a Trzaskowskiego, kt\u00f3ry na razie nie aspiruje do samodzielnej roli politycznej. Po stronie PiS nie ma zwyci\u0119zc\u00f3w, gdy\u017c pora\u017cka jest sierot\u0105. Premier Morawiecki straci\u0142 wizerunek wynios\u0142ego technokraty na rzecz bezwzgl\u0119dnego dzia\u0142acza partyjnego, zdolnego do agresji, demagogii i k\u0142amstwa. Prezes Kaczy\u0144ski cudu nie dokona\u0142, ale pozostaje liderem, kt\u00f3rego przyw\u00f3dztwa nikt otwarcie na prawicy nie b\u0119dzie kwestionowa\u0142, natomiast walka o sched\u0119 si\u0119 zaostrzy. Ziobry nikt nie ruszy, ale straci na wadze m.in. z powodu oporu wobec reformy s\u0105downictwa, decyzji Trybuna\u0142u Sprawiedliwo\u015bci UE, a tak\u017ce brutalnego spotu, wedle kt\u00f3rego g\u0142osowanie na PO to zaproszenie dla przest\u0119pc\u00f3w przebranych za uchod\u017ac\u00f3w.<\/p>\n<p>Je\u017celi obecne tendencje si\u0119 utrzymaj\u0105, to PiS (Zjednoczona Prawica) z powodu niskiej zdolno\u015bci koalicyjnej (kl\u0119ska Kukiz \u201915) mo\u017ce nie skonsumowa\u0107 swojego prymatu w 9 wojew\u00f3dztwach, a nawet straci\u0107 w\u0142adz\u0119 w parlamencie.<\/p>\n<p>Podzielam pogl\u0105d senatora Marka Borowskiego, \u017ce by\u0142y to \u201ewybory o wolno\u015b\u0107\u201d. Znaczna cz\u0119\u015b\u0107 spo\u0142ecze\u0144stwa, zw\u0142aszcza w miastach, powiedzia\u0142a obecnej w\u0142adzy \u201eNie\u201d \u2013 nie dla monopolu, cenzury, autorytaryzmu, korupcji, rozszarpywaniu sp\u00f3\u0142ek Skarbu Pa\u0144stwa, izolacji na arenie mi\u0119dzynarodowej. Wynik wybor\u00f3w nie oznacza jednak wzmocnienia lewicy, wr\u0119cz przeciwnie \u2013 Polska postawi\u0142a na obliczalne centrum.<\/p>\n","protected":false},"excerpt":{"rendered":"<p>To by\u0142y \u201ewybory o wolno\u015b\u0107\u201d. Cz\u0119\u015b\u0107 spo\u0142ecze\u0144stwa powiedzia\u0142a \u201eNie\u201d.<\/p>\n","protected":false},"author":4,"featured_media":4889,"comment_status":"open","ping_status":"closed","sticky":false,"template":"","format":"standard","meta":{"footnotes":""},"categories":[1],"tags":[],"_links":{"self":[{"href":"https:\/\/blog.polityka.pl\/passent\/wp-json\/wp\/v2\/posts\/4882"}],"collection":[{"href":"https:\/\/blog.polityka.pl\/passent\/wp-json\/wp\/v2\/posts"}],"about":[{"href":"https:\/\/blog.polityka.pl\/passent\/wp-json\/wp\/v2\/types\/post"}],"author":[{"embeddable":true,"href":"https:\/\/blog.polityka.pl\/passent\/wp-json\/wp\/v2\/users\/4"}],"replies":[{"embeddable":true,"href":"https:\/\/blog.polityka.pl\/passent\/wp-json\/wp\/v2\/comments?post=4882"}],"version-history":[{"count":7,"href":"https:\/\/blog.polityka.pl\/passent\/wp-json\/wp\/v2\/posts\/4882\/revisions"}],"predecessor-version":[{"id":4890,"href":"https:\/\/blog.polityka.pl\/passent\/wp-json\/wp\/v2\/posts\/4882\/revisions\/4890"}],"wp:featuredmedia":[{"embeddable":true,"href":"https:\/\/blog.polityka.pl\/passent\/wp-json\/wp\/v2\/media\/4889"}],"wp:attachment":[{"href":"https:\/\/blog.polityka.pl\/passent\/wp-json\/wp\/v2\/media?parent=4882"}],"wp:term":[{"taxonomy":"category","embeddable":true,"href":"https:\/\/blog.polityka.pl\/passent\/wp-json\/wp\/v2\/categories?post=4882"},{"taxonomy":"post_tag","embeddable":true,"href":"https:\/\/blog.polityka.pl\/passent\/wp-json\/wp\/v2\/tags?post=4882"}],"curies":[{"name":"wp","href":"https:\/\/api.w.org\/{rel}","templated":true}]}}