
{"id":489,"date":"2008-09-26T16:42:07","date_gmt":"2008-09-26T14:42:07","guid":{"rendered":"http:\/\/passent.blog.polityka.pl\/?p=489"},"modified":"2008-09-26T16:45:38","modified_gmt":"2008-09-26T14:45:38","slug":"dziesiec-do-jednego","status":"publish","type":"post","link":"https:\/\/blog.polityka.pl\/passent\/2008\/09\/26\/dziesiec-do-jednego\/","title":{"rendered":"Dziesi\u0119\u0107 do jednego"},"content":{"rendered":"<p>Bojkot TVN przez PiS nie odni\u00f3s\u0142 skutku i ma trwa\u0107 nadal. Prezes Kaczy\u0144ski i &#8222;his masters\u2019 voice&#8221; pose\u0142 Gosiewski uskar\u017caj\u0105 si\u0119 w szczeg\u00f3lno\u015bci na system &#8222;czterech na jednego&#8221;, kiedy to zaproszony do studia polityk PiS lub zwolennik tej partii (pp. Migalski, Zybertowicz i im podobni) zostaje zakrzyczany przez pozosta\u0142\u0105 czw\u00f3rk\u0119.\u00a0 Biedacy z PiS nie mog\u0105 sobie da\u0107 rady ze sfor\u0105 adwersarzy.<\/p>\n<p><em>Nec Herkules contra plures<\/em>, zdaje si\u0119 m\u00f3wi\u0107 Kaczy\u0144ski. Wysuwanie takiego zarzutu przez PiS jest (<strong>a<\/strong>) bezpodstawne, poniewa\u017c takich praktyk i proporcji w prywatnych telewizjach nie ma. (<strong>b<\/strong>) Jest wysoce niestosowne, kiedy skar\u017cy si\u0119 partia, kt\u00f3ra z dnia na dzie\u0144 obsadzi\u0142a i do dzi\u015b trzyma media publiczne, z PAP, TVP i PR na czele, w proporcji znacznie wy\u017cszej ni\u017c 10:1. (<strong>c<\/strong>) Taka praktyka, owszem, jest stosowana, ale w TVP, i to przez ulubie\u0144ca braci K., Bronis\u0142awa Wildsteina.<\/p>\n<p>W szeroko reklamowanym przez TVP programie B.W. o &#8222;aferze Rywina&#8221; wypowiadali si\u0119: Robert Kwiatkowski (kt\u00f3ry s\u0142u\u017cy\u0142 za alibi, \u017ce g\u0142os mia\u0142y obie strony) oraz ch\u00f3r zwolennik\u00f3w sejmowego raportu pi\u00f3ra Zbigniewa Ziobry, a mianowicie panowie Ziobro, Rokita, Na\u0142\u0119cz, Zaremba, Ziemkiewicz, Jachowicz, Wildstein, redaktor &#8222;Gazety Polskiej&#8221; oraz m\u0142odzi wychowankowie B.W. Licz\u0105c tylko doros\u0142ych &#8211; przynajmniej 8:1, a z m\u0142odzie\u017c\u0105 10:1. M\u0142odzie\u017c od B.W. spontanicznie zadawa\u0142a pytania w rodzaju &#8222;Co ten Kwiatkowski tu jeszcze robi?&#8221;, &#8222;dlaczego nie wyci\u0105gn\u0105\u0142 wniosk\u00f3w i kr\u0119ci si\u0119 ko\u0142o medi\u00f3w?&#8221;.<\/p>\n<p>Zar\u00f3wno je\u015bli chodzi o dob\u00f3r uczestnik\u00f3w, jak i ich wypowiedzi, by\u0142 to program tak tendencyjny i jednostronny, \u017ce gdyby podobny pokaza\u0142a telewizja prywatna &#8211; prezes zwymy\u015bla\u0142by j\u0105 od najgorszych (&#8222;pod wzgl\u0119dem tendencyjno\u015bci nie mamy z tymi panami szans&#8221;).<\/p>\n<p>Program Wildsteina powt\u00f3rzy\u0142 wszystkie zakl\u0119cia PiS i Platformy nt. afery (zmowa postkomunist\u00f3w z Michnikiem etc.), ale nieoczekiwanie pojawi\u0142 si\u0119 nowy akcent na temat grupy trzymaj\u0105cej w\u0142adz\u0119. Poniewa\u017c GTW nie uda\u0142o si\u0119 ustali\u0107 i przyszpili\u0107, teraz red. Wildstein nazywa j\u0105 &#8222;metafor\u0105&#8221;, a Rokita uznaje to za &#8222;przeno\u015bni\u0119 literack\u0105&#8221;. \u0141adna to alegoria, skoro ci sami panowie jeszcze kilka lat temu sypali konkretnymi nazwiskami i domagali si\u0119 ukarania winnych. Po tym, jak bezskutecznie usi\u0142owa\u0142y to oczekiwanie zaspokoi\u0107 trzy\u00a0 prokuratury, w tym jedna pod \u015bcis\u0142ym nadzorem samego Ziobry, okazuje si\u0119, \u017ce chodzi o metafor\u0119, przeno\u015bni\u0119, enigm\u0119. Nikt nie chce nakr\u0119ci\u0107 scenariusza napisanego przez pp. Na\u0142\u0119cza, Rokit\u0119 i Ziobr\u0119, a przecie\u017c wytw\u00f3rnia filmowa PiS (patrz dreszczowiec z Hotelu Marriott) jest w stanie wykr\u0119ci\u0107 niejeden numer.<\/p>\n<p>Okazuje si\u0119, \u017ce zamiast konkretnej GTW &#8211; mamy m\u0119tn\u0105 alegori\u0119, metafor\u0119, enigm\u0119. Ta metafora to \u00f3wczesna w\u0142adza, kt\u00f3ra sko\u0144czy\u0142a si\u0119 wraz z &#8222;afer\u0105 Rywina&#8221;, ale poniewa\u017c ca\u0142\u0105 w\u0142adz\u0119, a zw\u0142aszcza ca\u0142\u0105 Trzeci\u0105 RP trudno wsadzi\u0107 do wi\u0119zienia, w ich imieniu poszed\u0142 siedzie\u0107 Rywin, a my pozostajemy w \u015bwiecie metafory.<\/p>\n<p>Pod jednym wzgl\u0119dem Jan Rokita mia\u0142 racj\u0119 &#8211; wraz z t\u0105 afer\u0105 sko\u0144czy\u0142a si\u0119 dotychczasowa lewica w Polsce. Teraz mamy rz\u0105dy prawicy i jej telewizj\u0119, nadaj\u0105c\u0105 w systemie 10:1.<\/p>\n","protected":false},"excerpt":{"rendered":"<p>Bojkot TVN przez PiS nie odni\u00f3s\u0142 skutku i ma trwa\u0107 nadal. Prezes Kaczy\u0144ski i &#8222;his masters\u2019 voice&#8221; pose\u0142 Gosiewski uskar\u017caj\u0105 si\u0119 w szczeg\u00f3lno\u015bci na system &#8222;czterech na jednego&#8221;, kiedy to zaproszony do studia polityk PiS lub zwolennik tej partii (pp. Migalski, Zybertowicz i im podobni) zostaje zakrzyczany przez pozosta\u0142\u0105 czw\u00f3rk\u0119.\u00a0 Biedacy z PiS nie mog\u0105 [&hellip;]<\/p>\n","protected":false},"author":4,"featured_media":0,"comment_status":"open","ping_status":"open","sticky":false,"template":"","format":"standard","meta":{"footnotes":""},"categories":[1],"tags":[],"_links":{"self":[{"href":"https:\/\/blog.polityka.pl\/passent\/wp-json\/wp\/v2\/posts\/489"}],"collection":[{"href":"https:\/\/blog.polityka.pl\/passent\/wp-json\/wp\/v2\/posts"}],"about":[{"href":"https:\/\/blog.polityka.pl\/passent\/wp-json\/wp\/v2\/types\/post"}],"author":[{"embeddable":true,"href":"https:\/\/blog.polityka.pl\/passent\/wp-json\/wp\/v2\/users\/4"}],"replies":[{"embeddable":true,"href":"https:\/\/blog.polityka.pl\/passent\/wp-json\/wp\/v2\/comments?post=489"}],"version-history":[{"count":0,"href":"https:\/\/blog.polityka.pl\/passent\/wp-json\/wp\/v2\/posts\/489\/revisions"}],"wp:attachment":[{"href":"https:\/\/blog.polityka.pl\/passent\/wp-json\/wp\/v2\/media?parent=489"}],"wp:term":[{"taxonomy":"category","embeddable":true,"href":"https:\/\/blog.polityka.pl\/passent\/wp-json\/wp\/v2\/categories?post=489"},{"taxonomy":"post_tag","embeddable":true,"href":"https:\/\/blog.polityka.pl\/passent\/wp-json\/wp\/v2\/tags?post=489"}],"curies":[{"name":"wp","href":"https:\/\/api.w.org\/{rel}","templated":true}]}}