
{"id":4898,"date":"2018-10-26T18:15:12","date_gmt":"2018-10-26T16:15:12","guid":{"rendered":"https:\/\/passent.blog.polityka.pl\/?p=4898"},"modified":"2018-10-26T18:47:53","modified_gmt":"2018-10-26T16:47:53","slug":"najlepszy-jest-smiech-do-lez","status":"publish","type":"post","link":"https:\/\/blog.polityka.pl\/passent\/2018\/10\/26\/najlepszy-jest-smiech-do-lez\/","title":{"rendered":"Najlepszy jest \u015bmiech do \u0142ez"},"content":{"rendered":"<p>Po wyborach postanowi\u0142em uda\u0107 si\u0119 na kuracj\u0119 odwykow\u0105, odpocz\u0105\u0107 od polityki, \u017ceby nabra\u0107 si\u0142 do&#8230; nast\u0119pnych wybor\u00f3w, tym razem europejskich. Z zapartym tchem b\u0119d\u0119 \u015bledzi\u0142, jak Beata Szyd\u0142o nabiera europejskiego szlifu, czy b\u0119dzie elegancka jak Ryszard Czarnecki, m\u0105dra jak prof. Legutko i nauczy si\u0119 j\u0119zyka belgijskiego. Od czasu do czasu kto\u015b g\u0142\u0119boko zatroskany pyta mnie, co b\u0119dzie, jak PiS ju\u017c wygra wszystko. Nie wiem, jak b\u0119dzie, ale \u015bmiesznie b\u0119dzie na pewno.<br \/>\n<!--more--><br \/>\nDzisiejsza \u201eWyborcza\u201d przynosi artyku\u0142 \u201eDlaczego warto si\u0119 \u015bmia\u0107\u201d, z kt\u00f3rego dowiadujemy si\u0119 m.in., \u017ce uczeni na Uniwersytecie Kalifornijskim wyr\u00f3\u017cnili 19 rodzaj\u00f3w \u015bmiechu, ale najlepszy jest \u015bmiech do \u0142ez &#8211; zw\u0142aszcza dla serca. Osoby, kt\u00f3re cz\u0119\u015bciej si\u0119 u\u015bmiechaj\u0105, cz\u0119\u015bciej awansuj\u0105 (widocznie prezes Obajtek z Orlenu cz\u0119sto si\u0119 u\u015bmiecha i wie, do kogo, bo idzie w g\u00f3r\u0119 jak burza. Cz\u0119sto u\u015bmiechaj\u0105 si\u0119 te\u017c Misiewicze). Czy nie by\u0142o \u015bmiesznie, kiedy prezes Kaczy\u0144ski m\u00f3wi\u0142 wczoraj na wiecu w Siedlcach: \u201eW Polsce mamy dzisiaj, niestety, wojn\u0119 totaln\u0105, kt\u00f3r\u0105 nam wypowiedzia\u0142a opozycja. A my chcemy zgody i pokoju. Chcemy zgody, wsp\u00f3\u0142pracy, chcemy tego wsp\u00f3lnego celu. R\u00f3wnych pensji w Polsce, kt\u00f3ra nie ust\u0119puje pa\u0144stwom na Zach\u00f3d od naszych granic\u201d?<\/p>\n<p>Prawda, \u017ce mo\u017cna p\u0119kn\u0105\u0107 ze \u015bmiechu? Oni chc\u0105 pokoju! Z kim, do jasnej cholery, oni chc\u0105 pokoju, z kim prezes chce zgody? Z cz\u0142onkami S\u0105du Najwy\u017cszego, kt\u00f3rym obci\u0119to togi na wysoko\u015bci 65 cm nad ziemi\u0105? Z s\u0119dziami, kt\u00f3rzy kradn\u0105 kie\u0142bas\u0119 i zbijaj\u0105 b\u0105ki na Tajlandii? Z komunistycznymi z\u0142ogami, kt\u00f3rych nie da si\u0119 zcyklinowa\u0107 w lochach MSZ? Ze zdradzieckimi mordami? Z \u201epracownikami medi\u00f3w, z kt\u00f3rych wi\u0119kszo\u015b\u0107 nale\u017cy do naszych przeciwnik\u00f3w (Mateusz Morawiecki)?<\/p>\n<p>Czy\u017c nie jest \u015bmieszne m\u00f3wienie o r\u00f3wnych pensjach w Polsce? Czy chodzi o to, \u017ceby w Polsce wszyscy mieli r\u00f3wne pensje (ten eksperyment si\u0119 nie uda\u0142), czy te\u017c \u017ceby\u015bmy mieli pensje takie jak, dajmy na to, w Niemczech lub w Austrii? Je\u017celi to drugie \u2013 to jestem za, ale to si\u0119 pr\u0119dko nie zdarzy. A w d\u0142ugim okresie \u2013 jak powiedzia\u0142 znany ekonomista brytyjski J.M. Keynes \u2013 wszyscy b\u0119dziemy martwi. (Inna sprawa: jak on si\u0119 o tym dowiedzia\u0142?). Jedno i drugie bez sensu.<\/p>\n<p>Czy\u017c nie s\u0105 \u015bmieszni nasi sztandarowi ambasadorowie \u2013 ekscelencja Sado\u015b w\u0142asnymi r\u0119koma odkr\u0119ca tabliczk\u0119 z naszego przedstawicielstwa przy UE w Brukseli (dobrze, \u017ce nie odkr\u0119ci\u0142 Polski od Unii Europejskiej \u2013 skomentowa\u0142 Tusk). Ekscelencja prof. Przy\u0142\u0119bski (Berlin) tak si\u0119 zdenerwowa\u0142 polsko-niemieckim forum, z obecno\u015bci\u0105 prezydenta Dudy, \u017ce a\u017c si\u0119 poskar\u017cy\u0142 na Rozali\u0119 Romaniec, polsk\u0105 dziennikark\u0119, kt\u00f3r\u0105 &#8222;Deutsche Welle&#8221; wybra\u0142o na swoj\u0105 moderatork\u0119. Podobno pani Rozalia by\u0142a negatywnie nastawiona, a w dodatku zebrani na sali buczeli (nie zdradz\u0119, na kogo). Niniejszym o\u015bwiadczam, \u017ce znam obywatelk\u0119 Romaniec Rozali\u0119, kt\u00f3r\u0105 widzia\u0142em w Berlinie i w Warszawie, gdzie w duchu patriotycznym oprowadza\u0142a grup\u0119 dziennikarek i dziennikarzy niemieckoj\u0119zycznych.<\/p>\n<p>Moim zdaniem pani Rozalia nie bucza\u0142a, buczeli natomiast obro\u0144cy starych \u017car\u00f3wek, kt\u00f3rych nie mog\u0105 kupi\u0107 na skutek bezsensownych regulacji unijnych. Przy za\u015bwieconej \u017car\u00f3wce najlepiej wida\u0107, jak Unia ogranicza nasz\u0105 suwerenno\u015b\u0107. Gdzie\u017c, ach gdzie\u017c dostaniemy teraz \u015bwiec\u00f3wk\u0119 z szerokim i mleczn\u0105 z w\u0105skim gwintem? Chyba tylko w Szwajcarii i w Norwegii \u2013 tam, gdzie jest najdro\u017cej. Tak Unia \u015bwieci w oczy najbiedniejszym swoim mieszka\u0144com.<\/p>\n<p>A pieni\u0105dze si\u0119 ko\u0144cz\u0105. Jeszcze niedawno by\u0142y na wszystko \u2013 500 plus, wcze\u015bniejsze emerytury, jachty i regaty dla poprawy wizerunku, wyprawki szkolne dla senior\u00f3w i darmowe lekarstwa dla dzieci (czy odwrotnie?). Teraz okazuje si\u0119, \u017ce pieni\u0119dzy nie starcza i trzeba opodatkowa\u0107 milioner\u00f3w. Dobrze im tak! Ja bym im jeszcze zabra\u0142. A wybory s\u0105 wygrane i to jest w demokracji najwa\u017cniejsze.<\/p>\n<p>\u015amiech to zdrowie, owszem, ale pod warunkiem \u017ce jest to \u015bmiech zdrowy, konstruktywny. Dlatego ironiczne prze\u015bmiewki i z\u0142o\u015bliwe komentarze na wie\u015b\u0107 o kolejnej kolizji, pardon, \u201ezdarzeniu drogowym\u201d limuzyny BOR, pardon, SOP, z pani\u0105 premier, pardon, wicepremier Szyd\u0142o, s\u0105 niestosowne, nie na miejscu. Nie nale\u017cy si\u0119 \u015bmia\u0107 z cudzego nieszcz\u0119\u015bcia, nawet je\u015bli jest na w\u0142asne \u017cyczenie. Nic si\u0119 nie sta\u0142o, Polacy, to tylko st\u0142uczka &#8211; zapewni\u0142a nasza Beatka, ulubienica twardego elektoratu. Prz\u00f3d si\u0119 wymieni, ty\u0142 si\u0119 wyklepie i nie ma co szczerzy\u0107 z\u0119b\u00f3w, tylko praca, pokora i naprz\u00f3d do nast\u0119pnych wybor\u00f3w, do Brukseli \u2013 tam ju\u017c czeka polski mechanik ze \u015brubokr\u0119tem.<\/p>\n<p><strong>PODZI\u0118KOWANIE<\/strong><\/p>\n<p>Po pi\u0119ciu latach dobieg\u0142 ko\u0144ca program Radia TOK FM \u201eGo\u015bcie Passenta\u201d (wtorki po godz. 20) oraz inne programy emitowane w tym pa\u015bmie w pozosta\u0142e dni tygodnia. W tym czasie mieli\u015bmy zaszczyt przyjmowa\u0107 w studiu znakomitych go\u015bci, kt\u00f3rzy byli sol\u0105 i ozdob\u0105 naszego programu. Wszystkim jeste\u015bmy bardzo wdzi\u0119czni za gotowo\u015b\u0107, udzia\u0142 i pomoc (czasami \u201elast minute\u201d), za wieczorne dojazdy, za przyprowadzane dzieci, za niezr\u00f3wnan\u0105 kompetencj\u0119 i przyjacielsk\u0105 atmosfer\u0119. Serdecznie dzi\u0119kujemy s\u0142uchaczkom i s\u0142uchaczom za wierno\u015b\u0107, a Radiu TOK FM za stworzon\u0105 nam mo\u017cliwo\u015b\u0107 i doskona\u0142\u0105 wsp\u00f3\u0142prac\u0119.<\/p>\n<p>Oto niekt\u00f3rzy go\u015bcie, kt\u00f3rych uda\u0142o nam si\u0119 wycisn\u0105\u0107 z notatek, z pami\u0119ci i z powietrza, bez \u017cadnej kolejno\u015bci, bez tytu\u0142\u00f3w naukowych i dyplomatycznych, bez stopni wojskowych i innych zas\u0142ug: Jaros\u0142aw Guga\u0142a, Adam Michnik, \u0141ukasz Warzecha, Pawe\u0142 Kowal, Karol Modzelewski, Piotr W\u0119gle\u0144ski, Joanna Mucha, Miros\u0142awa Grabowska, Jerzy Baczy\u0144ski, Zdzis\u0142aw Pietrasik, Andrzej Michta, Bogus\u0142aw Chrabota, Dorota Warakomska, Janusz Reiter, Piotr Semka, Pawe\u0142 Wro\u0144ski, Dariusz Kar\u0142owicz, Jadwiga Staniszkis, Dariusz Stola, Tomasz Na\u0142\u0119cz, Aleksander Kwa\u015bniewski, Bronis\u0142aw Komorowski, Stanis\u0142aw Koziej, Gabriela Lesser, Klaus Bachmann, Agata Bielik-Robson, Cezary Michalski, El\u017cbieta Chojna-Duch, Wojciech Pszoniak, Ewa \u0141\u0119towska, Marek Ostrowski, Alina Ca\u0142a, J\u00f3zef Pinior, Wac\u0142aw Radziwinowicz, Jerzy Kochanowski, Zbigniew Bujak, Cezary Szczylik, Anna Materska-Sosnowska, Renata Mie\u0144kowska-Norkiene, Bartosz W\u0119glarczyk, Renata Kim, Witold Ru\u017cy\u0142\u0142o, Magdalena Wysocka, Karolina Wigura, Leszek Ja\u017cd\u017cewski, Jaros\u0142aw Makowski, Jan Ordy\u0144ski, Grzegorz Rzeczkowski, Roman Imielski, Joanna Mizio\u0142ek, \u0141ukasz Paw\u0142owski, Zbigniew Ho\u0142dys, Eliza Michalik, Eliza Olczyk, Marcin Celi\u0144ski, Andrzej Rychard, Rafa\u0142 Chwedoruk, Krystyna Skar\u017cy\u0144ska, Lejb Fogelman, Andrzej Olechowski, Andrzej Celi\u0144ski, Jan Hartman, Adam Szostkiewicz, Jaros\u0142aw Guga\u0142a, Aleksander Pociej, Jerzy Eisler, Przemys\u0142aw Szubartowicz, Bartosz Wieli\u0144ski, Adam Krzemi\u0144ski, Anna Maria Dyner, Jacek Dubois, Monika G\u0105siorowska, Maciej Koz\u0142owski, Monika P\u0142atek, Katarzyna Kasia, Zbigniew Lewicki, Pawe\u0142 Lenartowicz, Marcin Zar\u00f3d, Adam Grzeszak, Jacek Krawczyk, Mariusz Szpikowski, Tomasz Wo\u0142ek, Ewa Siedlecka, Jan Truszczy\u0144ski, Robert Felu\u015b, Piotr Sarzy\u0144ski, Piotr Ciszewski, Piotr Zychowicz, Agnieszka \u0141ada, Marcin Zaremba, Tomasz Sekielski, Micha\u0142 Komar, Agnieszka Magdziak-Miszewska, Tomasz Na\u0142\u0119cz, Antoni Dudek, \u0141ukasz Lipi\u0144ski, Tomasz Drewniak, Edyta \u017bem\u0142a, Juliusz \u0106wieluch, Krzysztof St\u0119pi\u0144ski, Piotr Kuczy\u0144ski, Marek Belka, Grzegorz Osiecki, Pawe\u0142 Walewski, \u0141ukasz Niesio\u0142owski-Spano, Aleksander Smolar, Miko\u0142aj Cze\u015bnik, Wies\u0142aw W\u0142adyka, Marcin Matczak, Joanna Scheuring-Wielgus, Kamila Baranowska, Cezary Michalski, Seweryn Blumsztajn, Jacek Kucharczyk, Ryszard Schnepf, Magdalena \u015aroda, Jan Sowa, Henryk Doma\u0144ski, Ma\u0142gorzata Bonikowska, Roman Ku\u017aniar, Dawid Tokarz, Katarzyna Lubnauer, Micha\u0142 Szczerba, Jerzy Borejsza, Adam Daniel Rotfeld, Barbara Piwnik, Jerzy Haszczy\u0144ski, Micha\u0142 Sutowski, Rados\u0142aw Markowski, J\u00f3zef Pinior, Janusz Wr\u00f3blewski, El\u017cbieta M\u0105czy\u0144ska, Wojciech Szacki, Marek Borowski, Rafa\u0142 Wo\u015b, Marcelina Zawisza, Pawe\u0142 Rabiej, Piotr Skwieci\u0144ski, Jerzy Kochanowski, Kazimiera Szczuka, Sebastian P\u0142\u00f3ciennik, Jaros\u0142aw Sellin, Monika Rosa, Zbigniew Konwi\u0144ski, S\u0142awomir Sierakowski, Ewa Marciniak, Jaros\u0142aw Kuisz, Kamila Gasiuk-Pihowicz, Adrian Zandberg, Tomasz Wr\u00f3blewski, Rafa\u0142 Trzaskowski, Miros\u0142aw Wyrzykowski, Joanna Berendt, Jan Cie\u0144ski, Krzysztof Materna, Micha\u0142 Og\u00f3rek, Magdalena Fikus, Andrzej Leder, Leokadia Or\u0119ziak, Andrzej Blikle, Patrycja Sasnal i inni.<\/p>\n<p>Wszystkim dzi\u0119kujemy.<\/p>\n<p>Dzi\u0119kujemy te\u017c sobie wzajemnie za pi\u0119\u0107 lat wsp\u00f3\u0142pracy: Daniel \u2013 Piotrowi i Piotr \u2013 Danielowi.<br \/>\nGospodarz Programu: Daniel Passent<br \/>\nWydawca: Piotr Markiewicz.<\/p>\n","protected":false},"excerpt":{"rendered":"<p>\u015amiech to zdrowie, owszem, ale pod warunkiem \u017ce jest to \u015bmiech zdrowy, konstruktywny.<\/p>\n","protected":false},"author":4,"featured_media":4902,"comment_status":"open","ping_status":"closed","sticky":false,"template":"","format":"standard","meta":{"footnotes":""},"categories":[1],"tags":[],"_links":{"self":[{"href":"https:\/\/blog.polityka.pl\/passent\/wp-json\/wp\/v2\/posts\/4898"}],"collection":[{"href":"https:\/\/blog.polityka.pl\/passent\/wp-json\/wp\/v2\/posts"}],"about":[{"href":"https:\/\/blog.polityka.pl\/passent\/wp-json\/wp\/v2\/types\/post"}],"author":[{"embeddable":true,"href":"https:\/\/blog.polityka.pl\/passent\/wp-json\/wp\/v2\/users\/4"}],"replies":[{"embeddable":true,"href":"https:\/\/blog.polityka.pl\/passent\/wp-json\/wp\/v2\/comments?post=4898"}],"version-history":[{"count":3,"href":"https:\/\/blog.polityka.pl\/passent\/wp-json\/wp\/v2\/posts\/4898\/revisions"}],"predecessor-version":[{"id":4901,"href":"https:\/\/blog.polityka.pl\/passent\/wp-json\/wp\/v2\/posts\/4898\/revisions\/4901"}],"wp:featuredmedia":[{"embeddable":true,"href":"https:\/\/blog.polityka.pl\/passent\/wp-json\/wp\/v2\/media\/4902"}],"wp:attachment":[{"href":"https:\/\/blog.polityka.pl\/passent\/wp-json\/wp\/v2\/media?parent=4898"}],"wp:term":[{"taxonomy":"category","embeddable":true,"href":"https:\/\/blog.polityka.pl\/passent\/wp-json\/wp\/v2\/categories?post=4898"},{"taxonomy":"post_tag","embeddable":true,"href":"https:\/\/blog.polityka.pl\/passent\/wp-json\/wp\/v2\/tags?post=4898"}],"curies":[{"name":"wp","href":"https:\/\/api.w.org\/{rel}","templated":true}]}}