
{"id":490,"date":"2008-09-28T21:15:04","date_gmt":"2008-09-28T19:15:04","guid":{"rendered":"http:\/\/passent.blog.polityka.pl\/?p=490"},"modified":"2008-09-29T09:00:28","modified_gmt":"2008-09-29T07:00:28","slug":"magiel-i-sprawiedliwosc","status":"publish","type":"post","link":"https:\/\/blog.polityka.pl\/passent\/2008\/09\/28\/magiel-i-sprawiedliwosc\/","title":{"rendered":"Magiel i Sprawiedliwo\u015b\u0107"},"content":{"rendered":"<p><strong>Ozdob\u0105 niedzielnej prasy by\u0142 list pani Izy \u015amieszek-Dorn, niedawno po\u015blubionej \u017cony pos\u0142a, by\u0142ego marsza\u0142ka Sejmu, do \u201eDziennika\u201d. Sonda\u017ce poka\u017c\u0105, \u017ce list ten mia\u0142 wi\u0119cej czytelnik\u00f3w ni\u017c eseje filozofa Habermasa, kt\u00f3ry wieszczy upadek Unii Europejskiej, oraz esej Piotra Zaremby, kt\u00f3ry nie mo\u017ce si\u0119 doczeka\u0107 na konflikt Tusk \u2013 Schetyna<\/strong>.<\/p>\n<p>List ma\u0142\u017conki Ludwika Dorna to per\u0142a magla politycznego. Ju\u017c sam fakt, \u017ce ma\u0142\u017conka pos\u0142a pisze do gazety w sprawie aliment\u00f3w p\u0142aconych przez jej ma\u0142\u017conka, a gazeta to drukuje, m\u00f3wi wiele o panuj\u0105cych obyczajach. Gazeta, kt\u00f3ra ch\u0119tnie pisze o ja\u0142owo\u015bci polskiej polityki, sama t\u0119 ja\u0142owo\u015b\u0107 pog\u0142\u0119bia. Wszystko zacz\u0119\u0142o si\u0119 od Jaros\u0142awa Kaczy\u0144skiego \u2013 autora odnowy moralnej i moralnego wzmo\u017cenia. W wywiadzie dla us\u0142u\u017cnego jak zwykle Polskiego Radia, kt\u00f3re ma do dyspozycji i kt\u00f3re wyemituje ka\u017cd\u0105 bredni\u0119 prezesa, pot\u0119pi\u0142 Dorna za to, \u017ce ten zabiega w s\u0105dzie o zmniejszenie aliment\u00f3w, jakie p\u0142aci na rzecz swoich starszych dzieci. (Najm\u0142odsze dziecko pose\u0142 ma z pani\u0105 Iz\u0105.) Prezes Kaczy\u0144ski, do niedawna wyrocznia moralna IV RP, a obecnie jeden z autor\u00f3w fikcyjnych usprawiedliwie\u0144 sejmowych w cenie 300 z\u0142. za sztuk\u0119, uzna\u0142 post\u0119powanie Dorna za \u201eniegodziwe\u201d i \u201e\u0142amanie regu\u0142\u201d. Zdaniem prezesa, kt\u00f3ry jest bezdzietnym kawalerem, \u201eJe\u017celi kto\u015b si\u0119 decyduje w bardzo ju\u017c dojrza\u0142ym wieku na kolejne ma\u0142\u017ce\u0144stwo i ma w nim dzieci, to ma obowi\u0105zek tak pracowa\u0107, \u017ceby mie\u0107 pieni\u0105dze na wszystkie dzieci.\u201d Wypowiedzi (J.) Kaczy\u0144skiego o odpowiedzialno\u015bci za dzieci, zawieraniu ma\u0142\u017ce\u0144stwa, przypominaj\u0105 kazania duchownych tkwi\u0105cych w celibacie, ale zawsze ch\u0119tnych do pouczania o seksie, ma\u0142\u017ce\u0144stwie i rodzinie.<\/p>\n<p>\u017beby nie by\u0142o nieporozumie\u0144 \u2013 pp. Dorn i J. Kaczy\u0144ski nie s\u0105 moimi faworytami, ale wtykanie nosa w cudze sprawy prywatne uwa\u017cam za niedopuszczalne. Co innego, gdyby Dorn zamordowa\u0142 \u017con\u0119 albo zgwa\u0142ci\u0142 dzieci \u2013 przest\u0119pstwa tak po\u017c\u0105dane przez media, wiadomo\u015b\u0107 na pewno trafi\u0142aby na czo\u0142\u00f3wki, ale targi o alimenty? To\u017c to magiel! Moim zdaniem \u2013 wart Pac pa\u0142aca. Prezes Kaczy\u0144ski powinien si\u0119 wstydzi\u0107, \u017ce zagl\u0105da w prywatne sprawy Dorna, a pose\u0142 Dorn nie powinien zabiega\u0107 o zmniejszenie aliment\u00f3w, tylko produkowa\u0107 usprawiedliwienia nieobecno\u015bci po 300 PLN. Suma 3600 z\u0142otych, jakie Dorn \u0142o\u017cy na utrzymanie swoich starszych dzieci nie jest zn\u00f3w taka wyg\u00f3rowana, jest ona poza zasi\u0119giem przeci\u0119tnego cz\u0142owieka, ale pose\u0142, by\u0142y marsza\u0142ek, mo\u017ce na takie alimenty zapracowa\u0107. Wystarczy 12 usprawiedliwie\u0144 a la PiS. Je\u017celi pose\u0142 Dorn znajdzie si\u0119 w potrzebie, to cz\u0142onkowie PiS mog\u0105 z\u0142o\u017cy\u0107 si\u0119 na alimenty. Dobro dziecka PiS jest najwa\u017cniejsze! Nie zapominajmy, \u017ce alimenty to nie tylko ekwiwalent jedzenia, mieszkania i szkolnego tornistra, to te\u017c zado\u015b\u0107uczynienie dla matki za odpowiedzialno\u015b\u0107 i trud wychowania dzieci. W tej sprawie jeste\u015bmy po stronie poprzedniczki pani Izy.<\/p>\n<p>Tym nie mniej zachowanie prezesa Kaczy\u0144skiego jest oburzaj\u0105ce. To zachowanie \u0142obuzerskie, kt\u00f3re nie zna granic dobrych obyczaj\u00f3w, byle tylko poni\u017cy\u0107 rywala. Ca\u0142y magiel wie, \u017ce Ludwik Dorn pozwala\u0142 si\u0119 ju\u017c nie raz obra\u017ca\u0107 i poni\u017ca\u0107 przez Jaros\u0142awa Kaczy\u0144skiego, gdy\u017c czeka na sched\u0119 po prezesie. Jest \u2013 obok Zbigniewa Ziobro \u2013 delfinem PiS. Teraz Dorn grozi Kaczorowi procesem i \u201ezak\u0142ada, \u017ce pan Jaros\u0142aw Kaczy\u0144ski zmniejszy deficyt rozumu politycznego, jaki w tej chwili wykazuje\u2026\u201d Zak\u0142ada\u0107, \u017ce J.K. zmniejszy deficyt rozumu politycznego mo\u017ce tylko kto\u015b taki jak Dorn. Deficyt rozumu politycznego J.K. jest wi\u0119kszy ni\u017c deficyt Wall Street, a Ludwik Dorn z tym wygra\u017caniem prezesowi jest \u015bmieszny jak Charlie Chaplin.<\/p>\n<p>Jak by tego by\u0142o ma\u0142o, do awantury w\u0142\u0105czy\u0142a si\u0119 osobista \u017cona Dorna, p. Iza \u015amieszek-Dorn, kt\u00f3ra ujmuje si\u0119 za swoim dzieckiem, pisz\u0105c, \u017ce zapewnienie mu poziomu \u017cycia por\u00f3wnywalnego do poziomu \u017cycia dzieci Dorna z poprzedniego ma\u0142\u017ce\u0144stwa jest niemo\u017cliwe \u201ebez obni\u017cenia dotychczasowej wysoko\u015bci aliment\u00f3w.\u201d Biedny pose\u0142 Dorn, biedne jego wszystkie dzieci i \u017cony. Ca\u0142y magiel p\u0142acze.<\/p>\n<p>W jednym trzeba si\u0119 z pani\u0105 \u015amieszek-Dorn zgodzi\u0107: \u201eKaczy\u0144ski wraz z grup\u0105 najbli\u017cszych partyjnych wsp\u00f3\u0142pracownik\u00f3w codziennie grzebie w moim domu i w mojej kieszeni.\u201d<\/p>\n<p>Grzebanie to ulubiona forma dzia\u0142alno\u015b\u0107 K&amp;K. Przedtem pogrzeba\u0142 Marcinkiewicza, Sikorskiego, Platform\u0119, PRL, Trzeci\u0105 RP, teraz grzebie Dorna, jutro pogrzebie PiS, a w kolejce stoi ju\u017c Saba. Jako grabarz prezes Kaczy\u0144ski nie ma sobie r\u00f3wnych. Jego najwierniejszy giermek, P. Gosiewski, natychmiast pospieszy\u0142 z ujadaniem na Dorna, i powiedzia\u0142, \u017ce najlepiej by by\u0142o, gdyby Dorn z\u0142o\u017cy\u0142 wyja\u015bnienia przed instytucjami partyjnymi (!!!), a wtedy spraw\u0119 nale\u017ca\u0142oby zamkn\u0105\u0107. Czyli kwesti\u0119 aliment\u00f3w mia\u0142aby rozwa\u017cy\u0107 PARTIA, ta \u201er\u0119ka milionopalca w jedn\u0105 mia\u017cd\u017c\u0105c\u0105 pi\u0119\u015b\u0107 zaci\u015bni\u0119ta\u201d. Brawo Dorn, brawo Gosiewski, brawo (J.) Kaczy\u0144ski, brawo Magiel i Sprawiedliwo\u015b\u0107!<\/p>\n","protected":false},"excerpt":{"rendered":"<p>Ozdob\u0105 niedzielnej prasy by\u0142 list pani Izy \u015amieszek-Dorn, niedawno po\u015blubionej \u017cony pos\u0142a, by\u0142ego marsza\u0142ka Sejmu, do \u201eDziennika\u201d. Sonda\u017ce poka\u017c\u0105, \u017ce list ten mia\u0142 wi\u0119cej czytelnik\u00f3w ni\u017c eseje filozofa Habermasa, kt\u00f3ry wieszczy upadek Unii Europejskiej, oraz esej Piotra Zaremby, kt\u00f3ry nie mo\u017ce si\u0119 doczeka\u0107 na konflikt Tusk \u2013 Schetyna. List ma\u0142\u017conki Ludwika Dorna to per\u0142a magla [&hellip;]<\/p>\n","protected":false},"author":4,"featured_media":0,"comment_status":"open","ping_status":"open","sticky":false,"template":"","format":"standard","meta":{"footnotes":""},"categories":[1],"tags":[],"_links":{"self":[{"href":"https:\/\/blog.polityka.pl\/passent\/wp-json\/wp\/v2\/posts\/490"}],"collection":[{"href":"https:\/\/blog.polityka.pl\/passent\/wp-json\/wp\/v2\/posts"}],"about":[{"href":"https:\/\/blog.polityka.pl\/passent\/wp-json\/wp\/v2\/types\/post"}],"author":[{"embeddable":true,"href":"https:\/\/blog.polityka.pl\/passent\/wp-json\/wp\/v2\/users\/4"}],"replies":[{"embeddable":true,"href":"https:\/\/blog.polityka.pl\/passent\/wp-json\/wp\/v2\/comments?post=490"}],"version-history":[{"count":0,"href":"https:\/\/blog.polityka.pl\/passent\/wp-json\/wp\/v2\/posts\/490\/revisions"}],"wp:attachment":[{"href":"https:\/\/blog.polityka.pl\/passent\/wp-json\/wp\/v2\/media?parent=490"}],"wp:term":[{"taxonomy":"category","embeddable":true,"href":"https:\/\/blog.polityka.pl\/passent\/wp-json\/wp\/v2\/categories?post=490"},{"taxonomy":"post_tag","embeddable":true,"href":"https:\/\/blog.polityka.pl\/passent\/wp-json\/wp\/v2\/tags?post=490"}],"curies":[{"name":"wp","href":"https:\/\/api.w.org\/{rel}","templated":true}]}}