
{"id":4903,"date":"2018-10-30T23:41:40","date_gmt":"2018-10-30T22:41:40","guid":{"rendered":"https:\/\/passent.blog.polityka.pl\/?p=4903"},"modified":"2018-10-31T07:32:28","modified_gmt":"2018-10-31T06:32:28","slug":"smiac-sie-czy-plakac","status":"publish","type":"post","link":"https:\/\/blog.polityka.pl\/passent\/2018\/10\/30\/smiac-sie-czy-plakac\/","title":{"rendered":"\u015amia\u0107 si\u0119 czy p\u0142aka\u0107"},"content":{"rendered":"<p>\u015amia\u0107 si\u0119, bo aktualna w\u0142adza &#8211; najbardziej ze wszystkich dotychczasowych &#8211; jest skupiona na celebrze. Trwaj\u0105 prace nad now\u0105 wersj\u0105 or\u0142a bia\u0142ego, kilkaset tysi\u0119cy z\u0142otych idzie na to, \u017ceby orze\u0142 by\u0142 jednolity, taki sam w MON i dajmy na to w MSZ, papierowy i internetowy. Trwaj\u0105 wyt\u0119\u017cone prace nad kolejnym dniem wolnym od pracy. Samoloty zosta\u0142y przemalowane w barwy narodowe. Jacht przemalowano jak trzeba, ale kto nim p\u0142ywa? Defilada najwi\u0119ksza w historii, chocia\u017c ka\u017cdemu wiadomo, \u017ce si\u0142y zbrojne kulej\u0105, a ich genialny reformator Macierewicz zosta\u0142 przeniesiony z frontu na g\u0142\u0119bokie ty\u0142y. Pomniki rosn\u0105 jak grzyby po deszczu. Kwiaciarnie nie mog\u0105 nastarczy\u0107 wie\u0144c\u00f3w. Pedagogika dumy triumfuje nad pedagogik\u0105 wstydu. Jak nie capstrzyk, to hejna\u0142, a z nieba leci konfetti. Obchody goni\u0105 obchody (cho\u0107 ci\u015bnie si\u0119 bardziej sztubacki rym&#8230;).<br \/>\n<!--more--><br \/>\nWydawa\u0142oby si\u0119, \u017ce stulecie odzyskania niepodleg\u0142o\u015bci to wymarzona okazja dla prezydenta, polityk\u00f3w, wojska, dyplomacji, stra\u017cy po\u017carnej, wszystkich patriot\u00f3w. Tymczasem ogl\u0105damy komedi\u0119 pomy\u0142ek, \u017ceby nie powiedzie\u0107: fars\u0119. Prezydent, kt\u00f3ry wyra\u017anie lubi ceremonia\u0142 i widzi siebie jako ojca narodu, czuje si\u0119 na zmian\u0119 tym, kt\u00f3ry \u0142\u0105czy, i tym, kt\u00f3ry dzieli. Raz ta\u0144czy kujawiaka, raz unosi si\u0119 w gniewie i jest \u201eniez\u0142omny\u201d. Przed setn\u0105 rocznic\u0105 zamarzy\u0142o mu si\u0119, \u017ce b\u0119dzie kroczy\u0142 w pierwszym szeregu marszu jedno\u015bci, jak gdyby na czele narodu.<\/p>\n<p>Poniewa\u017c jednak narodowcy w pochodzie potrafi\u0105 wo\u0142a\u0107: \u201eZdejmij jarmu\u0142k\u0119 \u2013 podpisz ustaw\u0119\u201d i nie\u015b\u0107 rasistowskie transparenty, a w sprawie ich poprzedniego marszu \u015bledztwo trwa ju\u017c rok (biedacy z policji i prokuratury nie mog\u0105 ustali\u0107 sprawc\u00f3w), trzeba by\u0142o zadba\u0107 o t\u0142o, na jakim poka\u017ce si\u0119 g\u0142owa pa\u0144stwa. T\u0142o, kt\u00f3re nie pojawi si\u0119 na ekranach i na pierwszych stronach gazet zagranicznych, tendencyjnie wyolbrzymione przez antypolskie media. Zamiast pokazywa\u0107 rodziny z dzie\u0107mi, zagraniczne telewizje i TVN wy\u0142awiaj\u0105 pojedyncze przypadki ogolonych na zero rycz\u0105cych troglodyt\u00f3w, kt\u00f3rzy skanduj\u0105: \u201e\u015amier\u0107 wrogom ojczyzny&#8221;, &#8222;A na drzewach zamiast li\u015bci&#8230;&#8221; i &#8222;Precz z komun\u0105\u201d.<\/p>\n<p>Prezydent, kt\u00f3ry by\u0142 akurat w nastroju jednocz\u0105cym, zapowiedzia\u0142, \u017ce p\u00f3jdzie w marszu narodowc\u00f3w, i zaprosi\u0142 Polki i Polak\u00f3w do wsp\u00f3lnego marszu jedno\u015bci, wierz\u0105c w swojej naiwno\u015bci (aczkolwiek ci\u015bnie si\u0119 s\u0142owo dosadniejsze), \u017ce organizatorzy, czyli Stowarzyszenie MN, M\u0142odzie\u017c Wszechpolska, ONR i diabe\u0142 wie, kto jeszcze, grzecznie si\u0119 posun\u0105, zrobi\u0105 miejsce, a narodowcy wszelkiej ma\u015bci schowaj\u0105 na ten dzie\u0144 swoje k\u0142y.<\/p>\n<p>W tym celu, jak si\u0119 okazuje, mia\u0142 miejsce szereg spotka\u0144 pomi\u0119dzy prezydenckim przedstawicielem, ministrem spraw wewn\u0119trznych, marsza\u0142kiem Senatu a organizatorami marszu, czyli narodowcami w ca\u0142ej swojej krasie. Prezydent chcia\u0142, \u017ceby uczestnicy marszu nie\u015bli tylko bia\u0142o-czerwone sztandary, szturm\u00f3wki itp. Patriotyczna m\u0142odzie\u017c nie mog\u0142a tego zagwarantowa\u0107, a nawet gdyby mog\u0142a (bo \u017ce mog\u0142a, to jest oczywiste), toby nie chcia\u0142a, bo musi swoje powiedzie\u0107 \u201eciapatym\u201d, \u201eplatformersom\u201d, \u201epeda\u0142om\u201d, \u201ekomuchom\u201d i innym.<\/p>\n<p>Niepowodzenie rozm\u00f3w w\u0142adzy z narodowcami pokazuje, kto tu rz\u0105dzi, zw\u0142aszcza kto rz\u0105dzi ulic\u0105. I do czego prowadzi pob\u0142a\u017canie IV RP dla nacjonalist\u00f3w, szowinist\u00f3w i bandyt\u00f3w, kt\u00f3rzy uciekaj\u0105 si\u0119 do przemocy, maluj\u0105 szubienice i bij\u0105 si\u0119 z policj\u0105. A rz\u0105d traktuje ich jak partner\u00f3w do rozm\u00f3w!<\/p>\n<p>P\u00f3j\u015bcia w takim pochodzie odm\u00f3wili Lech Wa\u0142\u0119sa, Bronis\u0142aw Komorowski, a\u017c w ko\u0144cu zrejterowa\u0142 sam prezydent Andrzej Duda, kt\u00f3ry jeszcze dzie\u0144 wcze\u015bniej zaprasza\u0142 wszystkich do marszu jedno\u015bci (z narodowcami) i widzia\u0142 siebie na czele, a znalaz\u0142 si\u0119 w og\u00f3le poza marszem. W sumie prezydent Duda si\u0119 o\u015bmieszy\u0142, maszerowa\u0142 i nie maszerowa\u0142, tak jak nie podpisa\u0142 i podpisa\u0142 ustawy \u201eoko\u0142os\u0105dowe\u201d, jak opowiada\u0142 bzdury o unijnych \u017car\u00f3wkach i o \u201ewyimaginowanej wsp\u00f3lnocie\u201d. Program obchod\u00f3w stulecia odzyskania niepodleg\u0142o\u015bci, wobec fiaska g\u0142\u00f3wnego marszu, klecono na kolanie do dzi\u015b &#8211; dok\u0142adnie w takim ba\u0142aganie, jaki towarzyszy powstawaniu ustawy o dniu wolnym 12 listopada.<\/p>\n<p>Za co Stw\u00f3rca nas tak pokara\u0142?<\/p>\n","protected":false},"excerpt":{"rendered":"<p>Program obchod\u00f3w stulecia odzyskania niepodleg\u0142o\u015bci, wobec fiaska g\u0142\u00f3wnego marszu, klecono na kolanie do dzi\u015b.<\/p>\n","protected":false},"author":4,"featured_media":4908,"comment_status":"open","ping_status":"closed","sticky":false,"template":"","format":"standard","meta":{"footnotes":""},"categories":[1],"tags":[],"_links":{"self":[{"href":"https:\/\/blog.polityka.pl\/passent\/wp-json\/wp\/v2\/posts\/4903"}],"collection":[{"href":"https:\/\/blog.polityka.pl\/passent\/wp-json\/wp\/v2\/posts"}],"about":[{"href":"https:\/\/blog.polityka.pl\/passent\/wp-json\/wp\/v2\/types\/post"}],"author":[{"embeddable":true,"href":"https:\/\/blog.polityka.pl\/passent\/wp-json\/wp\/v2\/users\/4"}],"replies":[{"embeddable":true,"href":"https:\/\/blog.polityka.pl\/passent\/wp-json\/wp\/v2\/comments?post=4903"}],"version-history":[{"count":3,"href":"https:\/\/blog.polityka.pl\/passent\/wp-json\/wp\/v2\/posts\/4903\/revisions"}],"predecessor-version":[{"id":4907,"href":"https:\/\/blog.polityka.pl\/passent\/wp-json\/wp\/v2\/posts\/4903\/revisions\/4907"}],"wp:featuredmedia":[{"embeddable":true,"href":"https:\/\/blog.polityka.pl\/passent\/wp-json\/wp\/v2\/media\/4908"}],"wp:attachment":[{"href":"https:\/\/blog.polityka.pl\/passent\/wp-json\/wp\/v2\/media?parent=4903"}],"wp:term":[{"taxonomy":"category","embeddable":true,"href":"https:\/\/blog.polityka.pl\/passent\/wp-json\/wp\/v2\/categories?post=4903"},{"taxonomy":"post_tag","embeddable":true,"href":"https:\/\/blog.polityka.pl\/passent\/wp-json\/wp\/v2\/tags?post=4903"}],"curies":[{"name":"wp","href":"https:\/\/api.w.org\/{rel}","templated":true}]}}