
{"id":4910,"date":"2018-11-04T23:34:29","date_gmt":"2018-11-04T22:34:29","guid":{"rendered":"https:\/\/passent.blog.polityka.pl\/?p=4910"},"modified":"2018-11-05T00:44:54","modified_gmt":"2018-11-04T23:44:54","slug":"polska-trwale-podzielona","status":"publish","type":"post","link":"https:\/\/blog.polityka.pl\/passent\/2018\/11\/04\/polska-trwale-podzielona\/","title":{"rendered":"Polska trwale podzielona"},"content":{"rendered":"<p>Druga tura wybor\u00f3w samorz\u0105dowych potwierdzi\u0142a to, co wszyscy wiemy: Polska jest trwale podzielona i to pod wieloma wzgl\u0119dami. Zwyci\u0119zcy wybor\u00f3w na prezydent\u00f3w najwi\u0119kszych miast uzyskali ok. dw\u00f3ch trzecich procent g\u0142os\u00f3w (Majchrowski w Krakowie &#8211; 64,6 proc., Adamowicz w Gda\u0144sku \u2013 64,7, Wenta w Kielcach \u2013 64), a ich rywale odpowiednio 35,3 proc. (P\u0142a\u017cy\u0144ski), 35,4 (Wassermann) i 36 (Lubawski). Zbie\u017cno\u015b\u0107 zdumiewaj\u0105ca, prawie co do jednej dziesi\u0105tej procenta!<br \/>\n<!--more--><br \/>\n\u015awiadczy to o tym, \u017ce wybory mia\u0142y polityczny, partyjny charakter, by\u0142y plebiscytem w sprawie rz\u0105du PiS. Liczy\u0142a si\u0119 nie tyle osobowo\u015b\u0107 i dorobek  zwyci\u0119zcy, ile jego afiliacja polityczna. Je\u015bli reprezentowa\u0142(a) PiS, mia\u0142(a) szanse na mniej wi\u0119cej jedn\u0105 g\u0142os\u00f3w. Wassermann, kandydatka arogancka i agresywna, z nazwiskiem po ojcu, w Krakowie uzyska\u0142a dok\u0142adnie tyle samo co m\u0142ody i opanowany, te\u017c z nazwiskiem po ojcu, w Gda\u0144sku. Inna p\u0142e\u0107, inne zachowanie, inny styl \u2013 ale szklany sufit identyczny.<\/p>\n<p>Nie pomog\u0142a PiS-owi stawka na m\u0142odych (Jaki, P\u0142a\u017cy\u0144ski, Wassermann), ale i opozycja nie pokaza\u0142a niczego nowego. PiS walczy\u0142 bardziej z w\u0142asn\u0105 nieudolno\u015bci\u0105 (Duda, Morawiecki) ni\u017c z KO. Licz\u0105c w sumie obie tury wybor\u00f3w samorz\u0105dowych, Zjednoczona Prawica wyra\u017anie umocni\u0142a si\u0119 w samorz\u0105dach i wybory wygra\u0142a, ale Koalicja Obywatelska (\u201eantyPiS\u201d) podnios\u0142a si\u0119 z kolan (\u201ebeton trzyma si\u0119 mocno\u201d, \u201eprzed\u0142u\u017cyli antypolsk\u0105 hucp\u0119\u201d) i pokaza\u0142a, \u017ce nie wszystko jeszcze przegrane, \u017ce marsz PiS do zwyci\u0119stwa w wyborach \u201eeuropejskich\u201d i parlamentarnych mo\u017ce zosta\u0107 powstrzymany.<\/p>\n<p>Wed\u0142ug rozmaitych szacunk\u00f3w wynik uzyskany przez PiS (Zjednoczon\u0105 Prawic\u0119) dawa\u0142by ok. 40-42 proc. mandat\u00f3w w Sejmie. To blisko bezwzgl\u0119dnej wi\u0119kszo\u015bci, ale koalicjanci b\u0119d\u0105 potrzebni. Kukiz &#8217;15? PSL? Plankton? To si\u0119 dopiero oka\u017ce i to czyni polsk\u0105 polityk\u0119 pasjonuj\u0105c\u0105 i, niestety, bardzo ryzykown\u0105. Niebezpiecze\u0144stwo bezwzgl\u0119dnej wi\u0119kszo\u015bci prawicy jest realne.<\/p>\n<p>Teraz czeka nas kolejny etap walki o Polsk\u0119: Koalicja Obywatelska ruszy na po\u0142\u00f3w wyborc\u00f3w prawicy, a PiS zacznie umizgiwa\u0107 si\u0119 do klienteli miejskiej, ale konserwatywnej. W k\u0105t p\u00f3jdzie szanta\u017c ekonomiczny wobec samorz\u0105dowc\u00f3w (\u201eg\u0142osujcie na naszych \u2013 wtedy rz\u0105d da wam wi\u0119cej pieni\u0119dzy\u201d), w ruch p\u00f3jd\u0105 inne narz\u0119dzia \u2013 uchod\u017acy, Ko\u015bci\u00f3\u0142, lustracja, zagro\u017cona suwerenno\u015b\u0107, reperacje wojenne, kapita\u0142 zagraniczny, ta\u015bmy i afery.<\/p>\n<p>W sumie \u2013 wi\u0119cej tego samego. Ale, oczywi\u015bcie, przy takim zabetonowaniu b\u0119dzie si\u0119 liczy\u0142 ka\u017cdy glos, czyli melodia czyni piosenk\u0119.<\/p>\n","protected":false},"excerpt":{"rendered":"<p>Druga tura wybor\u00f3w samorz\u0105dowych potwierdzi\u0142a to, co wszyscy wiemy.<\/p>\n","protected":false},"author":4,"featured_media":4914,"comment_status":"open","ping_status":"closed","sticky":false,"template":"","format":"standard","meta":{"footnotes":""},"categories":[1],"tags":[],"_links":{"self":[{"href":"https:\/\/blog.polityka.pl\/passent\/wp-json\/wp\/v2\/posts\/4910"}],"collection":[{"href":"https:\/\/blog.polityka.pl\/passent\/wp-json\/wp\/v2\/posts"}],"about":[{"href":"https:\/\/blog.polityka.pl\/passent\/wp-json\/wp\/v2\/types\/post"}],"author":[{"embeddable":true,"href":"https:\/\/blog.polityka.pl\/passent\/wp-json\/wp\/v2\/users\/4"}],"replies":[{"embeddable":true,"href":"https:\/\/blog.polityka.pl\/passent\/wp-json\/wp\/v2\/comments?post=4910"}],"version-history":[{"count":3,"href":"https:\/\/blog.polityka.pl\/passent\/wp-json\/wp\/v2\/posts\/4910\/revisions"}],"predecessor-version":[{"id":4913,"href":"https:\/\/blog.polityka.pl\/passent\/wp-json\/wp\/v2\/posts\/4910\/revisions\/4913"}],"wp:featuredmedia":[{"embeddable":true,"href":"https:\/\/blog.polityka.pl\/passent\/wp-json\/wp\/v2\/media\/4914"}],"wp:attachment":[{"href":"https:\/\/blog.polityka.pl\/passent\/wp-json\/wp\/v2\/media?parent=4910"}],"wp:term":[{"taxonomy":"category","embeddable":true,"href":"https:\/\/blog.polityka.pl\/passent\/wp-json\/wp\/v2\/categories?post=4910"},{"taxonomy":"post_tag","embeddable":true,"href":"https:\/\/blog.polityka.pl\/passent\/wp-json\/wp\/v2\/tags?post=4910"}],"curies":[{"name":"wp","href":"https:\/\/api.w.org\/{rel}","templated":true}]}}