
{"id":4921,"date":"2018-11-07T23:08:17","date_gmt":"2018-11-07T22:08:17","guid":{"rendered":"https:\/\/passent.blog.polityka.pl\/?p=4921"},"modified":"2018-11-08T09:16:09","modified_gmt":"2018-11-08T08:16:09","slug":"kpina-z-niepodleglosci","status":"publish","type":"post","link":"https:\/\/blog.polityka.pl\/passent\/2018\/11\/07\/kpina-z-niepodleglosci\/","title":{"rendered":"Kpina z niepodleg\u0142o\u015bci"},"content":{"rendered":"<p>\u201eListopad, dla Polak\u00f3w niebezpieczna pora\u201d. Co trzeci policjant chory, prezydent i premier wycofuj\u0105 si\u0119 z marszu, w kt\u00f3rym jeszcze kilka dni temu mieli maszerowa\u0107, narodowcy, maj\u0105cy podobno zaledwie 1-2 proc. poparcia, okazuj\u0105 si\u0119 na tyle silni, \u017ce nie wiadomo jak im odebra\u0107 inicjatyw\u0119 i centrum stolicy. Rz\u0105d okaza\u0142 si\u0119 nieprzygotowany do rocznicy stulecia.<br \/>\n<!--more--><br \/>\nPrezydent Warszawy znalaz\u0142a si\u0119 w pu\u0142apce \u2013 albo zaka\u017ce marszu i pogwa\u0142ci konstytucj\u0119, albo zezwoli na marsz i na nieuchronne zadymy, kt\u00f3re mog\u0105 si\u0119 \u017ale sko\u0144czy\u0107. Sam zakaz tak\u017ce nie gwarantuje, i\u017c do awantur nie dojdzie. W powietrzu ju\u017c czuje si\u0119 wo\u0144 \u015bwiec dymnych i gazu \u0142zawi\u0105cego. Skompromitowana w\u0142adza usi\u0142uje przekupi\u0107 policjant\u00f3w (1000 z\u0142 za przyj\u015bcie do pracy 11 listopada) i ca\u0142e spo\u0142ecze\u0144stwo, og\u0142aszaj\u0105c (w ostatniej chwili) 12 listopada dniem wolnym od pracy. Pog\u0142\u0119bia to tylko chaos, poniewa\u017c nikt dnia wolnego nie planowa\u0142, nie wiadomo, co z planowanymi rozprawami w s\u0105dach, wizytami i zabiegami lekarskimi, zaj\u0119ciami w szko\u0142ach i uczelniach, kierowcami w TIR-\u00f3w itd. itp.<\/p>\n<p>Po wydaniu oko\u0142o \u0107wierci miliona z\u0142otych na obchody setnej rocznicy odzyskania niepodleg\u0142o\u015bci &#8211; mamy kompromitacj\u0119. \u017beby minister Sellin, specpe\u0142nomocnik rz\u0105du do spraw obchod\u00f3w, zaklina\u0142 si\u0119 na wszystkie \u015bwi\u0119to\u015bci, recytuj\u0105c bogaty plan imprez, faktem jest, \u017ce prezydent i premier, by unikn\u0105\u0107 kompromitacji, w ostatniej chwili usi\u0142uj\u0105 przej\u0105\u0107 Marsz Niepodleg\u0142o\u015bci, poniewa\u017c og\u0142aszaj\u0105 w\u0142asny marsz pa\u0144stwowy dok\u0142adnie na trasie zatwierdzonego przez w\u0142adze Marszu Niepodleg\u0142o\u015bci. Narodowcy odwo\u0142ali si\u0119 do s\u0105du od decyzji HGW zakazuj\u0105cej marszu i ca\u0142kiem prawdopodobne, \u017ce s\u0105d we\u017amie ich stron\u0119 w imi\u0119 wolno\u015bci zgromadze\u0144 gwarantowanej przez konstytucj\u0119. Z braku lepszych pomys\u0142\u00f3w prezydent apeluje o wsp\u00f3lne \u015bpiewanie Mazurka D\u0105browskiego w samo po\u0142udnie 11 listopada. Nie ma w tym nic z\u0142ego, gdyby nie fakt, \u017ce jest to inicjatywa \u201elast minute\u201d, zamiast wsp\u00f3lnego marszu albo wiecu z udzia\u0142em obecnych i by\u0142ych cz\u0142onk\u00f3w najwy\u017cszych w\u0142adz, go\u015bci zagranicznych i dziesi\u0105tk\u00f3w tysi\u0119cy obywateli. Hymn narodowy ma zag\u0142uszy\u0107 pora\u017ck\u0119.<\/p>\n<p>Zamiast podnios\u0142ego nastroju mamy niepewno\u015b\u0107, co zrobi\u0105 narodowcy \u2013 przyjd\u0105 mimo zakazu? Przejm\u0105 manifestacj\u0119 zapowiadan\u0105 przez Dud\u0119 i Morawieckiego? Spotkaj\u0105 si\u0119 w innym miejscu i p\u00f3jd\u0105 inn\u0105 tras\u0105? Co zrobi\u0105 policjanci \u2013 wyzdrowiej\u0105 czy zostan\u0105 w domu?<\/p>\n<p>W normalnych warunkach opozycja powinna wyst\u0105pi\u0107 o wotum nieufno\u015bci, marsza\u0142ek powinien zwo\u0142a\u0107 posiedzenie Sejmu, minister spraw wewn\u0119trznych, zamiast b\u0142aga\u0107 policjant\u00f3w, \u017ceby wyzdrowieli \u2013 powinien si\u0119 pakowa\u0107, a minister Sellin powinien ju\u017c by\u0107 na zielonej trawce. W Sejmie premier powinien si\u0119 t\u0142umaczy\u0107, jak mo\u017cna by\u0142o odda\u0107 inicjatyw\u0119 narodowcom, a w lo\u017cy prezydenckiej Andrzej Duda powinien si\u0119 rumieni\u0107 ze wstydu \u2013 wszak to on odrzuci\u0142 swoje w\u0142asne zaproszenie, przyznaj\u0105c tym samym, \u017ce nie on decyduje, kto, z kim i dok\u0105d maszeruje, a marsze niepodleg\u0142o\u015bci to nie s\u0105 niewinne spacery rodzin z dzie\u0107mi. PiS tolerowa\u0142 marsze, ho\u0142ubi\u0142 kiboli, i teraz sta\u0142 si\u0119 ich zak\u0142adnikiem.<\/p>\n<p>Na kilka dni przed \u015bwi\u0119tem mamy chaos i kompromitacj\u0119 zamiast wsp\u00f3lnych obchod\u00f3w \u2013 fiasko, kt\u00f3re umocni tylko stereotyp, \u017ce Polacy nie potrafi\u0105 nawet \u015bwi\u0119towa\u0107. Ciekawe, na kogo teraz w\u0142adza zwali win\u0119. Chyba na Tuska, bo po to tu by\u0142 i zapowiada\u0142, \u017ce 11 wr\u00f3ci. Panie, zmi\u0142uj si\u0119 nad nami.<\/p>\n","protected":false},"excerpt":{"rendered":"<p>Listopad, dla Polak\u00f3w niebezpieczna pora.<\/p>\n","protected":false},"author":4,"featured_media":4927,"comment_status":"open","ping_status":"closed","sticky":false,"template":"","format":"standard","meta":{"footnotes":""},"categories":[1],"tags":[],"_links":{"self":[{"href":"https:\/\/blog.polityka.pl\/passent\/wp-json\/wp\/v2\/posts\/4921"}],"collection":[{"href":"https:\/\/blog.polityka.pl\/passent\/wp-json\/wp\/v2\/posts"}],"about":[{"href":"https:\/\/blog.polityka.pl\/passent\/wp-json\/wp\/v2\/types\/post"}],"author":[{"embeddable":true,"href":"https:\/\/blog.polityka.pl\/passent\/wp-json\/wp\/v2\/users\/4"}],"replies":[{"embeddable":true,"href":"https:\/\/blog.polityka.pl\/passent\/wp-json\/wp\/v2\/comments?post=4921"}],"version-history":[{"count":4,"href":"https:\/\/blog.polityka.pl\/passent\/wp-json\/wp\/v2\/posts\/4921\/revisions"}],"predecessor-version":[{"id":4926,"href":"https:\/\/blog.polityka.pl\/passent\/wp-json\/wp\/v2\/posts\/4921\/revisions\/4926"}],"wp:featuredmedia":[{"embeddable":true,"href":"https:\/\/blog.polityka.pl\/passent\/wp-json\/wp\/v2\/media\/4927"}],"wp:attachment":[{"href":"https:\/\/blog.polityka.pl\/passent\/wp-json\/wp\/v2\/media?parent=4921"}],"wp:term":[{"taxonomy":"category","embeddable":true,"href":"https:\/\/blog.polityka.pl\/passent\/wp-json\/wp\/v2\/categories?post=4921"},{"taxonomy":"post_tag","embeddable":true,"href":"https:\/\/blog.polityka.pl\/passent\/wp-json\/wp\/v2\/tags?post=4921"}],"curies":[{"name":"wp","href":"https:\/\/api.w.org\/{rel}","templated":true}]}}