
{"id":4928,"date":"2018-11-08T23:17:17","date_gmt":"2018-11-08T22:17:17","guid":{"rendered":"https:\/\/passent.blog.polityka.pl\/?p=4928"},"modified":"2018-11-08T23:51:33","modified_gmt":"2018-11-08T22:51:33","slug":"regulamin-marszu-niepodleglosci","status":"publish","type":"post","link":"https:\/\/blog.polityka.pl\/passent\/2018\/11\/08\/regulamin-marszu-niepodleglosci\/","title":{"rendered":"Regulamin Marszu Niepodleg\u0142o\u015bci"},"content":{"rendered":"<p>\u015awiadomy odpowiedzialno\u015bci karnej o\u015bwiadczam, \u017ce Marsz Niepodleg\u0142o\u015bci jest wydarzeniem wagi pa\u0144stwowej i wszelkie pr\u00f3by jego zak\u0142\u00f3cenia b\u0119d\u0105 r\u00f3wnoznaczne z dzia\u0142alno\u015bci\u0105 antypa\u0144stwow\u0105.<br \/>\n<!--more--><br \/>\n\u015awiadomy, \u017ce uczestnictwo w Marszu Niepodleg\u0142o\u015bci jest zaszczytnym obowi\u0105zkiem Polek i Polak\u00f3w, nie oczekuj\u0119 za udzia\u0142 w marszu \u017cadnej gratyfikacji pieni\u0119\u017cnej w wysoko\u015bci powy\u017cej tysi\u0105ca z\u0142otych. Na czas trwania marszu zgadzam si\u0119 wp\u0142aci\u0107 kaucj\u0119, kt\u00f3rej zwrot &#8211; pomniejszony o ewentualne potr\u0105cenia &#8211; przys\u0142uguje po rozwi\u0105zaniu pochodu.<\/p>\n<p>W czasie marszu b\u0119d\u0119 wznosi\u0142 lub podchwytywa\u0142 tylko has\u0142a godne \u015bwi\u0119ta pa\u0144stwowego, kt\u00f3re \u0142\u0105cz\u0105, a nie dziel\u0105, takie jak \u201ePolak Polakowi bratem\u201d, \u201eB\u00f3g. Honor. Ojczyzna\u201d, \u201e\u015amier\u0107 wrogom ojczyzny!\u201d, \u201e\u017beby Polska by\u0142a Polsk\u0105\u201d.<\/p>\n<p>Nie b\u0119d\u0119 mia\u0142 przy sobie broni bia\u0142ej ani palnej, \u017cadnych kamieni, cegie\u0142, sztachet, \u015brub, wyrob\u00f3w metalowych ani butelek szklanych, \u017cadnych toreb, torebek, kosmetyczek, pi\u00f3rnik\u00f3w, plecak\u00f3w, rakiet patriot ani wyrzutni rakietowych.<\/p>\n<p>Nie b\u0119d\u0119 pali\u0142 kukie\u0142 ani wyrob\u00f3w tytoniowych.<\/p>\n<p>Nie b\u0119d\u0119 ubrana(-y), rozebrana(-a) ani wytatuowany(-a) w spos\u00f3b nielicuj\u0105cy z powag\u0105 marszu oraz z por\u0105 roku.<\/p>\n<p>Bez oporu przejd\u0119 przez bramk\u0119 do wykrywania metali, tak\u017ce boso, ale w ostrogach.<\/p>\n<p>Bez szemrania poddam si\u0119 rewizji osobistej przez autoryzowany personel w przeno\u015bnej kabinie \u201eFigaro tu \u2013 figaro tam\u201d lub na \u015bwie\u017cym powietrzu. Temperatura w kabinie nie mo\u017ce wynosi\u0107 poni\u017cej przeci\u0119tnej ostatniego stulecia.<\/p>\n<p>B\u0119d\u0119 ni\u00f3s\u0142 wysoko transparent przydzielony mi przez S\u0142u\u017cb\u0119 Ochrony Marszu, pochodz\u0105cy wy\u0142\u0105cznie z wzornika Ministerstwa Kultury i Dziedzictwa Narodowego. Transparent pobrany zwr\u00f3c\u0119 niezw\u0142ocznie po rozwi\u0105zaniu Marszu Niepodleg\u0142o\u015bci.<\/p>\n<p>W razie alarmu bojowego mask\u0119 przeciwgazow\u0105 za\u0142o\u017c\u0119 najpierw dziecku, a nast\u0119pnie sobie, zgodnie z instrukcj\u0105 Wojsk Obrony Terytorialnej.<\/p>\n<p>B\u0119d\u0119 \u015bpiewa\u0142 pie\u015bni wy\u0142\u0105cznie ze &#8222;\u015apiewnika patriotycznego&#8221;, zaintonowane przez S\u0142u\u017cb\u0119 Muzyczn\u0105 Marszu i Orkiestr\u0119 Ga\u015bnicz\u0105 Stra\u017cy Po\u017carnej.<\/p>\n<p>Pod \u017cadnym pozorem nie b\u0119d\u0119 bucza\u0142 ani gwizda\u0142 poza momentami wskazanymi przez Koordynatora Zachowa\u0144 Spontanicznych.<\/p>\n<p>Po rozwi\u0105zaniu marszu przys\u0142uguje mi zwrot kaucji, do odbioru w parafii.<\/p>\n<p>Marsz uwa\u017ca si\u0119 za zako\u0144czony po komendzie \u017candarmerii: \u201eRozej\u015b\u0107 si\u0119!\u201d.<\/p>\n","protected":false},"excerpt":{"rendered":"<p>Marsz uwa\u017ca si\u0119 za zako\u0144czony po komendzie \u017candarmerii: \u201eRozej\u015b\u0107 si\u0119!\u201d.<\/p>\n","protected":false},"author":4,"featured_media":4932,"comment_status":"open","ping_status":"closed","sticky":false,"template":"","format":"standard","meta":{"footnotes":""},"categories":[1],"tags":[],"_links":{"self":[{"href":"https:\/\/blog.polityka.pl\/passent\/wp-json\/wp\/v2\/posts\/4928"}],"collection":[{"href":"https:\/\/blog.polityka.pl\/passent\/wp-json\/wp\/v2\/posts"}],"about":[{"href":"https:\/\/blog.polityka.pl\/passent\/wp-json\/wp\/v2\/types\/post"}],"author":[{"embeddable":true,"href":"https:\/\/blog.polityka.pl\/passent\/wp-json\/wp\/v2\/users\/4"}],"replies":[{"embeddable":true,"href":"https:\/\/blog.polityka.pl\/passent\/wp-json\/wp\/v2\/comments?post=4928"}],"version-history":[{"count":4,"href":"https:\/\/blog.polityka.pl\/passent\/wp-json\/wp\/v2\/posts\/4928\/revisions"}],"predecessor-version":[{"id":4933,"href":"https:\/\/blog.polityka.pl\/passent\/wp-json\/wp\/v2\/posts\/4928\/revisions\/4933"}],"wp:featuredmedia":[{"embeddable":true,"href":"https:\/\/blog.polityka.pl\/passent\/wp-json\/wp\/v2\/media\/4932"}],"wp:attachment":[{"href":"https:\/\/blog.polityka.pl\/passent\/wp-json\/wp\/v2\/media?parent=4928"}],"wp:term":[{"taxonomy":"category","embeddable":true,"href":"https:\/\/blog.polityka.pl\/passent\/wp-json\/wp\/v2\/categories?post=4928"},{"taxonomy":"post_tag","embeddable":true,"href":"https:\/\/blog.polityka.pl\/passent\/wp-json\/wp\/v2\/tags?post=4928"}],"curies":[{"name":"wp","href":"https:\/\/api.w.org\/{rel}","templated":true}]}}