
{"id":4935,"date":"2018-11-12T15:24:59","date_gmt":"2018-11-12T14:24:59","guid":{"rendered":"https:\/\/passent.blog.polityka.pl\/?p=4935"},"modified":"2018-11-12T15:48:37","modified_gmt":"2018-11-12T14:48:37","slug":"narodowcy-na-salonach","status":"publish","type":"post","link":"https:\/\/blog.polityka.pl\/passent\/2018\/11\/12\/narodowcy-na-salonach\/","title":{"rendered":"Narodowcy na salonach"},"content":{"rendered":"<p>Polska scena polityczna dzieli si\u0119 na trzy cz\u0119\u015bci:<br \/>\n1) opozycja liberalna, centroprawicowa, czyli Platforma i Nowoczesna z Donaldem Tuskiem w tle.<br \/>\n2) ob\u00f3z w\u0142adzy, czyli Zjednoczona Prawica Kaczy\u0144skiego.<br \/>\n3) opozycja radykalnie prawicowa \u2013 narodowcy, ONR, M\u0142odzie\u017c Wszechpolska etc.<br \/>\n<!--more--><br \/>\nSetn\u0105 rocznic\u0119 odzyskania niepodleg\u0142o\u015bci wygrali narodowcy, czyli opozycja radykalnie prawicowa. Jeszcze kilka dni temu mieli opini\u0119 marginesu, folkloru, 1-2 proc. poparcia w sonda\u017cach, \u201ecelowo wyolbrzymiana\u201d przez TVN, media opozycyjne i zagraniczne. W tym sezonie w\u0142adza Kaczy\u0144skiego i Morawieckiego zrobi\u0142a du\u017co, \u017ceby wzmocni\u0107 skrajn\u0105 prawic\u0119 narodow\u0105. Zaostrzaj\u0105c retoryk\u0119 antyeuropejsk\u0105, piel\u0119gnuj\u0105c konflikt z Uni\u0105, uprawiaj\u0105c k\u0142amliw\u0105 polityk\u0119 historyczn\u0105, PiS \u015bpiewa\u0142 i \u015bpiewa jednym g\u0142osem z narodowcami.<\/p>\n<p>Co prawda Kaczy\u0144ski od czasu do czasu zaklina si\u0119, \u017ce polexit to k\u0142amstwo, ale prezydent Duda m\u00f3wi o \u201ewyimaginowanej wsp\u00f3lnocie\u201d, a premier Morawiecki powiada, \u017ce doceniamy fundusze unijne, kt\u00f3re pomagaj\u0105 nam \u201enaprawi\u0107 chodniki\u201d. Jest to, oczywi\u015bcie, bezczelno\u015b\u0107 i k\u0142amstwo, ale konflikt z Komisj\u0105 Europejsk\u0105, z Europejskim Trybuna\u0142em Sprawiedliwo\u015bci, z unijnymi w\u0142adzami jest stale podtrzymywany przez w\u0142adze oraz ich media w Warszawie.<\/p>\n<p>W ci\u0105gu ostatnich miesi\u0119cy narodowcy zdecydowanie si\u0119 wzmocnili. Rz\u0105d i prezydent, nie b\u0119d\u0105c w stanie urz\u0105dzi\u0107 obchod\u00f3w stulecia alternatywnych do Marszu Niepodleg\u0142o\u015bci, uznali si\u0119 za pokonanych i zostali zmuszeni do negocjacji z \u201enieszkodliwym marginesem bez znaczenia\u201d. Przedstawiciele najwy\u017cszych w\u0142adz spotkali si\u0119 z organizatorami marszu osiem razy, uznaj\u0105c ich za godnych negocjacji partner\u00f3w. W\u0142adza posz\u0142a do Canossy. Je\u017celi mo\u017cna z narodowcami uk\u0142ada\u0107 si\u0119 w sprawie marszu, to dlaczeg\u00f3\u017c nie dogadywa\u0107 si\u0119 z nimi w innych sprawach \u2013 wszak zbli\u017caj\u0105 si\u0119 wybory europejskie i parlamentarne.<\/p>\n<p>W dodatku narodowcy pokazali, do kogo nale\u017cy ulica, kto sprawuje rz\u0105d dusz w\u015br\u00f3d nacjonalistycznej, cz\u0119\u015bciowo zagubionej m\u0142odzie\u017cy, podatnej na has\u0142a hurrapatriotyczne i antyunijne. Kaczy\u0144ski, pilnuj\u0105c, aby nikt nie obszed\u0142 go z prawej strony, ma pow\u00f3d do niepokoju.<\/p>\n<p>Drugim, obok narodowc\u00f3w, \u201ebeneficjentem stulecia\u201d by\u0142 Tusk. Wykaza\u0142 si\u0119 nadzwyczajn\u0105 aktywno\u015bci\u0105, wyg\u0142osi\u0142 bojowe przem\u00f3wienie na Igrzyskach Wolno\u015bci w \u0141odzi, gdzie zach\u0119ca\u0142 do walki ze \u201ewsp\u00f3\u0142czesnymi bolszewikami\u201d, udzieli\u0142 programowego wywiadu \u201eGazecie\u201d, z\u0142o\u017cy\u0142 kwiaty pod pomnikiem Pi\u0142sudskiego, wzi\u0105\u0142 udzia\u0142 w obchodach oficjalnych, gdzie gospodarze wzi\u0119li rewan\u017c za \u201ewsp\u00f3\u0142czesnych bolszewik\u00f3w\u201d, nikt nie powita\u0142 przewodnicz\u0105cego Rady Europejskiej, cho\u0107 powita\u0144 doczeka\u0142y si\u0119 nawet postaci drugoplanowe. (U\u017cycie terminu \u201e bolszewicy\u201d by\u0142o niefortunne i b\u0119dzie wytykane Tuskowi przez d\u017centelmen\u00f3w na prawicy).<\/p>\n<p>Na trybunie Tusk sta\u0142 w pi\u0105tym rz\u0119dzie. \u201eOn ich kiedy\u015b ustawi w sz\u00f3stym\u201d, jak kto\u015b powiedzia\u0142. (W licznych wyst\u0105pieniach prezydent ani razu nie wspomnia\u0142 o Unii, w gigantycznym bia\u0142o-czerwonym marszu nie by\u0142o ani jednej unijnej flagi). Ob\u00f3z w\u0142adzy otwiera\u0142 poch\u00f3d jak gdyby w pancernej kapsule, ca\u0142y otoczony przez \u017candarmeri\u0119 oraz wojsko i ewakuowa\u0142 si\u0119 przy pierwszej sposobno\u015bci, poddaj\u0105c stolic\u0119 narodowcom.<\/p>\n<p>Jedno potkni\u0119cie Tuska nie zmienia jednak faktu, \u017ce jest on coraz bli\u017cej powrotu do polityki polskiej. Powstrzymuj\u0105 go jeszcze zobowi\u0105zania  brukselskie, dyskrecja i ocena szans na sukces w wyborach prezydenckich 2020. Dla liberalnej opozycji powr\u00f3t Tuska by\u0142by wymarzony, poniewa\u017c jest ona pozbawiona wyrazistego, charyzmatycznego przyw\u00f3dcy. Pojedynek Duda\u2013Tusk by\u0142by symboliczny dla panuj\u0105cego w Polsce podzia\u0142u.<\/p>\n","protected":false},"excerpt":{"rendered":"<p>Narodowcy pokazali, do kogo nale\u017cy ulica.<\/p>\n","protected":false},"author":4,"featured_media":4942,"comment_status":"open","ping_status":"closed","sticky":false,"template":"","format":"standard","meta":{"footnotes":""},"categories":[1],"tags":[],"_links":{"self":[{"href":"https:\/\/blog.polityka.pl\/passent\/wp-json\/wp\/v2\/posts\/4935"}],"collection":[{"href":"https:\/\/blog.polityka.pl\/passent\/wp-json\/wp\/v2\/posts"}],"about":[{"href":"https:\/\/blog.polityka.pl\/passent\/wp-json\/wp\/v2\/types\/post"}],"author":[{"embeddable":true,"href":"https:\/\/blog.polityka.pl\/passent\/wp-json\/wp\/v2\/users\/4"}],"replies":[{"embeddable":true,"href":"https:\/\/blog.polityka.pl\/passent\/wp-json\/wp\/v2\/comments?post=4935"}],"version-history":[{"count":6,"href":"https:\/\/blog.polityka.pl\/passent\/wp-json\/wp\/v2\/posts\/4935\/revisions"}],"predecessor-version":[{"id":4941,"href":"https:\/\/blog.polityka.pl\/passent\/wp-json\/wp\/v2\/posts\/4935\/revisions\/4941"}],"wp:featuredmedia":[{"embeddable":true,"href":"https:\/\/blog.polityka.pl\/passent\/wp-json\/wp\/v2\/media\/4942"}],"wp:attachment":[{"href":"https:\/\/blog.polityka.pl\/passent\/wp-json\/wp\/v2\/media?parent=4935"}],"wp:term":[{"taxonomy":"category","embeddable":true,"href":"https:\/\/blog.polityka.pl\/passent\/wp-json\/wp\/v2\/categories?post=4935"},{"taxonomy":"post_tag","embeddable":true,"href":"https:\/\/blog.polityka.pl\/passent\/wp-json\/wp\/v2\/tags?post=4935"}],"curies":[{"name":"wp","href":"https:\/\/api.w.org\/{rel}","templated":true}]}}