
{"id":4944,"date":"2018-11-13T23:16:22","date_gmt":"2018-11-13T22:16:22","guid":{"rendered":"https:\/\/passent.blog.polityka.pl\/?p=4944"},"modified":"2018-11-14T02:28:17","modified_gmt":"2018-11-14T01:28:17","slug":"strzal-w-dziesiatke","status":"publish","type":"post","link":"https:\/\/blog.polityka.pl\/passent\/2018\/11\/13\/strzal-w-dziesiatke\/","title":{"rendered":"Strza\u0142 w dziesi\u0105tk\u0119!"},"content":{"rendered":"<p>Co za pech: dowiedzie\u0107 si\u0119 w Singapurze, \u017ce jest si\u0119 w centrum afery w Polsce!<br \/>\n<!--more--><br \/>\n\u201eGazeta Wyborcza\u201d odpali\u0142a bomb\u0119, ujawniaj\u0105c, \u017ce przewodnicz\u0105cy Komisji Nadzoru Finansowego Marek Chrzanowski usi\u0142owa\u0142 skorumpowa\u0107 znanego milionera i bankiera Leszka Czarneckiego. W zamian za przychylno\u015b\u0107 KNF wobec jednego z bank\u00f3w Czarneckiego ten mia\u0142by zatrudni\u0107 (za wielomilionowym wynagrodzeniem) prawnika wskazanego przez Chrzanowskiego.<\/p>\n<p>Rewelacja \u201eGazety\u201d okaza\u0142a si\u0119 strza\u0142em w dziesi\u0105tk\u0119, poniewa\u017c przewodnicz\u0105cy KNF po kilku godzinach poda\u0142 si\u0119 do dymisji, premier Morawiecki tego samego dnia zwo\u0142a\u0142 u siebie narad\u0119 z udzia\u0142em wszystkich \u015bwi\u0119tych (Ziobro, Kami\u0144ski, szefowie s\u0142u\u017cb), prezydent Duda wezwa\u0142 Zdzis\u0142awa Sokal\u0119 (swojego przedstawiciela w KNF) i \u017cadne prawicowe medium nie zaprzeczy\u0142o rewelacjom \u201eGW\u201d. Dziennikarze \u201eGazety\u201d (Wojciech Czuchnowski i Agnieszka Kublik) maj\u0105 prawo do dumy. Ujawnili znaczn\u0105 szkod\u0119 na niekorzy\u015b\u0107 naszego pa\u0144stwa, jak\u0105 wyrz\u0105dzili sprawcy afery. Jest to bowiem cios w reputacj\u0119 naszego kraju, zw\u0142aszcza w ko\u0142ach finansowych, w\u015br\u00f3d potencjalnych inwestor\u00f3w.<\/p>\n<p>Nie jest to zwykle usi\u0142owanie korupcji. Po pierwsze, ma miejsce pod rz\u0105dami PiS, kt\u00f3rego prezes Kaczy\u0144ski przy ka\u017cdej okazji powtarza, \u017ce do w\u0142adzy nie idzie si\u0119 dla pieni\u0119dzy. Po drugie, skandal ma miejsce akurat w instytucji, kt\u00f3ra ma na celu trosk\u0119 o czysto\u015b\u0107 sektora finansowego. Trudno by\u0142oby znale\u017a\u0107 podobny przypadek, to jak zab\u00f3jstwo na komendzie policji albo korupcja w s\u0105dzie. Po trzecie, Marek Chrzanowski zosta\u0142 mianowany przez premier Beat\u0119 Szyd\u0142o, kt\u00f3rej \u201epraca, s\u0142u\u017cba i pokora\u201d nie schodzi\u0142y z ust. Po czwarte, afera mo\u017ce zatoczy\u0107 du\u017co szersze kr\u0119gi ni\u017c dzisiaj ujawniono, KNF tkwi w samym sercu sektora finansowego, z kt\u00f3rego wywodzi si\u0119 premier Morawiecki. Na pewno dowiemy si\u0119 du\u017co wi\u0119cej.<\/p>\n<p>Dobrze by\u0142oby, gdyby Sejm z podobn\u0105 dociekliwo\u015bci\u0105 co w sprawie afery Amber Gold zabra\u0142 si\u0119 za afer\u0119 przewodnicz\u0105cego Komisji Nadzoru Finansowego Marka Chrzanowskiego. W\u0105tpi\u0119, czy w\u0142adza wyka\u017ce podobn\u0105 determinacj\u0119. Ju\u017c powtarza zgodnym ch\u00f3rem, \u017ce komisj\u0119 sejmow\u0105 powo\u0142uje si\u0119 wtedy, kiedy inne instytucje (prokuratura, s\u0142u\u017cby) nie dzia\u0142aj\u0105, albo \u017ce jeste\u015bmy zbyt blisko wybor\u00f3w, kiedy komisja zostaje automatycznie rozwi\u0105zana. Dziwne to alibi. O ile pami\u0119tam, to komisj\u0119 powo\u0142uje si\u0119 wtedy, kiedy jest to na r\u0119k\u0119 w\u0142adzy. Gdyby przewodnicz\u0105cy KNF by\u0142 cz\u0142owiekiem Tuska albo Kopacz \u2013 o tak, wtedy pani Ma\u0142gorzata Wassermann mia\u0142aby pe\u0142ne r\u0105czki roboty.<\/p>\n","protected":false},"excerpt":{"rendered":"<p>Co za pech: dowiedzie\u0107 si\u0119 w Singapurze, \u017ce jest si\u0119 w centrum afery w Polsce!<\/p>\n","protected":false},"author":4,"featured_media":0,"comment_status":"open","ping_status":"closed","sticky":false,"template":"","format":"standard","meta":{"footnotes":""},"categories":[1],"tags":[],"_links":{"self":[{"href":"https:\/\/blog.polityka.pl\/passent\/wp-json\/wp\/v2\/posts\/4944"}],"collection":[{"href":"https:\/\/blog.polityka.pl\/passent\/wp-json\/wp\/v2\/posts"}],"about":[{"href":"https:\/\/blog.polityka.pl\/passent\/wp-json\/wp\/v2\/types\/post"}],"author":[{"embeddable":true,"href":"https:\/\/blog.polityka.pl\/passent\/wp-json\/wp\/v2\/users\/4"}],"replies":[{"embeddable":true,"href":"https:\/\/blog.polityka.pl\/passent\/wp-json\/wp\/v2\/comments?post=4944"}],"version-history":[{"count":3,"href":"https:\/\/blog.polityka.pl\/passent\/wp-json\/wp\/v2\/posts\/4944\/revisions"}],"predecessor-version":[{"id":4947,"href":"https:\/\/blog.polityka.pl\/passent\/wp-json\/wp\/v2\/posts\/4944\/revisions\/4947"}],"wp:attachment":[{"href":"https:\/\/blog.polityka.pl\/passent\/wp-json\/wp\/v2\/media?parent=4944"}],"wp:term":[{"taxonomy":"category","embeddable":true,"href":"https:\/\/blog.polityka.pl\/passent\/wp-json\/wp\/v2\/categories?post=4944"},{"taxonomy":"post_tag","embeddable":true,"href":"https:\/\/blog.polityka.pl\/passent\/wp-json\/wp\/v2\/tags?post=4944"}],"curies":[{"name":"wp","href":"https:\/\/api.w.org\/{rel}","templated":true}]}}