
{"id":4948,"date":"2018-11-16T23:35:16","date_gmt":"2018-11-16T22:35:16","guid":{"rendered":"https:\/\/passent.blog.polityka.pl\/?p=4948"},"modified":"2018-11-19T16:20:50","modified_gmt":"2018-11-19T15:20:50","slug":"skok-na-bank","status":"publish","type":"post","link":"https:\/\/blog.polityka.pl\/passent\/2018\/11\/16\/skok-na-bank\/","title":{"rendered":"Skok na bank"},"content":{"rendered":"<p>\u201eNic si\u0119 nie sta\u0142o, Polacy\u201d \u2013 s\u0142yszymy np. na portalu wPolityce z ust samego Bronis\u0142awa Wildsteina. Tymczasem sta\u0142o si\u0119 i to du\u017co.<br \/>\n<!--more--><br \/>\nMarek Chrzanowski, przewodnicz\u0105cy Komisji Nadzoru Finansowego, \u201ezaprosi\u0142\u201d do siebie milionera i w\u0142a\u015bciciela co najmniej dw\u00f3ch bank\u00f3w w tarapatach (nb bank\u00f3w polskich) na rozmow\u0119 w cztery oczy i przy w\u0142\u0105czonych \u201eszumid\u0142ach\u201d (s\u0142owo, kt\u00f3re zrobi\u0142o karier\u0119 z dnia na dzie\u0144). Ju\u017c sam ten fakt pachnie krymina\u0142em, a przynajmniej powie\u015bci\u0105 kryminaln\u0105. W\u0142a\u015bciciel bank\u00f3w przychodzi nafaszerowany aparatur\u0105 nagrywaj\u0105c\u0105 i fotografuj\u0105c\u0105 niczym tajny detektyw lub agent policji. Z kolei gospodarz Marek Chrzanowski, cudowne dziecko uk\u0142adu (ma zaledwie 37 lat i zajmuje jedno z najwy\u017cszych stanowisk pa\u0144stwowych w \u015bwiecie finans\u00f3w), ma gabinet maksymalnie wyciszony, jak \u201epok\u00f3j sytuacyjny\u201d w Bia\u0142ym Domu. Szumid\u0142a zosta\u0142y zainstalowane przez prywatn\u0105 firm\u0119, bo (jak mo\u017cna si\u0119 domy\u015bla\u0107) gdyby zrobi\u0142y to s\u0142u\u017cby, pozostawi\u0142yby po sobie w\u0142asn\u0105 aparatur\u0119.<\/p>\n<p>Ju\u017c sama ta sceneria, jeszcze bez znajomo\u015bci tre\u015bci rozmowy, jest nies\u0142ychana. Nasuwa podejrzenia, \u017ce musi si\u0119 dzia\u0107 co\u015b nielegalnego i tajemniczego, co trzeba utrzymywa\u0107 w tajemnicy, ba, w trakcie rozmowy panowie upewniaj\u0105 si\u0119, \u017ce rozmawiaj\u0105 w dyskrecji, bez \u015bwiadk\u00f3w. Albo dr Chrzanowski, prezes KNF, ma za sob\u0105 pot\u0119\u017cnych protektor\u00f3w, kt\u00f3rzy na takie spotkanie wyrazili zgod\u0119, albo jest po prostu za m\u0142ody, za naiwny, nie dor\u00f3s\u0142 do swojego stanowiska, m\u00f3wi\u0105c delikatnie \u2013 niezbyt rozumny. Stoi to w sprzeczno\u015bci z pe\u0142n\u0105 uznania opini\u0105 prezesa NBP Adama Glapi\u0144skiego na temat Chrzanowskiego \u2013 jego by\u0142ego studenta i wsp\u00f3\u0142pracownika naukowego.<\/p>\n<p>Je\u017celi wi\u0119c p. Chrzanowski nie jest taki g\u0142upi ani nie jest cz\u0119\u015bci\u0105 pot\u0119\u017cnego uk\u0142adu, to znaczy, \u017ce mamy do czynienia ze zwyk\u0142\u0105 hucp\u0105. Oto prezes KNF \u2013 instytucji powo\u0142anej do pilnowania czysto\u015bci sektora finansowego &#8211; czyni Czarneckiemu \u201epropozycj\u0119 nie do odrzucenia\u201d: Czarnecki przyjmie do pracy wskazanego mu prawnika, kt\u00f3ry zagwarantuje spok\u00f3j jego bankom, a w zamian s\u0142ono zap\u0142aci, ile dok\u0142adnie, nie wiadomo (poniewa\u017c wizyt\u00f3wka, na kt\u00f3rej mia\u0142o to zosta\u0107 napisane, zagin\u0119\u0142a), ale nie jest to takie istotne. Bez przesady jest to propozycja rodem z film\u00f3w o mafii, kt\u00f3ra zapewnia \u201eochron\u0119\u201d w\u0142a\u015bcicielom bar\u00f3w, restauracji i dom\u00f3w uciechy na ich terenie. Jest nawet gorzej ni\u017c w filmie: propozycj\u0119 sk\u0142ada szef policji finansowej.<\/p>\n<p>Z pokoju wyciszonego przez szumid\u0142a prowadz\u0105 liczne tropy do znacz\u0105cych osobisto\u015bci oraz instytucji pa\u0144stwa polskiego: Chrzanowski by\u0142 cz\u0142onkiem Rady Polityki Pieni\u0119\u017cnej z ramienia PiS, jednej z najwa\u017cniejszych instytucji finansowych w ka\u017cdym kraju, a tak\u017ce Narodowej (jak\u017ce by inaczej?) Rady Rozwoju przy prezydencie RP, jego protektorem jest Glapi\u0144ski, prezes NBP, jeden z najbli\u017cszych wsp\u00f3\u0142pracownik\u00f3w Jaros\u0142awa Kaczy\u0144skiego jeszcze z czas\u00f3w Porozumienia Centrum. Wa\u017cn\u0105 rol\u0119 w sprawie odgrywa Zdzis\u0142aw Sokal, prezes Bankowego Funduszu Gwarancyjnego, przedstawiciel prezydenta w KNF, a osob\u0105 wskazan\u0105 Chrzanowskiemu do zatrudnienia jest tajemniczy prawnik z Cz\u0119stochowy Grzegorz Kowalczyk, kt\u00f3ry by\u0142 we w\u0142adzach warszawskiej Gie\u0142dy Papier\u00f3w Warto\u015bciowych i jednego z bank\u00f3w, ale nie wiedzia\u0142 (?), jak twierdzi, \u017ce jest jedynym kandydatem na lukratywne stanowisko u Czarneckiego.<\/p>\n<p>To, co powy\u017cej napisa\u0142em, to tylko wierzcho\u0142ek g\u00f3ry lodowej, aspekt sensacyjno-filmowy, gdy\u017c tak naprawd\u0119 chodzi o wielk\u0105 polityk\u0119 i o wielkie pieni\u0105dze \u2013 o doprowadzanie do upadku i o przejmowanie bank\u00f3w, w tym przez banki pa\u0144stwowe, co mia\u0142oby prowadzi\u0107 do nacjonalizacji bank\u00f3w, ich \u201epolonizacji\u201d, czytaj: podporz\u0105dkowania politykom. Za tym wszystkim kryje si\u0119 tak\u017ce walka na najwy\u017cszych szczeblach o w\u0142adz\u0119. Morawiecki, Ziobro, Szyd\u0142o, Glapi\u0144ski i sp\u00f3\u0142ka. Oczywi\u015bcie w\u0142adza b\u0119dzie uspakaja\u0107, \u017ce nic si\u0119 nie sta\u0142o, Polacy, a instytucje pa\u0144stwa dzia\u0142aj\u0105 normalnie (jak na pa\u0144stwo mafijne).<\/p>\n","protected":false},"excerpt":{"rendered":"<p>W\u0142adza b\u0119dzie uspakaja\u0107, \u017ce nic si\u0119 nie sta\u0142o, Polacy, a instytucje pa\u0144stwa dzia\u0142aj\u0105 normalnie (jak na pa\u0144stwo mafijne).<\/p>\n","protected":false},"author":4,"featured_media":4955,"comment_status":"open","ping_status":"closed","sticky":false,"template":"","format":"standard","meta":{"footnotes":""},"categories":[1],"tags":[],"_links":{"self":[{"href":"https:\/\/blog.polityka.pl\/passent\/wp-json\/wp\/v2\/posts\/4948"}],"collection":[{"href":"https:\/\/blog.polityka.pl\/passent\/wp-json\/wp\/v2\/posts"}],"about":[{"href":"https:\/\/blog.polityka.pl\/passent\/wp-json\/wp\/v2\/types\/post"}],"author":[{"embeddable":true,"href":"https:\/\/blog.polityka.pl\/passent\/wp-json\/wp\/v2\/users\/4"}],"replies":[{"embeddable":true,"href":"https:\/\/blog.polityka.pl\/passent\/wp-json\/wp\/v2\/comments?post=4948"}],"version-history":[{"count":3,"href":"https:\/\/blog.polityka.pl\/passent\/wp-json\/wp\/v2\/posts\/4948\/revisions"}],"predecessor-version":[{"id":4953,"href":"https:\/\/blog.polityka.pl\/passent\/wp-json\/wp\/v2\/posts\/4948\/revisions\/4953"}],"wp:featuredmedia":[{"embeddable":true,"href":"https:\/\/blog.polityka.pl\/passent\/wp-json\/wp\/v2\/media\/4955"}],"wp:attachment":[{"href":"https:\/\/blog.polityka.pl\/passent\/wp-json\/wp\/v2\/media?parent=4948"}],"wp:term":[{"taxonomy":"category","embeddable":true,"href":"https:\/\/blog.polityka.pl\/passent\/wp-json\/wp\/v2\/categories?post=4948"},{"taxonomy":"post_tag","embeddable":true,"href":"https:\/\/blog.polityka.pl\/passent\/wp-json\/wp\/v2\/tags?post=4948"}],"curies":[{"name":"wp","href":"https:\/\/api.w.org\/{rel}","templated":true}]}}