
{"id":495,"date":"2008-10-13T10:10:07","date_gmt":"2008-10-13T08:10:07","guid":{"rendered":"http:\/\/passent.blog.polityka.pl\/?p=495"},"modified":"2008-10-13T10:11:41","modified_gmt":"2008-10-13T08:11:41","slug":"lech-czech-i-rus","status":"publish","type":"post","link":"https:\/\/blog.polityka.pl\/passent\/2008\/10\/13\/lech-czech-i-rus\/","title":{"rendered":"Lech, Czech i Rus"},"content":{"rendered":"<p>To dobrze, \u017ce nasi pi\u0142karze wygrali w Czechami i to po znakomitej grze. Przeciera\u0142em oczy ze zdumienia patrz\u0105c na gr\u0119 polskiej dru\u017cyny. Czy\u017cby to byli ci sami pi\u0142karze, kt\u00f3rzy niedawno nie dali sobie rady ze S\u0142oweni\u0105 i m\u0119czyli si\u0119 z mocarstwem futbolowym, jakim jest Andora? Jeszcze troch\u0119, a zaczn\u0119 wierzy\u0107 w cuda, kt\u00f3re b\u0119d\u0105 potrzebne w procesie beatyfikacyjnym Leo Beenhakkera. Proces ten rozpocz\u0105\u0142 si\u0119 ju\u017c wcze\u015bniej, kiedy publiczno\u015b\u0107 skandowa\u0142a \u201eLeo! Leo!\u201d i \u015bpiewa\u0142a \u201eJeszcze Polska\u2026\u201d<\/p>\n<p>To dobrze, \u017ce prezydent Kaczy\u0144ski spotka\u0142 si\u0119 w Cieszynie z prezydentem Czech. Mam nadziej\u0119, \u017ce przed spotkaniem Lech Kaczy\u0144ski przeczyta\u0142 wywiad, jakiego prezydent Klaus udzieli\u0142 \u201eRzeczpospolitej\u201d. Wielu pogl\u0105d\u00f3w Klausa nie podzielam, przede wszystkim jego zgody na rozpad Czechos\u0142owacji, a tak\u017ce eurosceptycyzmu. Niekt\u00f3re pogl\u0105dy uwa\u017cam za warte dyskusji, np. jego sceptycyzm wobec dyktatury ekolog\u00f3w, ale to co, co prezydent Czech ma do powiedzenia w sprawie Rosji, uwa\u017cam wr\u0119cz za s\u0142uszne:<\/p>\n<p><em><strong>&#8222;- W Polsce szerokim echem odbi\u0142o si\u0119 pana stanowisko w sprawie Gruzji<\/strong> <strong>\u2013 <\/strong><\/em><strong>m\u00f3wi dziennikarz, Piotr Semka<\/strong><em><strong>. \u2013 <\/strong><strong>Pana zdaniem g\u0142\u00f3wnym winowajc\u0105 konfliktu jest Gruzja, tymczasem w Polsce dostrzegano raczej z\u0142\u0105 wol\u0119 Rosji.<\/strong><\/em><\/p>\n<p><em><br \/>\n&#8211; Dla mnie Polska, opr\u00f3cz S\u0142owacji, z kt\u00f3ra \u0142\u0105czy\u0142o nas wsp\u00f3lne pa\u0144stwo, to najbli\u017cszy kraj i nar\u00f3d na \u015bwiecie. My\u015bl\u0119, \u017ce rozumiem Polak\u00f3w i w 95% zgadzam si\u0119 z polskim spojrzeniem na \u015bwiat. Natomiast tych 5%, z kt\u00f3rymi si\u0119 nie zgadzam, do nieustanne polskie demonizowanie Rosji. Znam dobrze polsk\u0105 histori\u0119 i powody, dla kt\u00f3rych obawiacie si\u0119 wielkiego pa\u0144stwa ze Wschodu, ale mam wra\u017cenie, \u017ce w dniu dzisiejszym walka przeciwko komunizmowi i Zwi\u0105zkowi Sowieckiemu to absurd.<\/em><\/p>\n<p><em><br \/>\n<strong>&#8211; Istnieje jednak pewna ci\u0105g\u0142o\u015b\u0107 polityki imperialnej \u2013 <\/strong><\/em><strong>wtr\u0105ca red. Semka.<\/strong><\/p>\n<p><em><br \/>\n&#8211; Ja nie dostrzegam tej imperialnej polityki. Mam raczej wra\u017cenie, \u017ce niekt\u00f3rzy chc\u0105 j\u0105 po prostu widzie\u0107. Rosja przez pierwszych 15 lat po upadku komunizmu by\u0142a st\u0142amszona, zastraszona, nie\u015bmia\u0142a, wr\u0119cz niesuwerenna. A teraz, kiedy w ko\u0144cu z\u0142apa\u0142a oddech i zaczyna walczy\u0107 o swoje interesy narodowe, kt\u00f3re s\u0105 tak samo uprawnione jak interes narodowy Polski czy Czech, natychmiast zaczynaj\u0105 si\u0119 oskar\u017cenia o imperializm. My\u015bl\u0119, \u017ce to zbyt wielkie uproszczenie i niepowa\u017cne traktowanie sprawy.&#8221;<\/em><\/p>\n<p>Tyle Klaus. Mo\u017ce Czesi maj\u0105 wi\u0119cej rozumu i w ich kraju taka wypowied\u017a to nic nadzwyczajnego, ale u nas, w Polsce, to murowane oskar\u017cenie o przynale\u017cno\u015b\u0107 do \u201epartii rosyjskiej\u201d, s\u0142u\u017cenie obcym interesom,\u00a0 agentur\u0119 itp.\u00a0 W Polsce prezydent m\u00f3wi w wywiadzie TV, \u017ce podobno (On to s\u0142ysza\u0142, ale nie gwarantuje) wa\u017cny urz\u0119dnik MSZ od polityki wschodniej jest absolwentem moskiewskiej uczelni Mimo. R\u00f3wnie\u017c minister Sikorski chwali si\u0119 w TV, \u017ce on nie przyj\u0105\u0142 do pracy ani jednego absolwenta tej uczelni! To\u017c to absurd. Z jednej strony m\u00f3wi si\u0119 i pisze, \u017ce minister Siergiej \u0141awrow to wysokiej klasy dyplomata, wychowanek \u015bwietnej uczelni, a Rosja ma dobr\u0105 dyplomacj\u0119, z drugiej za\u015b og\u0142asza si\u0119 triumfalnie, \u017ce nikogo o podobnym wykszta\u0142ceniu do pracy by si\u0119 nie przyj\u0119\u0142o.<\/p>\n<p>Stanowisko Klausa, kt\u00f3ry nie dostrzega imperialnej polityki Rosji, jest zaprzeczeniem\u00a0 stanowiska Kaczy\u0144skiego w tej sprawie. Nasz prezydent manifestowa\u0142 je na wiecu w Tbilisi i dotychczas nie ma odwagi powiedzie\u0107, \u017ce Saakaszwili zachowa\u0142 si\u0119 nieroztropnie. Co prawda z Rosji dochodz\u0105 wypowiedzi czasami straszne, post\u0119powanie tamtejszych w\u0142adz potrafi by\u0107 oburzaj\u0105ce, ale nie spos\u00f3b lekcewa\u017cy\u0107 cho\u0107by zastrze\u017ce\u0144 Moskwy w sprawie \u201etarczy\u201d, nie spos\u00f3b ich uzna\u0107 za absurdalne. Rosjanie nie s\u0105 tacy g\u0142upi, by uwierzy\u0107, \u017ce tarcza stanie przeciwko Korei. W Polsce jest bardzo niewielu autor\u00f3w, kt\u00f3rzy maj\u0105 odwag\u0119 pisa\u0107 o Rosji beznami\u0119tnie (nale\u017cy do nich m.in. prof. \u0141agowski). Lektura Klausa o Rosji jest krzepi\u0105ca i powinna otrze\u017awi\u0107 niekt\u00f3re rozpalone umys\u0142y w Polsce.<\/p>\n","protected":false},"excerpt":{"rendered":"<p>To dobrze, \u017ce nasi pi\u0142karze wygrali w Czechami i to po znakomitej grze. Przeciera\u0142em oczy ze zdumienia patrz\u0105c na gr\u0119 polskiej dru\u017cyny. Czy\u017cby to byli ci sami pi\u0142karze, kt\u00f3rzy niedawno nie dali sobie rady ze S\u0142oweni\u0105 i m\u0119czyli si\u0119 z mocarstwem futbolowym, jakim jest Andora? Jeszcze troch\u0119, a zaczn\u0119 wierzy\u0107 w cuda, kt\u00f3re b\u0119d\u0105 potrzebne [&hellip;]<\/p>\n","protected":false},"author":4,"featured_media":0,"comment_status":"open","ping_status":"open","sticky":false,"template":"","format":"standard","meta":{"footnotes":""},"categories":[1],"tags":[],"_links":{"self":[{"href":"https:\/\/blog.polityka.pl\/passent\/wp-json\/wp\/v2\/posts\/495"}],"collection":[{"href":"https:\/\/blog.polityka.pl\/passent\/wp-json\/wp\/v2\/posts"}],"about":[{"href":"https:\/\/blog.polityka.pl\/passent\/wp-json\/wp\/v2\/types\/post"}],"author":[{"embeddable":true,"href":"https:\/\/blog.polityka.pl\/passent\/wp-json\/wp\/v2\/users\/4"}],"replies":[{"embeddable":true,"href":"https:\/\/blog.polityka.pl\/passent\/wp-json\/wp\/v2\/comments?post=495"}],"version-history":[{"count":0,"href":"https:\/\/blog.polityka.pl\/passent\/wp-json\/wp\/v2\/posts\/495\/revisions"}],"wp:attachment":[{"href":"https:\/\/blog.polityka.pl\/passent\/wp-json\/wp\/v2\/media?parent=495"}],"wp:term":[{"taxonomy":"category","embeddable":true,"href":"https:\/\/blog.polityka.pl\/passent\/wp-json\/wp\/v2\/categories?post=495"},{"taxonomy":"post_tag","embeddable":true,"href":"https:\/\/blog.polityka.pl\/passent\/wp-json\/wp\/v2\/tags?post=495"}],"curies":[{"name":"wp","href":"https:\/\/api.w.org\/{rel}","templated":true}]}}