
{"id":496,"date":"2008-10-14T22:25:21","date_gmt":"2008-10-14T20:25:21","guid":{"rendered":"http:\/\/passent.blog.polityka.pl\/?p=496"},"modified":"2008-10-14T22:34:16","modified_gmt":"2008-10-14T20:34:16","slug":"piaskownica","status":"publish","type":"post","link":"https:\/\/blog.polityka.pl\/passent\/2008\/10\/14\/piaskownica\/","title":{"rendered":"Piaskownica"},"content":{"rendered":"<p><strong>Najnowsza decyzja premiera Tuska, kt\u00f3ry odbiera prezydentowi samolot rz\u0105dowy, \u017ceby ten nie m\u00f3g\u0142 dolecie\u0107 na \u201eszczyt\u201d w Brukseli, jest niepowa\u017cna. To zagranie na poziomie piaskownicy i dalsza degradacja polityki polskiej<\/strong>.<\/p>\n<p>W sprawie meritum, tj. kto ma uczestniczy\u0107 w obradach i kto ma sta\u0107 na czele delegacji polskiej, popieram stanowisko rz\u0105du. Nie chodzi\u00a0 przy tym o interpretacj\u0119 Konstytucji, kazuistyk\u0119 prawnicz\u0105,\u00a0 powo\u0142ywanie si\u0119 na inne kraje czy na czasy Kwa\u015bniewskiego. Chodzi o co\u015b powa\u017cniejszego,\u00a0 o to, \u017ce naleganie prezydenta na udzia\u0142 w obradach w Brukseli (w innych warunkach ca\u0142kowicie dopuszczalne i normalne), w Polsce normalne nie jest, poniewa\u017c to cz\u0119\u015b\u0107 kampanii Lecha Kaczy\u0144skiego i PiS, kt\u00f3ra ma na celu ograniczenie roli rz\u0105du, degradacj\u0119 premiera, po to, \u017ceby jednocze\u015bnie twierdzi\u0107, \u017ce premier jest s\u0142aby, a rz\u0105d nijaki. Up\u00f3r, z jakim prezydent wybiera si\u0119 do Brukseli, nale\u017cy rozpatrywa\u0107 \u0142\u0105cznie z zapowiedziami wetowania proponowanej przez rz\u0105d reformy s\u0142u\u017cby zdrowia, systemu emerytalnego, wetem w sprawie medi\u00f3w publicznych, oskar\u017ceniami o roztrwonienie dorobku ostatnich dw\u00f3ch lat (czyli rz\u0105d\u00f3w PiS) w sprawach zagranicznych,\u00a0 po to, \u017ceby nast\u0119pnie oskar\u017ca\u0107 rz\u0105d o nieskuteczno\u015b\u0107 i zaniechania. Prezydent jest prezydentem opozycji, na czele kt\u00f3rej stoi jego brat, a nie prezydentem wszystkich Polak\u00f3w.<\/p>\n<p><img loading=\"lazy\" decoding=\"async\" src=\"http:\/\/passent.blog.polityka.pl\/wp-content\/uploads\/0czarterek450.jpg\" alt=\"0czarterek450.jpg\" title=\"0czarterek450.jpg\" align=\"middle\" border=\"0\" width=\"450\" height=\"430\" \/><\/p>\n<p><em>Fot. Wojciech Olku\u015bnik \/ AG<\/em><\/p>\n<p>ALE, podkre\u015blam \u201eale\u201d, skoro racja le\u017cy po stronie rz\u0105du, to tym bardziej premier Tusk i jego ludzie nie powinni dawa\u0107 si\u0119 prowokowa\u0107, anga\u017cowa\u0107 si\u0119 w wymian\u0119 z\u0142o\u015bliwo\u015bci i zabieranie zabawek w piaskownicy. Okazuje si\u0119, \u017ce nie tylko w obozie Jaros\u0142awa Kaczy\u0144skiego, Jacka Kurskiego czy Joachima Brudzi\u0144skiego, ale r\u00f3wnie\u017c po stronie Platformy pojawiaj\u0105 si\u0119 wypowiedzi &#8211; delikatnie m\u00f3wi\u0105c \u2013 niestosowne. Odsy\u0142anie prezydenta do biura podro\u017cy, powo\u0142ywanie si\u0119 na chorob\u0119 pilota samolotu rz\u0105dowego czy zaklinanie prezydenta (przez ministra Sikorskiego), \u017ceby \u201eodpu\u015bci\u0142\u201d \u2013 na to nie ma usprawiedliwienia. Co to za forma \u201eniech pan odpu\u015bci\u201d w ustach ministra Spraw Zagranicznych? A ju\u017c najnowsza decyzja premiera \u2013 pozbawienie prezydenta mo\u017cliwo\u015bci skorzystania z samolotu rz\u0105dowego \u2013 jest beznadziejna. Urz\u0119dowi Prezydenta, nawet je\u017celi pe\u0142ni go Lech Kaczy\u0144ski, kt\u00f3rego post\u0119powanie niejednokrotnie jest nie na poziomie \u2013 nale\u017cy si\u0119 szacunek. Inaczej, daje si\u0119 \u017cer Piotrowi Kownackiemu i wielu innym, kt\u00f3rzy b\u0119d\u0105 op\u0142akiwa\u0107 b\u00f3l niewinnego\u00a0 prezydenta zadany mu przez\u00a0 premiera z wilczymi oczami.\u00a0\u00a0 Pro-Tuskowe nastroje mog\u0105 si\u0119 odwr\u00f3ci\u0107.<\/p>\n<p>Premier po raz drugi w kr\u00f3tkim czasie \u017ale wybra\u0142 pole konfrontacji \u2013 najpierw PZPN, teraz Bruksela. Trzeba by\u0142o zaoferowa\u0107 samolot, trzeba by\u0142o obieca\u0107, \u017ce je\u017celi prezydent chce by\u0107 obecny, to mo\u017ce dysponowa\u0107 miejscem obok premiera, nawet je\u017celi to mia\u0142oby oznacza\u0107, \u017ce b\u0119dzie \u201eprzewodnicz\u0105cym\u201d delegacji. Odbieraj\u0105c prezydentowi samolot i gro\u017c\u0105c, \u017ce Kaczy\u0144ski nie b\u0119dzie m\u00f3g\u0142 uczestniczy\u0107 w obradach, Tusk daje si\u0119 wci\u0105gn\u0105\u0107\u00a0 do piaskownicy, pozwala prezydentowi wyst\u0105pi\u0107 w roli pokrzywdzonego i prze\u015bladowanego, co Lechowi\u00a0 Kaczy\u0144skiemu jest na r\u0119k\u0119. Ma\u0142o tego, coraz wi\u0119cej os\u00f3b zapomni ju\u017c o co chodzi\u0142o, i utwierdzi si\u0119 w przekonaniu, \u017ce wart Pac pa\u0142aca, wzi\u0119li si\u0119 za czuby, trzeba ich rozdzieli\u0107 itd. itp.<\/p>\n<p>Wygl\u0105da na to,\u00a0 \u017ce to starcie z Kaczy\u0144skim Tusk przegra tak, jak przegra\u0142 z Listkiewiczem i Blatterem.\u00a0 Ale pi\u0142ka jest w grze, a do wybor\u00f3w daleko.<\/p>\n","protected":false},"excerpt":{"rendered":"<p>Najnowsza decyzja premiera Tuska, kt\u00f3ry odbiera prezydentowi samolot rz\u0105dowy, \u017ceby ten nie m\u00f3g\u0142 dolecie\u0107 na \u201eszczyt\u201d w Brukseli, jest niepowa\u017cna. To zagranie na poziomie piaskownicy i dalsza degradacja polityki polskiej. W sprawie meritum, tj. kto ma uczestniczy\u0107 w obradach i kto ma sta\u0107 na czele delegacji polskiej, popieram stanowisko rz\u0105du. Nie chodzi\u00a0 przy tym o [&hellip;]<\/p>\n","protected":false},"author":4,"featured_media":0,"comment_status":"open","ping_status":"open","sticky":false,"template":"","format":"standard","meta":{"footnotes":""},"categories":[1],"tags":[],"_links":{"self":[{"href":"https:\/\/blog.polityka.pl\/passent\/wp-json\/wp\/v2\/posts\/496"}],"collection":[{"href":"https:\/\/blog.polityka.pl\/passent\/wp-json\/wp\/v2\/posts"}],"about":[{"href":"https:\/\/blog.polityka.pl\/passent\/wp-json\/wp\/v2\/types\/post"}],"author":[{"embeddable":true,"href":"https:\/\/blog.polityka.pl\/passent\/wp-json\/wp\/v2\/users\/4"}],"replies":[{"embeddable":true,"href":"https:\/\/blog.polityka.pl\/passent\/wp-json\/wp\/v2\/comments?post=496"}],"version-history":[{"count":0,"href":"https:\/\/blog.polityka.pl\/passent\/wp-json\/wp\/v2\/posts\/496\/revisions"}],"wp:attachment":[{"href":"https:\/\/blog.polityka.pl\/passent\/wp-json\/wp\/v2\/media?parent=496"}],"wp:term":[{"taxonomy":"category","embeddable":true,"href":"https:\/\/blog.polityka.pl\/passent\/wp-json\/wp\/v2\/categories?post=496"},{"taxonomy":"post_tag","embeddable":true,"href":"https:\/\/blog.polityka.pl\/passent\/wp-json\/wp\/v2\/tags?post=496"}],"curies":[{"name":"wp","href":"https:\/\/api.w.org\/{rel}","templated":true}]}}