
{"id":4961,"date":"2018-11-21T12:57:31","date_gmt":"2018-11-21T11:57:31","guid":{"rendered":"https:\/\/passent.blog.polityka.pl\/?p=4961"},"modified":"2018-11-21T15:13:46","modified_gmt":"2018-11-21T14:13:46","slug":"opor-opor-i-jeszcze-raz-opor","status":"publish","type":"post","link":"https:\/\/blog.polityka.pl\/passent\/2018\/11\/21\/opor-opor-i-jeszcze-raz-opor\/","title":{"rendered":"Op\u00f3r, op\u00f3r i jeszcze raz op\u00f3r"},"content":{"rendered":"<p>Jeszcze mamy w uszach zapewnienia, \u017ce deforma systemu sprawiedliwo\u015bci zostanie doprowadzona do ko\u0144ca, a jej sercem jest S\u0105d Najwy\u017cszy, jeszcze mamy przed oczyma kampani\u0119 dyskredytuj\u0105c\u0105 \u201ekast\u0119 s\u0119dziowsk\u0105\u201d, jeszcze unosz\u0105 si\u0119 w powietrzu butne zapewnienia, i\u017c \u017cadna instytucja europejska, \u017cadna \u201ewyimaginowana wsp\u00f3lnota\u201d nie b\u0119dzie nam dyktowa\u0107, jakie mamy mie\u0107 s\u0105downictwo, jeszcze z naszych telewizor\u00f3w nie znikn\u0105\u0142 obraz arogancji premiera, \u017ce doceniamy fundusze europejskie, kt\u00f3re pomog\u0105 nam w naprawach chodnik\u00f3w, jeszcze nie och\u0142on\u0119li\u015bmy z sygna\u0142\u00f3w lekcewa\u017cenia instytucji europejskich, np. w postaci absencji ministra Ziobry i wys\u0142ania drobniejszego urz\u0119dnika na wys\u0142uchanie w TSUE, a ju\u017c dowiedzieli\u015bmy si\u0119, \u017ce w ko\u0144cu w\u0142adze polskiego pa\u0144stwa ugi\u0119\u0142y si\u0119 przed skumulowan\u0105 presj\u0105 znacznej cz\u0119\u015bci spo\u0142ecze\u0144stwa polskiego (demonstrant\u00f3w pogardliwie zwanych \u201espacerowiczami&#8221;) oraz instytucji Unii Europejskiej i wycofuj\u0105 si\u0119 z wyrzucenia s\u0119dzi\u00f3w SN, kt\u00f3rzy osi\u0105gn\u0119li 65. rok, i uznaj\u0105, \u017ce kadencj\u0119 I prezes S\u0105du Najwy\u017cszego Ma\u0142gorzaty Gersdorf uwa\u017ca\u0107 si\u0119 b\u0119dzie za nieprzerwan\u0105. Uchylone zostaj\u0105 przepisy, kt\u00f3re zmusza\u0142y s\u0119dzi\u00f3w (65+) do przej\u015bcia w stan spoczynku. Powr\u00f3c\u0105 do pracy na poprzednich warunkach.<br \/>\n<!--more--><br \/>\nRuch PiS to skutek szerokich protest\u00f3w w Polsce i reakcji mi\u0119dzynarodowej, w tym Trybuna\u0142u Sprawiedliwo\u015bci Unii Europejskiej, m.in. w postaci zastosowania tzw. \u015brodk\u00f3w tymczasowych, nakazuj\u0105cych zawieszenie pisowskiej Ustawy o S\u0105dzie Najwy\u017cszym.<\/p>\n<p>Co by si\u0119 sta\u0142o, gdyby nie by\u0142o nowelizacji i rz\u0105d szed\u0142 na twarde starcie z Bruksel\u0105? \u2013 zapyta\u0142 dziennikarz prawicowego portalu wPolityce pos\u0142a Piotrowicza z PiS (przewodnicz\u0105cy komisji sejmowej). Tym razem Piotrowicz jest bliski prawdy. \u201ePrzede wszystkim uprawdopodobniona by\u0142aby teza lansowana przez opozycj\u0119, \u017ce Polska zmierza do wyj\u015bcia z UE, a doskonale wiemy, \u017ce zdecydowana wi\u0119kszo\u015b\u0107 Polak\u00f3w nie chce wyj\u015bcia z Unii. Tego rodzaju dzia\u0142anie polityczne jest dowodem, kto wprowadza w b\u0142\u0105d opini\u0119 publiczn\u0105&#8221;.<\/p>\n<p>&#8222;Nie tylko w Polsce, ale i w innych krajach UE panuje s\u0119dziokracja. Jeste\u015bmy temu przeciwni, ale widzimy, \u017ce w Polsce mog\u0105 liczy\u0107 na przychylno\u015b\u0107 w strukturach unijnych&#8221; \u2013 powiedzia\u0142 Piotrowicz i do pewnego stopnia ma racj\u0119: w\u0142adza s\u0105downicza w Europie jest r\u00f3wnorz\u0119dnym partnerem w tr\u00f3jpodziale w\u0142adz. I tak powinno by\u0107 w Polsce. Wymiar sprawiedliwo\u015bci zosta\u0142 zniszczony, ale S\u0105d Najwy\u017cszy &#8211; ocalony. Jest jeszcze bardzo du\u017co do zrobienia, by uniezale\u017cni\u0107 wymiar sprawiedliwo\u015bci od polityk\u00f3w i uwolni\u0107 od beneficjent\u00f3w \u201edobrej zmiany\u201d, takich jak Leszek Mazur, przewodnicz\u0105cy nowej KRS, kt\u00f3ry powiedzia\u0142, \u017ce prof. Ma\u0142gorzata Gersdorf b\u0119dzie \u201eponownie\u201d I prezes SN. Nie \u201eponownie\u201d, panie przewodnicz\u0105cy, poniewa\u017c nadal ni\u0105 jest i nie przesta\u0142a ni\u0105 by\u0107. To tylko panu Mazurowi i jemu podobnym wydawa\u0142o si\u0119 inaczej.<\/p>\n<p>Dzi\u0119kujemy Ci, Europo!<\/p>\n","protected":false},"excerpt":{"rendered":"<p>Dzi\u0119kujemy Ci, Europo!<\/p>\n","protected":false},"author":4,"featured_media":4965,"comment_status":"open","ping_status":"closed","sticky":false,"template":"","format":"standard","meta":{"footnotes":""},"categories":[1],"tags":[],"_links":{"self":[{"href":"https:\/\/blog.polityka.pl\/passent\/wp-json\/wp\/v2\/posts\/4961"}],"collection":[{"href":"https:\/\/blog.polityka.pl\/passent\/wp-json\/wp\/v2\/posts"}],"about":[{"href":"https:\/\/blog.polityka.pl\/passent\/wp-json\/wp\/v2\/types\/post"}],"author":[{"embeddable":true,"href":"https:\/\/blog.polityka.pl\/passent\/wp-json\/wp\/v2\/users\/4"}],"replies":[{"embeddable":true,"href":"https:\/\/blog.polityka.pl\/passent\/wp-json\/wp\/v2\/comments?post=4961"}],"version-history":[{"count":4,"href":"https:\/\/blog.polityka.pl\/passent\/wp-json\/wp\/v2\/posts\/4961\/revisions"}],"predecessor-version":[{"id":4966,"href":"https:\/\/blog.polityka.pl\/passent\/wp-json\/wp\/v2\/posts\/4961\/revisions\/4966"}],"wp:featuredmedia":[{"embeddable":true,"href":"https:\/\/blog.polityka.pl\/passent\/wp-json\/wp\/v2\/media\/4965"}],"wp:attachment":[{"href":"https:\/\/blog.polityka.pl\/passent\/wp-json\/wp\/v2\/media?parent=4961"}],"wp:term":[{"taxonomy":"category","embeddable":true,"href":"https:\/\/blog.polityka.pl\/passent\/wp-json\/wp\/v2\/categories?post=4961"},{"taxonomy":"post_tag","embeddable":true,"href":"https:\/\/blog.polityka.pl\/passent\/wp-json\/wp\/v2\/tags?post=4961"}],"curies":[{"name":"wp","href":"https:\/\/api.w.org\/{rel}","templated":true}]}}