
{"id":4968,"date":"2018-11-25T22:29:46","date_gmt":"2018-11-25T21:29:46","guid":{"rendered":"https:\/\/passent.blog.polityka.pl\/?p=4968"},"modified":"2018-11-26T09:24:22","modified_gmt":"2018-11-26T08:24:22","slug":"reprymenda-z-waszyngtonu","status":"publish","type":"post","link":"https:\/\/blog.polityka.pl\/passent\/2018\/11\/25\/reprymenda-z-waszyngtonu\/","title":{"rendered":"Reprymenda z Waszyngtonu"},"content":{"rendered":"<p>Media rz\u0105dowe, zwane publicznymi, oraz ich organy \u201eniezale\u017cne\u201d milcz\u0105 na temat ostrze\u017cenia, jakie ambasador USA w Polsce Georgette Mosbacher wyg\u0142osi\u0142a na temat wolno\u015bci medi\u00f3w w naszym kraju.<br \/>\n<!--more--><br \/>\nDlaczego milcz\u0105 \u2013 to jasne, ch\u0119tnie ukry\u0142yby t\u0119 wiadomo\u015b\u0107 w og\u00f3le, gdy\u017c \u2013 jak powiedzia\u0142 Jaros\u0142aw Kaczy\u0144ski \u2013 jeste\u015bmy najbardziej demokratycznym pa\u0144stwem w Europie. Dlaczego natomiast milcz\u0105 tak\u017ce media niezale\u017cne \u2013 trudniej ustali\u0107. By\u0107 mo\u017ce dlatego, \u017ce ostatnimi czasy maj\u0105 tyle wiadomo\u015bci kompromituj\u0105cych rz\u0105d, \u017ce musz\u0105 wybiera\u0107.<\/p>\n<p>Tymczasem rzecz nie jest b\u0142aha. Ambasador Stan\u00f3w Zjednoczonych powiedzia\u0142a m.in.: \u201eJest jedna rzecz, co do kt\u00f3rej Kongres ameryka\u0144ski, republikanie i demokraci, jest zgodny: wolno\u015b\u0107 prasy. Nie mog\u0119 tego inaczej wyrazi\u0107. Kongres Stan\u00f3w Zjednoczonych jest bardzo pozytywnie nastawiony do Polski. Demokraci i republikanie bardzo ch\u0119tnie pomagaj\u0105 Polsce, bo wiedz\u0105, \u017ce Polska jest bardzo wa\u017cnym sojusznikiem. Ale to si\u0119 mo\u017ce wszystko posypa\u0107. Je\u015bli chodzi o wolno\u015b\u0107 prasy, to w USA wszystko jest czarno-bia\u0142e. I m\u00f3wi\u0119 o tym, przestrzegam pa\u0144stwa, bo s\u0142ysz\u0119 o tym ci\u0105gle. (&#8230;) Mog\u0119 zrobi\u0107 naprawd\u0119 du\u017co, ale je\u015bli chodzi o wolno\u015b\u0107 prasy, to prosz\u0119 do mnie nie dzwoni\u0107\u201d.<\/p>\n<p>Jest to ju\u017c kolejne ostrze\u017cenie Waszyngtonu pod adresem Polski z powodu zagro\u017cenia wolno\u015bci medi\u00f3w. Poprzednie przekazywa\u0142a rzecznik Departamentu Stanu. Wtedy m\u00f3wiono, \u017ce Amerykanie broni\u0105 swoich (TVN), dzisiaj kontekst jest chyba szerszy, gdy\u017c na drugie p\u00f3\u0142rocze zapowiadano \u201epolonizacj\u0119\u201d medi\u00f3w oraz inne sposoby ich zakneblowania. Cz\u0119\u015b\u0107 z nich jest ju\u017c realizowana, np. pozbawienie niezale\u017cnych medi\u00f3w reklam i og\u0142osze\u0144 sp\u00f3\u0142ek skarbu pa\u0144stwa. Pa\u0144stwo PiS tuczy tylko swoich. Oczywi\u015bcie, dyplomaci nie s\u0105 \u015blepi.<\/p>\n<p>Gdyby powy\u017csze ostrze\u017cenie pochodzi\u0142o od ambasadora jakiegokolwiek innego kraju \u2013 od Berlina do Tokio \u2013 polski MSZ i media prorz\u0105dowe zareagowa\u0142yby inaczej. \u201eNie b\u0119d\u0105 nas poucza\u0107\u201d, \u201eoburzaj\u0105ca interwencja w sprawy wewn\u0119trzne\u201d, \u201eniedopuszczalna wypowied\u017a\u201d, \u201eambasador wezwany do MSZ\u201d, \u201ereprymenda\u201d itp. Poniewa\u017c jednak mamy do czynienia z jedynym sojusznikiem, kt\u00f3rego w\u0142adze polskie s\u0142uchaj\u0105, nie s\u0142ysza\u0142em \u017cadnego g\u0142osu protestu ani ura\u017conej dumy. Gdzie si\u0119 podzia\u0142a nasza godno\u015b\u0107? Czy wstali\u015bmy z kolan? Czy jeste\u015bmy partnerem, z kt\u00f3rym trzeba si\u0119 liczy\u0107?<\/p>\n<p>Warszawa prze\u0142yka gorzk\u0105 pigu\u0142k\u0119, prezydent, premier, tak na og\u00f3\u0142 wra\u017cliwi na punkcie suwerenno\u015bci, milcz\u0105 jak zakl\u0119ci. Ale to nie znaczy, \u017ce my te\u017c mamy milcze\u0107.<\/p>\n","protected":false},"excerpt":{"rendered":"<p>Dyplomaci nie s\u0105 \u015blepi.<\/p>\n","protected":false},"author":4,"featured_media":4972,"comment_status":"open","ping_status":"closed","sticky":false,"template":"","format":"standard","meta":{"footnotes":""},"categories":[1],"tags":[],"_links":{"self":[{"href":"https:\/\/blog.polityka.pl\/passent\/wp-json\/wp\/v2\/posts\/4968"}],"collection":[{"href":"https:\/\/blog.polityka.pl\/passent\/wp-json\/wp\/v2\/posts"}],"about":[{"href":"https:\/\/blog.polityka.pl\/passent\/wp-json\/wp\/v2\/types\/post"}],"author":[{"embeddable":true,"href":"https:\/\/blog.polityka.pl\/passent\/wp-json\/wp\/v2\/users\/4"}],"replies":[{"embeddable":true,"href":"https:\/\/blog.polityka.pl\/passent\/wp-json\/wp\/v2\/comments?post=4968"}],"version-history":[{"count":3,"href":"https:\/\/blog.polityka.pl\/passent\/wp-json\/wp\/v2\/posts\/4968\/revisions"}],"predecessor-version":[{"id":4971,"href":"https:\/\/blog.polityka.pl\/passent\/wp-json\/wp\/v2\/posts\/4968\/revisions\/4971"}],"wp:featuredmedia":[{"embeddable":true,"href":"https:\/\/blog.polityka.pl\/passent\/wp-json\/wp\/v2\/media\/4972"}],"wp:attachment":[{"href":"https:\/\/blog.polityka.pl\/passent\/wp-json\/wp\/v2\/media?parent=4968"}],"wp:term":[{"taxonomy":"category","embeddable":true,"href":"https:\/\/blog.polityka.pl\/passent\/wp-json\/wp\/v2\/categories?post=4968"},{"taxonomy":"post_tag","embeddable":true,"href":"https:\/\/blog.polityka.pl\/passent\/wp-json\/wp\/v2\/tags?post=4968"}],"curies":[{"name":"wp","href":"https:\/\/api.w.org\/{rel}","templated":true}]}}