
{"id":497,"date":"2008-10-16T22:28:21","date_gmt":"2008-10-16T20:28:21","guid":{"rendered":"http:\/\/passent.blog.polityka.pl\/?p=497"},"modified":"2008-10-16T22:28:21","modified_gmt":"2008-10-16T20:28:21","slug":"szczyt-i-dno","status":"publish","type":"post","link":"https:\/\/blog.polityka.pl\/passent\/2008\/10\/16\/szczyt-i-dno\/","title":{"rendered":"Szczyt i dno"},"content":{"rendered":"<p><strong>Brukselski szczyt by\u0142 dla Polski udany, ale i pokaza\u0142 jej dno<\/strong>.<\/p>\n<p>By\u0142 udany, poniewa\u017c w najwa\u017cniejszej dzi\u015b dla Polski sprawie energetyczno &#8211; klimatycznej, uda\u0142o si\u0119 odsun\u0105\u0107 niebezpiecze\u0144stwo, zmontowa\u0107 koalicj\u0119 8-10 pa\u0144stw zagro\u017conych, kt\u00f3re zdo\u0142a\u0142y wymusi\u0107, \u017ce w tych sprawach konieczna b\u0119dzie jednomy\u015blno\u015b\u0107, a tym samym b\u0119dzie obowi\u0105zywa\u0142o prawo weta. (Sarkozy z kolei\u00a0 wymusi\u0142 grudzie\u0144, jako termin ostatecznych ustale\u0144 dotycz\u0105cych emisji CO2, w kt\u00f3rej jeste\u015bmy pot\u0119g\u0105.). Szczyt by\u0142 udany, poniewa\u017c uda\u0142o si\u0119 wprowadzi\u0107 Wa\u0142\u0119s\u0119 do grona m\u0119drc\u00f3w, a Balcerowicza do przysz\u0142ej rady ekspert\u00f3w. Obie te kandydatury s\u0105\u00a0 nie w smak braciom Kaczy\u0144skim, ale ich nie torpedowali, tak jak nie torpedowali kandydatury Aleksandra Kwa\u015bniewskiego, kiedy ten stara\u0142 si\u0119 o urz\u0105d mi\u0119dzynarodowy. Lech Wa\u0142\u0119sa nie jest m\u0119drcem typowym, ale jest symbolem\u00a0 Polski ze wszech miar korzystnym, i to wystarczy, a stanowisko i tak\u00a0 przygotuje mu MSZ (dop\u00f3ki na czele resortu nie stoi p. Fotyga lub p. Szczyg\u0142o). Tak\u017ce Leszek Balcerowicz, jak\u017ce krytykowany przez \u201ePolsk\u0119 solidarn\u0105\u201d PiS \u2013 wstydu nam nie przyniesie. Nawet je\u015bli jego liberalne idea\u0142y straci\u0142y blask. Szczyt by\u0142 udany, poniewa\u017c awantura Tusk \u2013 Kaczy\u0144ski nie przybra\u0142a gorszego obrotu.<\/p>\n<p>Bo ten szczyt ujawni\u0142 tak\u017ce dno polskiej polityki, wybuja\u0142e ambicje, brak kultury i okrzesania. Prezydent Kaczy\u0144ski jest w jakiej\u015b antyrz\u0105dowej ekstazie, a mo\u017ce nawet w amoku. Ten cz\u0142owiek prze\u017cy\u0142 jak\u0105\u015b metamorfoz\u0119. Zaczyna\u0142 jako prezydent wystraszony, smutny, przygn\u0119biony, kt\u00f3ry ca\u0142ymi dniami nie pokazywa\u0142 si\u0119 publicznie,\u00a0 nie wychodzi\u0142 z pa\u0142acu. Potem nadesz\u0142a faza ocieplania wizerunku, kolacja z ma\u0142\u017conk\u0105 przy \u015bwiecach etc. Teraz z ocieplenia pozosta\u0142 sztuczny u\u015bmiech, ale nadesz\u0142a faza zdwojonej energii \u2013 podr\u00f3\u017ce od Tbilisi do Brukseli, kampania wyborcza w kolejnych miastach Polski,\u00a0 liczne wywiady dla medi\u00f3w, a tak\u017ce zaczepno\u015b\u0107, agresja, jaka jest specjalno\u015bci\u0105 Jaros\u0142awa. Nieustanna krytyka rz\u0105du, \u017ce roztrwoni\u0142 dorobek dw\u00f3ch lat rz\u0105d\u00f3w JK, pogardliwe\u00a0 uwagi w rodzaju \u201epoda\u0142em r\u0119k\u0119 Kiszczakowi \u2013 podam i Tuskowi\u201d, czy Lech Wa\u0142\u0119sa \u2013 \u201eprosty absolwent zawod\u00f3wki\u201d, to mam na my\u015bli pisz\u0105c o dnie.<\/p>\n<p>Niestety, prezydentowi uda\u0142o si\u0119 \u015bci\u0105gn\u0105\u0107 do parteru premiera, kt\u00f3ry dotychczas zachowywa\u0142 si\u0119 w spos\u00f3b bardziej elegancki. Kiedy znalaz\u0142 si\u0119 na dnie, zacz\u0105\u0142 m\u00f3wi\u0107, \u017ce \u201enie potrzebuje pana prezydenta\u201d, zabra\u0142 mu samolot i pozwoli\u0142 swoim rewelersom na niestosowne wypowiedzi w rodzaju \u201ebiuro podr\u00f3\u017cy, czarter, prezydent si\u0119 wpycha, niech pan odpu\u015bci etc\u201d. Ca\u0142e szcz\u0119\u015bcie, \u017ce Tusk wreszcie si\u0119 zreflektowa\u0142 i przeprosi\u0142 tych, kt\u00f3rzy czuli si\u0119 tym widowiskiem zdegustowani. Tusk jest politykiem bardzo kompetentnym i opanowanym. Szkoda, \u017ce da\u0142 si\u0119 sprowokowa\u0107, a w sprawach PZPN i Brukseli wr\u0119cz si\u0119 przeliczy\u0142. Okazuje si\u0119, \u017ce szczyt i dno s\u0105 bardzo blisko siebie.<\/p>\n<p>Fornir, jaki pokrywa polityk\u00f3w, jest cienki, a politura \u0142atwo schodzi. Warto zwr\u00f3ci\u0107 uwag\u0119, \u017ce (przy walnym udziale medi\u00f3w) ma\u0142o m\u00f3wi si\u0119 o sprawach wa\u017cnych, takich jak konkluzje szczytu, a w kraju los s\u0142u\u017cby zdrowia i emeryt\u00f3w pomostowych, dominuje \u201eafera krzes\u0142owa\u201d. Mo\u017cna to nazwa\u0107 now\u0105 polityk\u0105 w wykonaniu nowych polityk\u00f3w. Nowa polityka musi by\u0107 prosta, tak \u017ceby zrozumia\u0142 j\u0105 czytelnik \u201eFaktu\u201d i prosty telewidz po zawod\u00f3wce: dziadek w Wehrmachcie, ojciec w UB, brat \u2013 aferzysta, oszust alimentacyjny, wyrodny ojciec, zomowiec, wychowanek podw\u00f3rka itd., itp.<\/p>\n<p>Nowa polityka wymaga nowych polityk\u00f3w. Ich g\u0142\u00f3wne zalety to powierzchowno\u015b\u0107, szybka orientacja, nie zapominaj\u0105 j\u0119zyka w buzi, w mig \u0142api\u0105 instrukcje szefa, s\u0105 zdolni do k\u0142\u00f3tni, trudno ich zbi\u0107 z tropu, wygadani \u201ena maksa\u201d, w miar\u0119 z\u0142o\u015bliwi, r\u00f3wnorz\u0119dni partnerzy dla dziennikarzy i adwersarzy w studio. Gosiewski, Ziobro, Nowak, Kownacki, Kurski, Brudzi\u0144ski, Szczyg\u0142o, Marcinkiewicz (chyba najbardziej z nich kiczowaty) to s\u0105 nowi politycy, politycy XXI wieku, aktorzy sceny politycznej. Coraz bardziej upodabniaj\u0105 si\u0119 do\u00a0 dziennikarek (i dziennikarzy), kt\u00f3rzy przes\u0142uchuj\u0105 ich w studio, a dziennikarze coraz bardziej przypominaj\u0105 polityk\u00f3w. I tak toczy si\u0119 \u015bwiatek.<\/p>\n","protected":false},"excerpt":{"rendered":"<p>Brukselski szczyt by\u0142 dla Polski udany, ale i pokaza\u0142 jej dno. By\u0142 udany, poniewa\u017c w najwa\u017cniejszej dzi\u015b dla Polski sprawie energetyczno &#8211; klimatycznej, uda\u0142o si\u0119 odsun\u0105\u0107 niebezpiecze\u0144stwo, zmontowa\u0107 koalicj\u0119 8-10 pa\u0144stw zagro\u017conych, kt\u00f3re zdo\u0142a\u0142y wymusi\u0107, \u017ce w tych sprawach konieczna b\u0119dzie jednomy\u015blno\u015b\u0107, a tym samym b\u0119dzie obowi\u0105zywa\u0142o prawo weta. (Sarkozy z kolei\u00a0 wymusi\u0142 grudzie\u0144, jako [&hellip;]<\/p>\n","protected":false},"author":4,"featured_media":0,"comment_status":"open","ping_status":"open","sticky":false,"template":"","format":"standard","meta":{"footnotes":""},"categories":[1],"tags":[],"_links":{"self":[{"href":"https:\/\/blog.polityka.pl\/passent\/wp-json\/wp\/v2\/posts\/497"}],"collection":[{"href":"https:\/\/blog.polityka.pl\/passent\/wp-json\/wp\/v2\/posts"}],"about":[{"href":"https:\/\/blog.polityka.pl\/passent\/wp-json\/wp\/v2\/types\/post"}],"author":[{"embeddable":true,"href":"https:\/\/blog.polityka.pl\/passent\/wp-json\/wp\/v2\/users\/4"}],"replies":[{"embeddable":true,"href":"https:\/\/blog.polityka.pl\/passent\/wp-json\/wp\/v2\/comments?post=497"}],"version-history":[{"count":0,"href":"https:\/\/blog.polityka.pl\/passent\/wp-json\/wp\/v2\/posts\/497\/revisions"}],"wp:attachment":[{"href":"https:\/\/blog.polityka.pl\/passent\/wp-json\/wp\/v2\/media?parent=497"}],"wp:term":[{"taxonomy":"category","embeddable":true,"href":"https:\/\/blog.polityka.pl\/passent\/wp-json\/wp\/v2\/categories?post=497"},{"taxonomy":"post_tag","embeddable":true,"href":"https:\/\/blog.polityka.pl\/passent\/wp-json\/wp\/v2\/tags?post=497"}],"curies":[{"name":"wp","href":"https:\/\/api.w.org\/{rel}","templated":true}]}}