
{"id":4973,"date":"2018-11-28T21:16:32","date_gmt":"2018-11-28T20:16:32","guid":{"rendered":"https:\/\/passent.blog.polityka.pl\/?p=4973"},"modified":"2018-11-28T23:28:03","modified_gmt":"2018-11-28T22:28:03","slug":"hitlerowcy-z-tvn","status":"publish","type":"post","link":"https:\/\/blog.polityka.pl\/passent\/2018\/11\/28\/hitlerowcy-z-tvn\/","title":{"rendered":"Hitlerowcy z TVN"},"content":{"rendered":"<p>Pomys\u0142 prokuratury, \u017ceby n\u0119ka\u0107 dziennikarza i operatora TVN Piotra Wacowskiego, wsp\u00f3\u0142autora reporta\u017cu wcieleniowego o garstce neohitlerowc\u00f3w \u015bwi\u0119tuj\u0105cych w lesie urodziny swojego idola, jest absurdalny i moim zdaniem wynika albo z g\u0142upoty, albo ze z\u0142ej woli, albo z jednego i drugiego.<br \/>\n<!--more--><br \/>\nCo z tego, \u017ce po wybuchu opinii publicznej prokuratura uzna\u0142a wezwanie za \u201eprzedwczesne\u201d, skoro mleko si\u0119 rozla\u0142o. Barnard Kittel, Anna Sobolewska i Wacowski stworzyli reporta\u017c, kt\u00f3ry wstrz\u0105sn\u0105\u0142 milionow\u0105 widowni\u0105. \u017beby wkr\u0119ci\u0107 si\u0119, zdoby\u0107 zaufanie m\u0142odocianych wielbicieli fuhrera, Wacowski udawa\u0142 jednego z nich, a nawet heilowa\u0142 na nagranej uroczysto\u015bci w lesie. Brawo! W pierwszym odruchu s\u0142u\u017calstwa, a mo\u017ce i niech\u0119ci do niezale\u017cnej telewizji prokuratura dopatrzy\u0142a si\u0119 propagowania nazizmu. \u017beby taka my\u015bl przesz\u0142a komu\u015b przez g\u0142ow\u0119, musi by\u0107 pokr\u0119cony.<\/p>\n<p>Reporta\u017c wcieleniowy zosta\u0142 w Polsce wprowadzony przez Janusza Rolickiego, znanego reportera POLITYKI, w latach 60. Rolicki wciela\u0142 si\u0119 w role akwizytora ubezpieczeniowego, konwojenta, pracowa\u0142 na budowie itp., kiedy trzeba by\u0142o, bra\u0142 nawet \u0142ap\u00f3wki, oczywi\u015bcie nie do swojej kieszeni, wsz\u0119dzie pokazywa\u0142 \u017cycie od podszewki, brud daleki od propagandowego oleodruku. W\u0142a\u015bnie ukaza\u0142 si\u0119 wyb\u00f3r jego reporta\u017cy, \u201eLepsi od pana Boga. Reporta\u017ce z PRL\u201d. Ca\u0142y ten czas pracowa\u0142em w POLITYCE i nie przypominam sobie, \u017ceby Rolicki by\u0142 z tego tytu\u0142u prze\u015bladowany, przeciwnie, zebra\u0142 wiele nagr\u00f3d i laur\u00f3w. W\u0142adze w Polsce Ludowej, w\u0142\u0105cznie z prokuratur\u0105, nie by\u0142y takie g\u0142upie, \u017ceby wszczyna\u0107 dochodzenie w sprawie autora reporta\u017cy, ba, lata 60. i 70. to by\u0142y lata Krall, Kapu\u015bci\u0144skiego, dalekich od sztampy film\u00f3w dokumentalnych. Owszem, cenzura ci\u0119\u0142a, ale prawda zwyci\u0119\u017ca\u0142a.<\/p>\n<p>Kiedy dzi\u015b s\u0142yszymy, \u017ce komu\u015b przesz\u0142o przez g\u0142ow\u0119 n\u0119kanie dziennikarza-operatora, to cz\u0142owiek puka si\u0119 w g\u0142ow\u0119. Pod wp\u0142ywem oburzenia opinii publicznej prokuratura uzna\u0142a wezwanie operatora za \u201eprzedwczesne\u201d, ale nie za absurdalne! Zamiast wycofa\u0107 si\u0119 rakiem i traci\u0107 rok (!) na \u015bledztwo w sprawie prostego wypadku samochodowego premier Szyd\u0142o, prokuratura zajmuje si\u0119 \u201ehitlerowcem z TVN\u201d. Sprawa zosta\u0142a odebrana prokuraturze w Gliwicach (kt\u00f3ra nie doceni\u0142a zagro\u017cenia) i skierowana do prokuratury w Katowicach, kt\u00f3ra powoli staje si\u0119 ulubion\u0105 i najwierniejsz\u0105 prokuratur\u0105 ministra. Ciekawe, co teraz wymy\u015bl\u0105. Ziobro winien jest Wacowskiemu przeprosiny, ale w\u0105tpi\u0119, czy sta\u0107 go na to.<\/p>\n<p>\u201eHitlerowiec z TVN\u201d to tylko jeden z absurd\u00f3w, jakie nas otaczaj\u0105. Pupil prezesa Narodowego Banku Polskiego Marek Ch. siedzi w areszcie podejrzany o najwi\u0119ksz\u0105 afer\u0119 korupcyjn\u0105 trzydziestolecia. I zn\u00f3w \u2013 co za g\u0142upota! Nie dziwi\u0119 si\u0119, \u017ce habilitacja sz\u0142a panu Ch. z trudem (na 50 g\u0142os\u00f3w 17 przeciw, mia\u017cd\u017c\u0105ce recenzje), gdy\u017c tylko kto\u015b, kto postrada\u0142 rozum, u siebie w gabinecie spotyka si\u0119 z miliarderem i \u017c\u0105da od niego okupu. Je\u017celi nasze pieni\u0105dze s\u0105 pod takim nadzorem, to ratuj si\u0119, kto w Boga wierzy!<\/p>\n<p>A synek ministra koordynatora Kami\u0144skiego na posadzie doradcy Banku \u015awiatowego za p\u00f3\u0142 miliona rocznie? Pani rzecznik PiS m\u00f3wi, \u017ce nasze dzieci s\u0105 zdolne, nikt im nie pomaga etc. Zdolne \u2013 to prawda. Zdolni s\u0105 tak\u017ce rodzice, kt\u00f3rzy nie wiedz\u0105 nic o niczym, a synek &#8211; z poparciem prezesa NBP Adama Glapi\u0144skego &#8211; l\u0105duje na posadzie wymarzonej chyba przez ka\u017cdego ekonomist\u0119. Gdyby Kami\u0144ski Jr wygra\u0142 konkurs, to wtedy brawo! Ale prawda jest taka, \u017ce \u017cadnego wakatu na to stanowisko w Polsce nie og\u0142oszono, \u017ceby pojecha\u0142 sw\u00f3j. I jeszcze k\u0142ami\u0105, \u017ce to by\u0142a decyzja Banku \u015awiatowego! Tymczasem Bank og\u0142osi\u0142, \u017ce stanowiska obsadzaj\u0105 poszczeg\u00f3lne kraje (czytaj: Polska). Podzielam pogl\u0105d Bogus\u0142awa Chraboty (&#8222;Rzeczpospolita&#8221;), \u017ce prezes Glapi\u0144ski powinien ust\u0105pi\u0107 z powodu \u201eafery KNF\u201d plus inne wzgl\u0119dy, takie jak Kami\u0144ski Jr.<\/p>\n<p>A co do posady w Banku \u015awiatowym, to prosz\u0119 wzi\u0105\u0107 mnie pod uwag\u0119, poniewa\u017c studiowa\u0142em ekonomi\u0119 na uniwersytetach w Petersburgu, Warszawie, Princeton i Harvardzie, znam kilka j\u0119zyk\u00f3w i w wieku 80 lat jestem kandydatem obiecuj\u0105cym.<\/p>\n","protected":false},"excerpt":{"rendered":"<p>\u201eHitlerowiec z TVN\u201d to tylko jeden z absurd\u00f3w, jakie nas otaczaj\u0105.<\/p>\n","protected":false},"author":4,"featured_media":4976,"comment_status":"open","ping_status":"closed","sticky":false,"template":"","format":"standard","meta":{"footnotes":""},"categories":[1],"tags":[],"_links":{"self":[{"href":"https:\/\/blog.polityka.pl\/passent\/wp-json\/wp\/v2\/posts\/4973"}],"collection":[{"href":"https:\/\/blog.polityka.pl\/passent\/wp-json\/wp\/v2\/posts"}],"about":[{"href":"https:\/\/blog.polityka.pl\/passent\/wp-json\/wp\/v2\/types\/post"}],"author":[{"embeddable":true,"href":"https:\/\/blog.polityka.pl\/passent\/wp-json\/wp\/v2\/users\/4"}],"replies":[{"embeddable":true,"href":"https:\/\/blog.polityka.pl\/passent\/wp-json\/wp\/v2\/comments?post=4973"}],"version-history":[{"count":3,"href":"https:\/\/blog.polityka.pl\/passent\/wp-json\/wp\/v2\/posts\/4973\/revisions"}],"predecessor-version":[{"id":4978,"href":"https:\/\/blog.polityka.pl\/passent\/wp-json\/wp\/v2\/posts\/4973\/revisions\/4978"}],"wp:featuredmedia":[{"embeddable":true,"href":"https:\/\/blog.polityka.pl\/passent\/wp-json\/wp\/v2\/media\/4976"}],"wp:attachment":[{"href":"https:\/\/blog.polityka.pl\/passent\/wp-json\/wp\/v2\/media?parent=4973"}],"wp:term":[{"taxonomy":"category","embeddable":true,"href":"https:\/\/blog.polityka.pl\/passent\/wp-json\/wp\/v2\/categories?post=4973"},{"taxonomy":"post_tag","embeddable":true,"href":"https:\/\/blog.polityka.pl\/passent\/wp-json\/wp\/v2\/tags?post=4973"}],"curies":[{"name":"wp","href":"https:\/\/api.w.org\/{rel}","templated":true}]}}