
{"id":4979,"date":"2018-12-03T13:19:38","date_gmt":"2018-12-03T12:19:38","guid":{"rendered":"https:\/\/passent.blog.polityka.pl\/?p=4979"},"modified":"2018-12-03T17:26:27","modified_gmt":"2018-12-03T16:26:27","slug":"swinie-gora","status":"publish","type":"post","link":"https:\/\/blog.polityka.pl\/passent\/2018\/12\/03\/swinie-gora\/","title":{"rendered":"\u015awinie g\u00f3r\u0105"},"content":{"rendered":"<p>Pan pisze r\u0119cznie czy na komputerze? Pisz\u0119 no\u017cyczkami \u2013 odpowiadam. Gromadz\u0119 wycinki z &#8222;Rzeczpospolitej&#8221;, a nast\u0119pnie wklejam je do felieton\u00f3w, co wcale nie jest proste. Oto szeroki na trzy \u0142amy tytu\u0142 z 19 lipca 2018 r.: \u201ePOLSKIE \u015aWINIE PODBIJAJ\u0104 STANY ZJEDNOCZONE. USA uros\u0142y na pierwszego odbiorc\u0119 naszej wieprzowiny. Zw\u0142aszcza boczku\u201d. Wycinek ten przele\u017ca\u0142 na moim biurku p\u00f3\u0142 roku, gdy\u017c ci\u0105gle jaka\u015b wa\u017cna polska persona go\u015bci\u0142a w USA, a to minister przygotowywa\u0142 wizyt\u0119, a to prezydent by\u0142 w Bia\u0142ym Domu, a to inny decydent kupowa\u0142 uzbrojenie. Gdybym w takiej chwili wykorzysta\u0142 ten wycinek, niechybnie mia\u0142bym prokuratora na g\u0142owie za obraz\u0119 majestatu. Jak prezes Glapi\u0144ski jest chroniony, jak za s\u0119dziego Muszy\u0144skiego wzywaj\u0105 dziennikarza do raportu, to co dopiero za skojarzenie dygnitarza ze \u015bwini\u0105?<br \/>\n<!--more--><br \/>\nDlatego te\u017c kiedy tylko mog\u0119, trzymam si\u0119 z dala od polityk\u00f3w, bli\u017cej zwierz\u0105t. \u201eGDZIE POJECHA\u0141Y CENNE ARABY\u201d \u2013 to inny, du\u017cy na trzy \u0142amy tytu\u0142 w &#8222;RZ&#8221;. Okazuje si\u0119, \u017ce w polskiej stajence zn\u00f3w warto by posprz\u0105ta\u0107 przed \u015bwi\u0119tami: \u201eUrodzony w marcu 2017 Ermitage to jeden z najbardziej obiecuj\u0105cych ogierk\u00f3w w polskiej hodowli konia arabskiego. Ogierek ten jest w\u0142asno\u015bci\u0105 stadniny w Micha\u0142owie, kt\u00f3ra pozwoli\u0142a go wywie\u017a\u0107 za granic\u0119 od grudnia 2017 do sierpnia 2018. W jakim celu?&#8221; \u2013 pyta red. Wiktor Ferfecki. \u201eTrudno to ustali\u0107, bo ogierek wyjecha\u0142 z kraju bez jakiejkolwiek umowy\u201d. Jak si\u0119 dowiadujemy, konie bywaj\u0105 dzier\u017cawione, ale Ermitage przebywa\u0142 za granic\u0105 bez umowy, \u201epierwszy raz spotykam si\u0119 z dzier\u017caw\u0105 przeprowadzon\u0105 tak niechlujnie\u201d \u2013 m\u00f3wi ekspert.<\/p>\n<p>&#8222;Klacz zostaje przekazana nie\u017arebna, w dalszej cz\u0119\u015bci raportu widnieje zapis, \u017ce klacz jest jednak \u017arebna&#8221; \u2013 pisze resort w odpowiedzi na interpelacj\u0119 poselsk\u0105. Z artyku\u0142u dowiadujemy si\u0119, \u017ce stadnina mog\u0142a zosta\u0107 okradziona. Gdzie\u015b si\u0119 zawieruszy\u0142o 75 tys. euro nagrody. Bagatela!<\/p>\n<p>O ile w chlewie dzieje si\u0119 dobrze i polskie \u015bwinie triumfuj\u0105, o tyle w stajni nale\u017ca\u0142oby posprz\u0105ta\u0107, bo id\u0105 \u015bwi\u0119ta, a \u015bwi\u0119ta bez stajenki si\u0119 nie licz\u0105.<\/p>\n<p>Trzeci, naprawd\u0119 poruszaj\u0105cy wycinek z &#8222;RZ&#8221; (20 listopada 2018) to felieton znanego publicysty i by\u0142ego dyplomaty Jerzego Surdykowskiego. \u201eDo\u015b\u0107 dawno \u2013 jeszcze za Platformy \u2013 potrzebowa\u0142em sporej sumy na nowy garnitur z\u0119b\u00f3w, bo te, kt\u00f3re posiadam naturalnie, odm\u00f3wi\u0142y mi pos\u0142usze\u0144stwa. Komplet uz\u0119bienia na implantach kosztuje tyle, ile przyzwoity samoch\u00f3d, uda\u0142em si\u0119 wi\u0119c do banku po po\u017cyczk\u0119. W najlepszym razie mog\u0142em dosta\u0107 pieni\u0105dze kr\u00f3tkoterminowo [przecie\u017c mog\u0119 umrze\u0107 \u2013 pisze Surdykowski], ale przez 2-3 lata takiej po\u017cyczki nie sp\u0142ac\u0119\u201d. Autor uda\u0142 si\u0119 wi\u0119c do sektora pozabankowego, do starannie wybranej firmy Europejska Grupa Finansowa \u2013 Council. Grupa okaza\u0142a si\u0119 raczej gryp\u0105, i to \u015bmierteln\u0105, ju\u017c w 2016 r. znikn\u0119\u0142a z rynku, a red. Surdykowski (oraz inni, kt\u00f3rzy dostali po z\u0119bach) \u201ezosta\u0142 z pot\u0119\u017cnym d\u0142ugiem bankowym, za kt\u00f3ry grozi mu utrata wszystkiego, co posiada\u201d. Dostojna KNF milcza\u0142a, mimo \u017ce sprawa zrobi\u0142a si\u0119 g\u0142o\u015bna. \u201eS\u0105d za\u017c\u0105da\u0142 wadium, kt\u00f3re przekracza\u0142o moje mo\u017cliwo\u015bci finansowe. Tak obywatel zostaje na lodzie, a oszu\u015bci brykaj\u0105 na wolno\u015bci\u201d.<\/p>\n<p>Przypadek ten szczerze mnie wzruszy\u0142, zacz\u0105\u0142em odczuwa\u0107 wyrzuty sumienia, wi\u0119c mam tylko skromn\u0105 propozycj\u0119. Sam posiadam garnitur z\u0119b\u00f3w (model 1938), aczkolwiek nie na implantach. Przez wi\u0119kszo\u015b\u0107 dnia i nocy garnitur si\u0119 marnuje. Ch\u0119tnie udost\u0119pni\u0119 go redaktorowi (model 1939, wi\u0119c powinien pasowa\u0107), b\u0119dziemy korzystali ze\u0144 na zmian\u0119, na zasadzie tzw. chwil\u00f3wki, do czasu kiedy w\u0142adza uzdrowi sektor bankowy, co podobno nast\u0105pi pr\u0119dko, bo ten sektor jakoby jest zdrowy, tylko jedna czarna owca by\u0142a zatruta, ale ju\u017c siedzi, bo Polki i Polacy \u201ewalczom z korupcjom\u201d. Sam prezes NBP Glapi\u0144ski zapewnia, \u017ce cieszy si\u0119 dobrym zdrowiem, a \u017ce ryba jest zdrowa od g\u0142owy, to ju\u017c wkr\u00f3tce ka\u017cdy z nas b\u0119dzie mia\u0142 czym gry\u017a\u0107 ziemi\u0119.<\/p>\n","protected":false},"excerpt":{"rendered":"<p>Pan pisze r\u0119cznie czy na komputerze? Pisz\u0119 no\u017cyczkami \u2013 odpowiadam.<\/p>\n","protected":false},"author":4,"featured_media":0,"comment_status":"open","ping_status":"closed","sticky":false,"template":"","format":"standard","meta":{"footnotes":""},"categories":[1],"tags":[],"_links":{"self":[{"href":"https:\/\/blog.polityka.pl\/passent\/wp-json\/wp\/v2\/posts\/4979"}],"collection":[{"href":"https:\/\/blog.polityka.pl\/passent\/wp-json\/wp\/v2\/posts"}],"about":[{"href":"https:\/\/blog.polityka.pl\/passent\/wp-json\/wp\/v2\/types\/post"}],"author":[{"embeddable":true,"href":"https:\/\/blog.polityka.pl\/passent\/wp-json\/wp\/v2\/users\/4"}],"replies":[{"embeddable":true,"href":"https:\/\/blog.polityka.pl\/passent\/wp-json\/wp\/v2\/comments?post=4979"}],"version-history":[{"count":7,"href":"https:\/\/blog.polityka.pl\/passent\/wp-json\/wp\/v2\/posts\/4979\/revisions"}],"predecessor-version":[{"id":4986,"href":"https:\/\/blog.polityka.pl\/passent\/wp-json\/wp\/v2\/posts\/4979\/revisions\/4986"}],"wp:attachment":[{"href":"https:\/\/blog.polityka.pl\/passent\/wp-json\/wp\/v2\/media?parent=4979"}],"wp:term":[{"taxonomy":"category","embeddable":true,"href":"https:\/\/blog.polityka.pl\/passent\/wp-json\/wp\/v2\/categories?post=4979"},{"taxonomy":"post_tag","embeddable":true,"href":"https:\/\/blog.polityka.pl\/passent\/wp-json\/wp\/v2\/tags?post=4979"}],"curies":[{"name":"wp","href":"https:\/\/api.w.org\/{rel}","templated":true}]}}