
{"id":498,"date":"2008-10-20T20:21:25","date_gmt":"2008-10-20T18:21:25","guid":{"rendered":"http:\/\/passent.blog.polityka.pl\/?p=498"},"modified":"2008-10-20T20:21:25","modified_gmt":"2008-10-20T18:21:25","slug":"nici-z-majestatu","status":"publish","type":"post","link":"https:\/\/blog.polityka.pl\/passent\/2008\/10\/20\/nici-z-majestatu\/","title":{"rendered":"Nici z majestatu"},"content":{"rendered":"<p>Kilkadziesi\u0105t lat temu Micha\u0142 Radgowski, \u00f3wczesny zast\u0119pca M.F. Rakowskiego, stworzy\u0142 i prowadzi\u0142 w naszym pi\u015bmie rubryk\u0119 \u201ePolityka i obyczaje\u201d, kt\u00f3ra obok rubryki \u201eCo\u015b z \u017cycia\u201d (Urbana) nale\u017ca\u0142a do najbardziej popularnych. Patrz\u0105c na wydarzenia ostatnich dni, mo\u017cna powiedzie\u0107, \u017ce polityk\u0119 mamy teraz lepsz\u0105\u00a0 ni\u017c obyczaje. Uda\u0142o si\u0119 w Brukseli unikn\u0105\u0107 katastrofy energetyczno &#8211; klimatycznej, a to jest dzi\u015b sprawa chyba dla nas\u00a0 najwa\u017cniejsza. Czy wprowadzanie zasady jednomy\u015blno\u015bci (czytaj: weta) i odroczenie do grudnia wystarczy, to si\u0119 oka\u017ce. W czasie najbli\u017cszych tygodni b\u0119d\u0105 trwa\u0107 negocjacje w sprawie emisji CO2 i wtedy zobaczymy, co zdo\u0142ano dla Polski wywalczy\u0107. Powinien to by\u0107 pu\u0142ap mobilizuj\u0105cy, ale nie morderczy, bo weto \u2013 nawet gdyby trzeba by\u0142o si\u0119 do\u0144 ucieka\u0107 \u2013 nie by\u0142oby po\u017c\u0105dane. Mam nadziej\u0119, \u017ce ELKA na naszym forum nie ma racji, kiedy pisze, \u017ce siedzimy w w\u0119glowym szambie i w grudniu zostaniemy sami.<\/p>\n<p>Inna dobra wiadomo\u015b\u0107 polityczna to porozumienie Platformy i SLD w sejmowej Komisji Zdrowia w sprawie pakietu ustaw zdrowotnych. By\u0142by to krok w kierunku reformy systemu, kt\u00f3ry gorszy ni\u017c obecnie by\u0107 nie mo\u017ce. Nie zgadzam si\u0119 ze znakomitym Jackiem \u017bakowskim, kt\u00f3ry opowiada si\u0119 w \u201eGazecie\u201d za referendum w tej sprawie. Referendum ws. reformy systemu opieki zdrowotnej\u00a0 to demokracja fikcyjna, gdy\u017c zwyczajny obywatel nie jest w stanie rozpozna\u0107 zalet i wad proponowanych zmian, do urny si\u0119 nie pofatyguje, albo b\u0119dzie g\u0142osowa\u0142 tak, jak ka\u017ce ksi\u0105dz b\u0105d\u017a dyktuje strach przed prywatyzacj\u0105. Ta sprawa nie nadaje si\u0119 do referendum, od tego s\u0105 specjali\u015bci, organizacje lekarzy i pacjent\u00f3w, rz\u0105d, samorz\u0105d, politycy, wreszcie demokracja \u2013 ale nie bezpo\u015brednia. Nie ma co liczy\u0107 na vox populi, podobnie jak by\u0142bym przeciw referendum\u00a0 w sprawie kary \u015bmierci. Ju\u017c wola\u0142bym referendum w sprawie przerywania ci\u0105\u017cy, ale na to po\u0142\u0105czone si\u0142y prawicy i Episkopatu nie p\u00f3jd\u0105.\u00a0 Pocieszaj\u0105ce, \u017ce chocia\u017c w jednej\u00a0 wa\u017cnej sprawie Platforma dogada\u0142a si\u0119 z SLD, bo\u00a0 \u2013 przy tym prezydencie i jego zapowiedziach weta \u2013 to jedyny spos\u00f3b, \u017ceby w Polsce co\u015b zmieni\u0107.<\/p>\n<p>Niestety, ten prezydent spowodowa\u0142\u00a0 dalszy upadek obyczaj\u00f3w i\u00a0 w\u0142asn\u0105\u00a0 kompromitacj\u0119. Nie ogl\u0105da\u0142em \u201eKropki nad i\u201d z udzia\u0142em Lecha Kaczy\u0144skiego (by\u0142em wtedy zagranic\u0105), ale czyta\u0142em w mediach zagranicznych,\u00a0 co m\u00f3wi\u0142\u00a0 prezydent do dziennikarki: \u201eI\u2019ll get you!\u201d, \u201eYou are on my list now\u201d, \u201eYou will be sorry\u201d.\u00a0 Si\u0119gn\u0105\u0142em do medi\u00f3w polskich, w kt\u00f3rych wyczyta\u0142em, \u017ce Monika Olejnik \u201ereprezentuje pewne kr\u0119gi\u201d i nawet Walter jej nie uratuje. Podobno prezydent doprowadzi\u0142 znan\u0105 dziennikark\u0119 do \u0142ez. Mog\u0119 jej tylko wsp\u00f3\u0142czu\u0107.<\/p>\n<p>Monika Olejnik jaka jest \u2013 ka\u017cdy widzi, to instytucja, kt\u00f3rej nie stworzy\u0142 \u017caden brat bli\u017aniak, \u017caden Kwiatkowski, Walter, Urba\u0144ski czy Wildstein. Potrafi by\u0107 tak dociekliwa i nieczu\u0142a, \u017ce nie chcia\u0142bym by\u0107 jej rozm\u00f3wc\u0105, aczkolwiek s\u0105 tacy, kt\u00f3rzy potrafi\u0105 z ni\u0105 rozmawia\u0107, np. Roman Giertych. Lech Kaczy\u0144ski na pewno nie potrafi, gdy\u017c (<strong>a<\/strong>) nie znosi sprzeciwu, (<strong>b<\/strong>) w sprawie Brukseli racja le\u017ca\u0142a po stronie rz\u0105du (kt\u00f3rego przedstawiciele, z premierem na czele, nie zawsze zachowali klas\u0119, ale to inna sprawa), (<strong>c<\/strong>) jest wrogiem medi\u00f3w, zw\u0142aszcza tych z \u201euk\u0142adu\u201d, czyli TVN jak najbardziej. Musia\u0142 wi\u0119c L.K. przyst\u0119powa\u0107 do rozmowy naburmuszony bardziej ni\u017c zazwyczaj, a M.O. r\u00f3wnie\u017c, gdy\u017c pami\u0119tam, jak w tej\u017ce Brukseli da\u0142a si\u0119 we znaki rz\u0105dowi.<\/p>\n<p>Pod \u017cadnym pozorem prezydent nie powinien by\u0142 jednak da\u0107 si\u0119 wyprowadzi\u0107 z r\u00f3wnowagi ani straszy\u0107 dziennikarki, \u017ce znajduje si\u0119\u00a0 na jego kr\u00f3tkiej li\u015bcie. To\u017c to skandal, a nie \u017coliborska inteligencja! Spod cienkiej warstwy \u201e\u017coliborskiej inteligencji\u201d i bon mot\u00f3w w rodzaju \u201ezdarza\u0142o mi si\u0119 by\u0107 sympatyczniejszym wobec dam\u201d, wysz\u0142a jednak prawdziwa natura \u2013 arogancja, z\u0142o\u015b\u0107, pami\u0119tliwo\u015b\u0107, napastliwo\u015b\u0107, m\u015bciwo\u015b\u0107. Tego nie uda si\u0119 ukry\u0107 ani za najpi\u0119kniejszym nawet\u00a0 bukietem kwiat\u00f3w, ani\u00a0 przes\u0142oni\u0107 bilecikiem.<\/p>\n<p>***<\/p>\n<p><strong>PS<\/strong>. Odpowiedzi z r\u00f3\u017cnych szuflad,\u00a0 jak pisa\u0142 W\u0142adys\u0142aw Kopali\u0144ski.<\/p>\n<p><strong>PIRS<\/strong> uwa\u017ca, \u017ce Lech Wa\u0142\u0119sa nie nadaje si\u0119 na m\u0119drca Europy. Po cz\u0119\u015bci zgadzam si\u0119, ale nikogo innego by\u015bmy w tym gronie nie mieli, wi\u0119c dobrze si\u0119 sta\u0142o. Zgadzam si\u0119 z <strong>RYSZARDEM<\/strong>, \u017ce prezydent Kaczy\u0144ski za publiczne pieni\u0105dze prowadzi kampani\u0119 wyborcz\u0105, ale nie stanowi to naruszenia prawa \u2013 tylko dobrych obyczaj\u00f3w, a do tego ju\u017c przywykli\u015bmy. <strong>LESZEK<\/strong> ma racj\u0119, \u017ce to, co ogl\u0105damy, to \u201epe\u0142zaj\u0105ca zmiana systemu parlamentarno &#8211; gabinetowego na prezydencki\u201d. W tej sprawie bije na alarm Waldemar Kuczy\u0144ski, kt\u00f3rego popieram.<\/p>\n<p>Tusk nies\u0142usznie m\u00f3wi, \u017ce trzeba zmieni \u0107 konstytucj\u0119, na bardziej klarown\u0105. Przede wszystkim po wyborach trzeba zmieni\u0107 prezydenta. Jestem jednak optymist\u0105. Podzielam pogl\u0105d <strong>KECAJA<\/strong>: przysz\u0142o\u015b\u0107 Polski widz\u0119 r\u00f3\u017cowo z powodu ko\u0144ca rz\u0105d\u00f3w PiS\/LPR\/Samoobrony, a chcieli rz\u0105dzi\u0107 do ko\u0144ca tysi\u0105clecia. Podobnie jak <strong>BABCIA M<\/strong>. uwa\u017cam, \u017ce im bardziej aktywna jest Jego Nad\u0119to\u015b\u0107, tym wi\u0119cej punkt\u00f3w dla Tuska. \u017beby on tylko nie robi\u0142 takich g\u0142upstw jak z samolotem i pow\u015bci\u0105gn\u0105\u0142 swoich rewelers\u00f3w (Nowak, Chlebowski i inni), \u017ceby bardziej liczyli si\u0119 ze s\u0142owami. <strong>MEDICUS<\/strong> potwierdza moje obserwacje: Zawy\u017cona samoocena, ekspansywno\u015b\u0107, podwy\u017cszony nastr\u00f3j, nadmierne pobudzenie, nadaktywne zachowania, od depresji do euforii. <strong>NEFER NEFER<\/strong> uwa\u017ca, \u017ce \u201eza tego Kiszczaka\u201d Tusk powinien wzi\u0105\u0107 prezydenta za klapy i nim potrz\u0105sn\u0105\u0107. Jestem innego zdania \u2013 najwi\u0119kszym wrogiem prezydenta jest Lech Kaczy\u0144ski. Nie trzeba potrz\u0105sa\u0107 \u2013 sam spadnie.<\/p>\n","protected":false},"excerpt":{"rendered":"<p>Kilkadziesi\u0105t lat temu Micha\u0142 Radgowski, \u00f3wczesny zast\u0119pca M.F. Rakowskiego, stworzy\u0142 i prowadzi\u0142 w naszym pi\u015bmie rubryk\u0119 \u201ePolityka i obyczaje\u201d, kt\u00f3ra obok rubryki \u201eCo\u015b z \u017cycia\u201d (Urbana) nale\u017ca\u0142a do najbardziej popularnych. Patrz\u0105c na wydarzenia ostatnich dni, mo\u017cna powiedzie\u0107, \u017ce polityk\u0119 mamy teraz lepsz\u0105\u00a0 ni\u017c obyczaje. Uda\u0142o si\u0119 w Brukseli unikn\u0105\u0107 katastrofy energetyczno &#8211; klimatycznej, a to [&hellip;]<\/p>\n","protected":false},"author":4,"featured_media":0,"comment_status":"open","ping_status":"open","sticky":false,"template":"","format":"standard","meta":{"footnotes":""},"categories":[1],"tags":[],"_links":{"self":[{"href":"https:\/\/blog.polityka.pl\/passent\/wp-json\/wp\/v2\/posts\/498"}],"collection":[{"href":"https:\/\/blog.polityka.pl\/passent\/wp-json\/wp\/v2\/posts"}],"about":[{"href":"https:\/\/blog.polityka.pl\/passent\/wp-json\/wp\/v2\/types\/post"}],"author":[{"embeddable":true,"href":"https:\/\/blog.polityka.pl\/passent\/wp-json\/wp\/v2\/users\/4"}],"replies":[{"embeddable":true,"href":"https:\/\/blog.polityka.pl\/passent\/wp-json\/wp\/v2\/comments?post=498"}],"version-history":[{"count":0,"href":"https:\/\/blog.polityka.pl\/passent\/wp-json\/wp\/v2\/posts\/498\/revisions"}],"wp:attachment":[{"href":"https:\/\/blog.polityka.pl\/passent\/wp-json\/wp\/v2\/media?parent=498"}],"wp:term":[{"taxonomy":"category","embeddable":true,"href":"https:\/\/blog.polityka.pl\/passent\/wp-json\/wp\/v2\/categories?post=498"},{"taxonomy":"post_tag","embeddable":true,"href":"https:\/\/blog.polityka.pl\/passent\/wp-json\/wp\/v2\/tags?post=498"}],"curies":[{"name":"wp","href":"https:\/\/api.w.org\/{rel}","templated":true}]}}