
{"id":4988,"date":"2018-12-08T10:38:14","date_gmt":"2018-12-08T09:38:14","guid":{"rendered":"https:\/\/passent.blog.polityka.pl\/?p=4988"},"modified":"2018-12-08T11:25:20","modified_gmt":"2018-12-08T10:25:20","slug":"plenum-w-jachrance","status":"publish","type":"post","link":"https:\/\/blog.polityka.pl\/passent\/2018\/12\/08\/plenum-w-jachrance\/","title":{"rendered":"Plenum w Jachrance"},"content":{"rendered":"<p>W Jachrance pod Warszaw\u0105 trwa plenum KC Partii rz\u0105dz\u0105cej. \u201eCo ci przypomina, co ci przypomina widok znajomy ten?\u201d \u2013 my\u015bla\u0142em, ogl\u0105daj\u0105c transmisj\u0119 we wrogiej stacji telewizyjnej. I Sekretarz wyg\u0142asza referat. Kiedy tylko podniesie g\u0142os, zaakcentuje puent\u0119, zaczynaj\u0105 si\u0119 oklaski, ale nie owacje. Oklaski raczej wymuszone, bez entuzjazmu, twarze nieruchome, znudzone, towarzysze w prezydium, towarzysz premier, towarzysz marsza\u0142ek, towarzysze koalicjanci \u2013 bez ruchu, jak gdyby byli scenografi\u0105, kt\u00f3r\u0105 faktycznie stanowili.<br \/>\n<!--more--><br \/>\nTowarzysz I Sekretarz w zasadzie nie powiedzia\u0142 nic nowego, przem\u00f3wienie by\u0142o defensywne, ani porywaj\u0105ce, ani inspiruj\u0105ce, ale wskazuj\u0105ce na spos\u00f3b my\u015blenia. G\u0142\u00f3wnym celem I Sekretarza jest wtr\u0105cenie Tuska do wi\u0119zienia, co m\u00f3wca w\u0142a\u015bciwie zapowiedzia\u0142. M\u00f3wi\u0142, \u017ce afera vatowska przybra\u0142a tak\u0105 skal\u0119 (60-70 mld dol.), i\u017c by\u0142aby znaczna nawet w USA. By\u0142a to \u2013 m\u00f3wi\u0142 I Sekretarz &#8211; afera rz\u0105dowa, za kt\u00f3r\u0105 odpowiedzialno\u015b\u0107 musi ponie\u015b\u0107 szef rz\u0105du, tak\u017ce w sensie prawnym.<\/p>\n<p>Wniosek: miejsce Tuska jest w areszcie. (Spotka\u0142em si\u0119 nawet z opini\u0105, \u017ce I Sekretarz odetchnie, poczuje ulg\u0119, wr\u0119cz uspokoi  si\u0119, kiedy Donalda T. spotka kara). Im ostrzejsze by\u0142y s\u0142owa I Sekretarza, tym g\u0142o\u015bniejsze by\u0142y brawka, ale twarze uczestnik\u00f3w by\u0142y nieruchome, jak gdyby woskowe, jeden zerka\u0142 na drugiego, czy klaszcze, i grzecznie s\u0142uchali.<\/p>\n<p>Przem\u00f3wienie by\u0142o defensywne. O Smole\u0144sku ani mru-mru. My \u0142amali\u015bmy konstytucj\u0119? To wy pierwsi \u0142amali\u015bcie konstytucj\u0119, wybieraj\u0105c \u201erezerwowych\u201d cz\u0142onk\u00f3w Trybuna\u0142u Konstytucyjnego. U nas s\u0105 afery? To wasze afery mo\u017cna by wymienia\u0107 bez ko\u0144ca: hazardowa, ta\u015bmowa, vatowska, a ka\u017cda monstrualnych rozmiar\u00f3w. To my zamiatamy pod dywan? Nieprawda! Na tym w\u0142a\u015bnie polega r\u00f3\u017cnica mi\u0119dzy nami a naszymi przeciwnikami. Kiedy u nas pojawia si\u0119 czarna owca, a taka mo\u017ce si\u0119 zdarzy\u0107 w ka\u017cdej du\u017cej zbiorowo\u015bci, to wynika ze statystyki, to my j\u0105 natychmiast ujawniamy i z ca\u0142\u0105 surowo\u015bci\u0105 prawa rozliczamy, podczas gdy nasi przeciwnicy je toleruj\u0105.<\/p>\n<p>I Sekretarz ostrzega\u0142 przed jednakowym traktowaniem partii rz\u0105dz\u0105cej i opozycji. My\u015blenie w rodzaju: obie strony s\u0105 podobne, jedni warci drugich, wart Pac pa\u0142aca itp. \u2013 jest bardzo niebezpieczne i niedopuszczalne. Nie ma symetrii, nie ma podobie\u0144stwa, my jeste\u015bmy lepsi. (Jak m\u00f3wi\u0142 kiedy\u015b, w 1924 r., I Sekretarz: \u201eMy jeste\u015bmy lud\u017ami szczeg\u00f3lnego pokroju&#8221;).<\/p>\n<p>W sumie dominowa\u0142a nuta \u201eyou too\u201d. U nas s\u0105 z\u0142odzieje? Ale u was wi\u0119cej.<\/p>\n<p>Jedynym pozytywnym aspektem przem\u00f3wienia by\u0142o powt\u00f3rzenie, \u017ce PiS jest parti\u0105 proeuropejsk\u0105, jest za \u201epodmiotow\u0105 obecno\u015bci\u0105\u201d w UE. Co to znaczy \u201epodmiotowa obecno\u015b\u0107&#8221; mo\u017cna si\u0119 domy\u015ble\u0107. S\u0105dz\u0119, \u017ce ta zbitka poj\u0119ciowa przyjmie si\u0119 w j\u0119zyku PiS, tak jak \u201eopozycja totalna\u201d (innej nie ma).<\/p>\n<p>Sprawy niewygodne, takie jak cofni\u0119cie si\u0119 w kwestii S\u0105du Najwy\u017cszego pod wp\u0142ywem Trybuna\u0142u Sprawiedliwo\u015bci Unii Europejskiej, afera KNF, kt\u00f3ra zagra\u017ca prezesowi NBP, kuriozalne \u017c\u0105danie zakneblowania medi\u00f3w w tej sprawie \u2013 wszystko to I sekretarz w jawnej cz\u0119\u015bci referatu pomin\u0105\u0142. Jak znam \u017cycie, to cz\u0119\u015b\u0107 wewn\u0119trzna, poufna, przecieknie do medi\u00f3w lada chwila, a wi\u0119kszo\u015b\u0107 medi\u00f3w jest przeciwko nam \u2013 nie omieszka\u0142 wspomnie\u0107 przyw\u00f3dca obozu w\u0142adzy. Na razie nie mia\u0142 nic wi\u0119cej do zaoferowania poza tym, \u017ce konieczne jest wygranie wybor\u00f3w. Szkoda, \u017ce opozycja, Platforma i Nowoczesna, swoimi ostatnimi rozgrywkami mu to u\u0142atwiaj\u0105.<\/p>\n","protected":false},"excerpt":{"rendered":"<p>W Jachrance pod Warszaw\u0105 trwa plenum KC Partii rz\u0105dz\u0105cej.<\/p>\n","protected":false},"author":4,"featured_media":4993,"comment_status":"open","ping_status":"closed","sticky":false,"template":"","format":"standard","meta":{"footnotes":""},"categories":[1],"tags":[],"_links":{"self":[{"href":"https:\/\/blog.polityka.pl\/passent\/wp-json\/wp\/v2\/posts\/4988"}],"collection":[{"href":"https:\/\/blog.polityka.pl\/passent\/wp-json\/wp\/v2\/posts"}],"about":[{"href":"https:\/\/blog.polityka.pl\/passent\/wp-json\/wp\/v2\/types\/post"}],"author":[{"embeddable":true,"href":"https:\/\/blog.polityka.pl\/passent\/wp-json\/wp\/v2\/users\/4"}],"replies":[{"embeddable":true,"href":"https:\/\/blog.polityka.pl\/passent\/wp-json\/wp\/v2\/comments?post=4988"}],"version-history":[{"count":3,"href":"https:\/\/blog.polityka.pl\/passent\/wp-json\/wp\/v2\/posts\/4988\/revisions"}],"predecessor-version":[{"id":4992,"href":"https:\/\/blog.polityka.pl\/passent\/wp-json\/wp\/v2\/posts\/4988\/revisions\/4992"}],"wp:featuredmedia":[{"embeddable":true,"href":"https:\/\/blog.polityka.pl\/passent\/wp-json\/wp\/v2\/media\/4993"}],"wp:attachment":[{"href":"https:\/\/blog.polityka.pl\/passent\/wp-json\/wp\/v2\/media?parent=4988"}],"wp:term":[{"taxonomy":"category","embeddable":true,"href":"https:\/\/blog.polityka.pl\/passent\/wp-json\/wp\/v2\/categories?post=4988"},{"taxonomy":"post_tag","embeddable":true,"href":"https:\/\/blog.polityka.pl\/passent\/wp-json\/wp\/v2\/tags?post=4988"}],"curies":[{"name":"wp","href":"https:\/\/api.w.org\/{rel}","templated":true}]}}