
{"id":499,"date":"2008-10-22T13:50:58","date_gmt":"2008-10-22T11:50:58","guid":{"rendered":"http:\/\/passent.blog.polityka.pl\/?p=499"},"modified":"2008-10-22T13:50:58","modified_gmt":"2008-10-22T11:50:58","slug":"sweterek-tuska","status":"publish","type":"post","link":"https:\/\/blog.polityka.pl\/passent\/2008\/10\/22\/sweterek-tuska\/","title":{"rendered":"Sweterek Tuska"},"content":{"rendered":"<p>Na widok szeroko u\u015bmiechni\u0119tego Donalda Tuska na lotnisku w Szanghaju pomy\u015bla\u0142em, \u017ce dobrze mie\u0107 premiera, kt\u00f3rego \u015bmiech jest naturalny, nie nerwowy i sztuczny, jak u prezydenta, ani taki, kt\u00f3ry si\u0119 pojawia tylko od \u015bwi\u0119ta (jak u Jaros\u0142awa K.). Ale dlaczego premier Tusk wysiad\u0142 z samolotu w sweterku, jak gdyby wybiega\u0142 na boisko, pokopa\u0107 pi\u0142k\u0119 ze Schetyn\u0105? I dlaczego minister Nowak te\u017c wychodzi na p\u0142yt\u0119 lotniska na takim luzie, w kokieteryjnie przewi\u0105zanym szaliczku? By\u0142a\u017cby to podr\u00f3\u017c prywatna? W samolocie, na d\u0142ugiej trasie \u2013 wiadomo \u2013 garnitur si\u0119 gniecie i jest niewygodny, ale przecie\u017c przed l\u0105dowaniem mo\u017cna si\u0119 przebra\u0107.<\/p>\n<p>Mam podejrzenie, \u017ce to wszystko za spraw\u0105 dbaj\u0105cego o sw\u00f3j wygl\u0105d ministra Sikorskiego. Przylecia\u0142 on kiedy\u015b towarzysz\u0105c premierowi Buzkowi na uroczysto\u015bci i spotkania oficjalne do Chile. Ca\u0142a polska delegacja wysiad\u0142a z samolotu \u201epod krawatem\u201d, tylko jeden Sikorski w wygodnym sweterku. Do uroczysto\u015bci i spotka\u0144 by\u0142o jednak tak ma\u0142o czasu, \u017ce baga\u017c z lotniska nie dotar\u0142 o czasie do hotelu i z powodu nieszcz\u0119snego sweterka Rados\u0142aw Sikorski, w\u00f3wczas wiceminister (zreszt\u0105 bardzo dobry) Spraw Zagranicznych, nie m\u00f3g\u0142 wzi\u0105\u0107 udzia\u0142u w zaplanowanym spotkaniu.<\/p>\n<p>Tusk a la weso\u0142y ch\u0142opiec owszem, podoba mi si\u0119, ale chcia\u0142bym, \u017ceby nie by\u0142 niefrasobliwy. Zak\u0142adam, \u017ce na lotnisku w Chinach czekali jacy\u015b przedstawiciele chi\u0144skiego protoko\u0142u i polskiej ambasady \u2013 zapewne nie w sweterkach, a polski premier nie jecha\u0142 na partyjk\u0119 golfa. W sumie wydaje mi si\u0119 to dziwne. Ostatnimi czasy Donald Tusk wydaje si\u0119 zbyt rozlu\u017aniony, \u017ceby nie powiedzie\u0107 &#8211; lekkomy\u015blny. Szar\u017ca rz\u0105du na PZPN to by\u0142 fatalny b\u0142\u0105d, z kt\u00f3rego Donald Tusk si\u0119 nie wyt\u0142umaczy\u0142. Nie lubi\u0119, kiedy dziennikarz jest m\u0105dry po szkodzie i wszystko wie lepiej, ale przecie\u017c to nie by\u0142 pierwszy mecz rz\u0105du z PZPN, by\u0142o wiadomo, \u017ce istnieje FIFA i UEFA, a tymczasem nast\u0105pi\u0142a kompromitacja. Minister Drzewiecki zapewnia\u0142, \u017ce polskie argumenty s\u0105 ju\u017c w drodze do Zurychu, by\u0142 przekonany, \u017ce Blatter i sp\u00f3\u0142ka p\u00f3jd\u0105 polskiemu rz\u0105dowi na r\u0119k\u0119, a tymczasem by\u0142 gol i to samob\u00f3jczy! Jak polityk tak do\u015bwiadczony i ostro\u017cny jak Tusk m\u00f3g\u0142 tego nie przewidzie\u0107? Potem mieli\u015bmy \u017cenuj\u0105ce t\u0142umaczenie przez min. Nowaka, Drzewieckiego i innych, \u017ce odnie\u015bli\u015bmy sukces, bo b\u0119dzie niezale\u017cna komisja bla, bla, bla. A w tym czasie komisarz, kt\u00f3ry mia\u0142 ogra\u0107 PZPN, schodzi\u0142 z boiska jak niepyszny, gdy\u017c dosta\u0142 czerwon\u0105 kartk\u0119. By\u0142a to karygodna lekkomy\u015blno\u015b\u0107 ze strony rz\u0105du, ale nikt ukarany nie zosta\u0142, ba, tak naprawd\u0119 rz\u0105d nigdy si\u0119 z tego nie wyt\u0142umaczy\u0142.<\/p>\n<p>By\u0107 mo\u017ce przez pierwszy rok Tuskowi sz\u0142o zbyt \u0142atwo i pomy\u015bla\u0142 \u201ejako\u015b to b\u0119dzie\u201d. Niedobrze by\u0142 r\u00f3wnie\u017c rozegrany meczy wyjazdowy z Lechem Kaczy\u0144skim w Brukseli. Tusk nie doceni\u0142 Kaczy\u0144skiego, podobnie jak nie doceni\u0142 Blattera. Ze strony Tuska i jego ludzi pad\u0142o wiele niepotrzebnych s\u0142\u00f3w, \u017ce prezydent si\u0119 \u201ewpycha\u201d, \u201eniech pan odpu\u015bci\u201d, \u201enie potrzebuj\u0119 prezydenta\u201d etc., nie m\u00f3wi\u0105c ju\u017c o niedopuszczalnej odmowie samolotu. Po tym, jak Kaczy\u0144ski strzeli\u0142 mu gola w Brukseli, Tusk przeprosi\u0142, \u017ce nie zawsze gra\u0142 \u0142adnie, ale niesmak pozosta\u0142.<\/p>\n<p>W obu przypadkach nie s\u0105dzi\u0142em, \u017ce Tusk mo\u017ce tak pogra\u0107. Premier sprawi\u0142 zaw\u00f3d swoim kibicom. Ostatnie pora\u017cki powinny mu da\u0107 do my\u015blenia. Ma do czynienia z przeciwnikami bezwzgl\u0119dnymi. Lech Kaczy\u0144ski, m\u00f3wi\u0105c, \u017ce poda\u0142 r\u0119k\u0119 Kiszczakowi, to poda i Tuskowi, lub napadaj\u0105c na Monik\u0119 Olejnik, przypomnia\u0142 do czego jest zdolny. Premier nie mo\u017ce si\u0119 ani na chwil\u0119 zapomina\u0107, bro\u0144 Bo\u017ce nie mo\u017ce da\u0107 si\u0119 uspokoi\u0107 sonda\u017com ani dosta\u0107 zawrot\u00f3w g\u0142owy od sukces\u00f3w (kt\u00f3rych zreszt\u0105 nie ma tak du\u017co). Proponuj\u0119 sweterek od\u0142o\u017cy\u0107 do czasu, kiedy \u2013 ju\u017c jako prezydent \u2013 odetchnie w rezydencji na Helu.<\/p>\n","protected":false},"excerpt":{"rendered":"<p>Na widok szeroko u\u015bmiechni\u0119tego Donalda Tuska na lotnisku w Szanghaju pomy\u015bla\u0142em, \u017ce dobrze mie\u0107 premiera, kt\u00f3rego \u015bmiech jest naturalny, nie nerwowy i sztuczny, jak u prezydenta, ani taki, kt\u00f3ry si\u0119 pojawia tylko od \u015bwi\u0119ta (jak u Jaros\u0142awa K.). Ale dlaczego premier Tusk wysiad\u0142 z samolotu w sweterku, jak gdyby wybiega\u0142 na boisko, pokopa\u0107 pi\u0142k\u0119 ze [&hellip;]<\/p>\n","protected":false},"author":4,"featured_media":0,"comment_status":"open","ping_status":"open","sticky":false,"template":"","format":"standard","meta":{"footnotes":""},"categories":[1],"tags":[19,18,17],"_links":{"self":[{"href":"https:\/\/blog.polityka.pl\/passent\/wp-json\/wp\/v2\/posts\/499"}],"collection":[{"href":"https:\/\/blog.polityka.pl\/passent\/wp-json\/wp\/v2\/posts"}],"about":[{"href":"https:\/\/blog.polityka.pl\/passent\/wp-json\/wp\/v2\/types\/post"}],"author":[{"embeddable":true,"href":"https:\/\/blog.polityka.pl\/passent\/wp-json\/wp\/v2\/users\/4"}],"replies":[{"embeddable":true,"href":"https:\/\/blog.polityka.pl\/passent\/wp-json\/wp\/v2\/comments?post=499"}],"version-history":[{"count":0,"href":"https:\/\/blog.polityka.pl\/passent\/wp-json\/wp\/v2\/posts\/499\/revisions"}],"wp:attachment":[{"href":"https:\/\/blog.polityka.pl\/passent\/wp-json\/wp\/v2\/media?parent=499"}],"wp:term":[{"taxonomy":"category","embeddable":true,"href":"https:\/\/blog.polityka.pl\/passent\/wp-json\/wp\/v2\/categories?post=499"},{"taxonomy":"post_tag","embeddable":true,"href":"https:\/\/blog.polityka.pl\/passent\/wp-json\/wp\/v2\/tags?post=499"}],"curies":[{"name":"wp","href":"https:\/\/api.w.org\/{rel}","templated":true}]}}