
{"id":5,"date":"2006-05-06T16:41:48","date_gmt":"2006-05-06T14:41:48","guid":{"rendered":"http:\/\/blog.polityka.pl\/?p=5"},"modified":"2006-05-09T20:40:58","modified_gmt":"2006-05-09T18:40:58","slug":"patrzcie-jaki-jestem-wstretny","status":"publish","type":"post","link":"https:\/\/blog.polityka.pl\/passent\/2006\/05\/06\/patrzcie-jaki-jestem-wstretny\/","title":{"rendered":"Patrzcie, jaki jestem wstr\u0119tny"},"content":{"rendered":"<p>Dzwoni\u0142 prof. J\u00f3zef Kozielecki, m\u00f3j telefoniczny przyjaciel, znany psycholog, kt\u00f3rego nigdy nie pozna\u0142em osobi\u015bcie, ale od czasu do czasu rozmawiamy telefonicznie. J\u00f3zek przeczyta\u0142\u00a0 fragment mojego \u201eCodziennika\u201d: \u201eW latach 70., kiedy sekretarz POP PZPR w \u201ePolityce\u201d, p\u00f3\u017aniejszy wiceprezydent Warszawy, podsun\u0105\u0142 mi ankiet\u0119 kandydata do partii, odpowiedzia\u0142em dyplomatycznie, \u017ce do PZPR jeszcze nie dojrza\u0142em. Kiedy Stefan Bratkowski organizowa\u0142 konwersatorium Do\u015bwiadczenie i Przysz\u0142o\u015b\u0107, a Kuro\u0144 z Michnikiem zak\u0142adali KOR \u2013 trzyma\u0142em si\u0119 z daleka. Jestem pozbawiony odrobiny szale\u0144stwa i odwagi, dzi\u0119ki czemu oni dzi\u015b s\u0105 uznawani za konserwator\u00f3w jakiego\u015b tajemniczego \u201euk\u0142adu\u201d z PRL, a mnie si\u0119 nikt nie czepia \u2013 wszyscy wiedz\u0105, \u017ce stanowi\u0119 przypadek beznadziejny i bezwarto\u015bciowy. Im mniej\u00a0 warto\u015bciowa moneta, tym mniej os\u00f3b bierze j\u0105 mi\u0119dzy z\u0119by, \u017ceby sprawdzi\u0107 kruszec.\u201d<br \/>\nJako psycholog, J\u00f3zek zakre\u015bli\u0142 ten fragment. Widzi w nim\u00a0 przyk\u0142ad samoponi\u017cania. \u201eTo mechanizm obronny, znany cz\u0142owiekowi od tysi\u0119cy lat\u201d \u2013 m\u00f3wi. Malarze na przyk\u0142ad malowali autoportrety, na kt\u00f3rych wygl\u0105dali bardzo niekorzystnie, i potem m\u00f3wili \u201ePatrzcie, jaki jestem wstr\u0119tny\u201d, a wszystko po to, \u017ceby us\u0142ysze\u0107 zaprzeczenie \u201eAle\u017c mistrzu, wr\u0119cz przeciwnie, i jaki pan jest skromny&#8230;\u201d &#8211; Rzeczywi\u015bcie, Francis Bacon, Picasso czy Giacometii malowali autoportrety, na kt\u00f3rych wygl\u0105dali du\u017co gorzej ni\u017c w rzeczywisto\u015bci \u2013 potwierdza Basia Piwowarska, historyczka sztuki zaprzyja\u017aniona z moj\u0105 c\u00f3rk\u0105.<\/p>\n","protected":false},"excerpt":{"rendered":"<p>Dzwoni\u0142 prof. J\u00f3zef Kozielecki, m\u00f3j telefoniczny przyjaciel, znany psycholog, kt\u00f3rego nigdy nie pozna\u0142em osobi\u015bcie, ale od czasu do czasu rozmawiamy telefonicznie. J\u00f3zek przeczyta\u0142\u00a0 fragment mojego \u201eCodziennika\u201d: \u201eW latach 70., kiedy sekretarz POP PZPR w \u201ePolityce\u201d, p\u00f3\u017aniejszy wiceprezydent Warszawy, podsun\u0105\u0142 mi ankiet\u0119 kandydata do partii, odpowiedzia\u0142em dyplomatycznie, \u017ce do PZPR jeszcze nie dojrza\u0142em. Kiedy Stefan Bratkowski [&hellip;]<\/p>\n","protected":false},"author":4,"featured_media":0,"comment_status":"open","ping_status":"open","sticky":false,"template":"","format":"standard","meta":{"footnotes":""},"categories":[1],"tags":[],"_links":{"self":[{"href":"https:\/\/blog.polityka.pl\/passent\/wp-json\/wp\/v2\/posts\/5"}],"collection":[{"href":"https:\/\/blog.polityka.pl\/passent\/wp-json\/wp\/v2\/posts"}],"about":[{"href":"https:\/\/blog.polityka.pl\/passent\/wp-json\/wp\/v2\/types\/post"}],"author":[{"embeddable":true,"href":"https:\/\/blog.polityka.pl\/passent\/wp-json\/wp\/v2\/users\/4"}],"replies":[{"embeddable":true,"href":"https:\/\/blog.polityka.pl\/passent\/wp-json\/wp\/v2\/comments?post=5"}],"version-history":[{"count":0,"href":"https:\/\/blog.polityka.pl\/passent\/wp-json\/wp\/v2\/posts\/5\/revisions"}],"wp:attachment":[{"href":"https:\/\/blog.polityka.pl\/passent\/wp-json\/wp\/v2\/media?parent=5"}],"wp:term":[{"taxonomy":"category","embeddable":true,"href":"https:\/\/blog.polityka.pl\/passent\/wp-json\/wp\/v2\/categories?post=5"},{"taxonomy":"post_tag","embeddable":true,"href":"https:\/\/blog.polityka.pl\/passent\/wp-json\/wp\/v2\/tags?post=5"}],"curies":[{"name":"wp","href":"https:\/\/api.w.org\/{rel}","templated":true}]}}