
{"id":50,"date":"2006-06-02T09:44:39","date_gmt":"2006-06-02T07:44:39","guid":{"rendered":"http:\/\/passent.blog.polityka.pl\/?p=50"},"modified":"2006-06-02T11:51:14","modified_gmt":"2006-06-02T09:51:14","slug":"teczka-specjalnej-troski","status":"publish","type":"post","link":"https:\/\/blog.polityka.pl\/passent\/2006\/06\/02\/teczka-specjalnej-troski\/","title":{"rendered":"Teczka specjalnej troski"},"content":{"rendered":"<p>Wzruszaj\u0105ce, jak\u0105 trosk\u0105 Czwarta RP otacza teczk\u0119 Jaros\u0142awa Kaczy\u0144skiego. S\u0105dz\u0105c z po tym, jak ta teczka jako\u015b dziwnie nie \u2018wyciek\u0142a\u201d z zasob\u00f3w, jak IV RP zdo\u0142a\u0142a ustrzec j\u0105 przed niezwyk\u0142\u0105 dociekliwo\u015bci\u0105 takich historyk\u00f3w, jak panowie doktorzy Dudek, \u017baryn i Witkowski, a nawet ksi\u0105dz Zaleski, jak nie dorwali si\u0119 do niej dziennikarze \u201c\u017bycia Warszawy\u201d oraz innych pism wyspecjalizowanych w demaskowaniu \u201ckapusi\u00f3w\u201d, mo\u017cna by doj\u015b\u0107 do wniosku, \u017ce IV RP to pa\u0144stwo opieku\u0144cze, kt\u00f3re z teczk\u0105 ka\u017cdego obywatela obchodzi si\u0119 jak z jajkiem \u2013 przed spo\u017cyciem w\u0105cha, prze\u015bwietla, obmywa z wszelkich nalecia\u0142o\u015bci. Tak\u0105 lustracj\u0119 to ja rozumiem, \u017cadnych pochopnych oskar\u017ce\u0144, \u017cadnej lekkomy\u015blnej publikacji, r\u0119ce precz od teczki! A nasza Temida w osobie min. Ziobro wr\u0119cz wszcz\u0119\u0142a post\u0119powanie karne w sprawie podejrze\u0144 o sfa\u0142szowanie dokument\u00f3w dotycz\u0105cych JK. Podobno usi\u0142owano obarczy\u0107 braci K. odpowiedzialno\u015bci\u0105 za afer\u0119 FOZZ. Wierz\u0119, \u017ce takie manipulacje mog\u0142y mie\u0107 miejsce, ale nie tylko w tej jednej teczce.<\/p>\n<p>O tym, \u017ce fa\u0142szowanie teczek jest mo\u017cliwe, m\u00f3wi\u0105 przeciwnicy obecnej lustracji bez s\u0105du ju\u017c od dawna. Wzruszaj\u0105ca jest ta troska w\u0142adz o teczk\u0119 i reputacj\u0119 Jaros\u0142awa Kaczy\u0144skiego. Dlaczeg\u00f3\u017c jednak tylko jego teczka jest teczk\u0105 specjalnej troski? Wok\u00f3\u0142 jednej teczki krz\u0105taj\u0105 si\u0119 najwy\u017csze w\u0142adze IV RP. A co na to maj\u0105 powiedzie\u0107 inni, duchowni i \u015bwieccy \u201cdemaskowani\u201d ka\u017cdego dnia bez prawa do obrony? Je\u017celi lustracja mia\u0142a by by\u0107 przeprowadzana tak ostro\u017cnie i delikatnie jak w tym przypadku, to mo\u017ce ta idea nie by\u0142aby tak skompromitowana. Ka\u017cdy chcia\u0142by cieszy\u0107 si\u0119 takimi wzgl\u0119dami, mniej by\u0142oby krzywdy i m\u00f3wienia o tym, \u017ce mleko si\u0119 rozla\u0142o.<\/p>\n","protected":false},"excerpt":{"rendered":"<p>Wzruszaj\u0105ce, jak\u0105 trosk\u0105 Czwarta RP otacza teczk\u0119 Jaros\u0142awa Kaczy\u0144skiego. S\u0105dz\u0105c z po tym, jak ta teczka jako\u015b dziwnie nie \u2018wyciek\u0142a\u201d z zasob\u00f3w, jak IV RP zdo\u0142a\u0142a ustrzec j\u0105 przed niezwyk\u0142\u0105 dociekliwo\u015bci\u0105 takich historyk\u00f3w, jak panowie doktorzy Dudek, \u017baryn i Witkowski, a nawet ksi\u0105dz Zaleski, jak nie dorwali si\u0119 do niej dziennikarze \u201c\u017bycia Warszawy\u201d oraz innych [&hellip;]<\/p>\n","protected":false},"author":4,"featured_media":0,"comment_status":"open","ping_status":"open","sticky":false,"template":"","format":"standard","meta":{"footnotes":""},"categories":[1],"tags":[],"_links":{"self":[{"href":"https:\/\/blog.polityka.pl\/passent\/wp-json\/wp\/v2\/posts\/50"}],"collection":[{"href":"https:\/\/blog.polityka.pl\/passent\/wp-json\/wp\/v2\/posts"}],"about":[{"href":"https:\/\/blog.polityka.pl\/passent\/wp-json\/wp\/v2\/types\/post"}],"author":[{"embeddable":true,"href":"https:\/\/blog.polityka.pl\/passent\/wp-json\/wp\/v2\/users\/4"}],"replies":[{"embeddable":true,"href":"https:\/\/blog.polityka.pl\/passent\/wp-json\/wp\/v2\/comments?post=50"}],"version-history":[{"count":0,"href":"https:\/\/blog.polityka.pl\/passent\/wp-json\/wp\/v2\/posts\/50\/revisions"}],"wp:attachment":[{"href":"https:\/\/blog.polityka.pl\/passent\/wp-json\/wp\/v2\/media?parent=50"}],"wp:term":[{"taxonomy":"category","embeddable":true,"href":"https:\/\/blog.polityka.pl\/passent\/wp-json\/wp\/v2\/categories?post=50"},{"taxonomy":"post_tag","embeddable":true,"href":"https:\/\/blog.polityka.pl\/passent\/wp-json\/wp\/v2\/tags?post=50"}],"curies":[{"name":"wp","href":"https:\/\/api.w.org\/{rel}","templated":true}]}}