
{"id":5001,"date":"2018-12-18T19:30:54","date_gmt":"2018-12-18T18:30:54","guid":{"rendered":"https:\/\/passent.blog.polityka.pl\/?p=5001"},"modified":"2018-12-18T22:32:38","modified_gmt":"2018-12-18T21:32:38","slug":"czar-polityka","status":"publish","type":"post","link":"https:\/\/blog.polityka.pl\/passent\/2018\/12\/18\/czar-polityka\/","title":{"rendered":"Czar polityka"},"content":{"rendered":"<p>Od pewnego czasu nosz\u0119 si\u0119 z zamiarem napisania, \u017ce opozycji przyda\u0142by si\u0119 kto\u015b bardziej atrakcyjny, niekoniecznie lepszy ni\u017c Grzegorz Schetyna.<br \/>\n<!--more--><br \/>\nWiem, wiem, do\u015bwiadczenie, sta\u017c, wieloletni dzia\u0142acz, \u015bwietny organizator, by\u0142y minister spraw zagranicznych, nie zmienia si\u0119 konia w trakcie przeprawy \u2013 wiem, wiem, nie mam nic przeciwko Schetynie. Poza jednym: on nie ma tego, co mia\u0142 Kennedy, a maj\u0105 Clinton, Obama, do pewnego stopnia Tusk. W dzisiejszych czasach telewizji i internetu przyw\u00f3dca musi mie\u0107 nie tylko wszystkie przymioty polityka i na dodatek jeszcze tward\u0105 sk\u00f3r\u0119, ale to \u201eco\u015b\u201d \u2013 czar, wdzi\u0119k, charme, przystojno\u015b\u0107, polityczny sex appeal, powinien by\u0107 porywaj\u0105cy, mie\u0107 urok, fascynowa\u0107 ludzi. Powinien mie\u0107 osobowo\u015b\u0107.<\/p>\n<p>To, czego Biedro\u0144 ma za du\u017co, Schetyna ma za ma\u0142o. Ma wiele zalet, ale tej jednej ma za ma\u0142o. Je\u017celi o tym dotychczas nie pisa\u0142em, to dlatego, \u017ce w \u017cadnym wypadku nie chcia\u0142bym szkodzi\u0107, ale w ko\u0144cu to, co ja pisz\u0119, nie ma \u017cadnego znaczenia, a kto stoi na czele opozycji &#8211; ma ogromne znaczenie. Lider, jaki jest, ka\u017cdy widzi. Trzeba mie\u0107 osobowo\u015b\u0107.<\/p>\n<p>Warto przeczyta\u0107 wyniki sonda\u017cu IBRiS na zlecenie &#8222;Rzeczpospolitej&#8221;. Jak oceniamy lider\u00f3w opozycji \u2013 od \u201ezdecydowanie dobrze\u201d a\u017c po \u201enie znam\u201d. Przewag\u0119 g\u0142os\u00f3w pozytywnych nad negatywnymi maj\u0105 tylko prezes PSL W\u0142adys\u0142aw Kosiniak-Kamysz i Robert Biedro\u0144 \u2013 pisze Zuzanna D\u0105browska. \u201eNajgorsze wyniki mierzone stosunkiem ocen pozytywnych do negatywnych ma Grzegorz Schetyna (23 proc. pozytywnych, 58 proc. negatywnych) i W\u0142odzimierz Czarzasty (oko\u0142o 20 proc. przewagi opinii negatywnych). Przewodnicz\u0105cy PO zdecydowanie wygrywa w kategorii <em>rozpoznawalno\u015b\u0107<\/em>, ale Katarzyna Lubnauer wygrywa ze Schetyn\u0105 w kategorii <em>oceny pozytywne<\/em>\u201d.<\/p>\n<p>Co wynika z tych ocen? \u2013 pyta autorka. I odpowiada: opozycja nie dorobi\u0142a si\u0119 ani jednego lidera, kt\u00f3ry budzi\u0142by w spo\u0142ecze\u0144stwie entuzjazm. \u017baden z polityk\u00f3w, o kt\u00f3rych ocen\u0119 IBRiS prosi\u0142 badanych, nie zbli\u017cy\u0142 si\u0119 nawet do 50 proc. ocen pozytywnych. \u017baden nie jest wrogiem publicznym, kt\u00f3rego osoba straszy\u0142aby wyborc\u00f3w, ale czy liderzy opozycji b\u0119d\u0105 w stanie przyci\u0105gn\u0105\u0107 wystarczaj\u0105co du\u017co obywateli, by wygra\u0107 z PiS? A Grzegorz Schetyna? \u2013 pyta autorka. \u201eCi\u0119\u017cko uwierzy\u0107, \u017ce wok\u00f3\u0142 siebie mo\u017ce stworzy\u0107 silny ob\u00f3z anty-PiS\u201d \u2013 odpowiada.<\/p>\n<p>Te\u017c tak uwa\u017cam. Schetyna jest politykiem solidnym i zas\u0142u\u017conym, po stronie opozycji nie ma sobie r\u00f3wnego (dop\u00f3ki Tusk jest w Brukseli, a Biedro\u0144 raczkuje), jest du\u017cym plusem Platformy, ale i minusem, czego\u015b mu brak, to \u201eco\u015b\u201d bardzo by opozycji pomog\u0142o. Takiej osobowo\u015bci w Platformie nie wida\u0107. Potrzebna jest osobowo\u015b\u0107, najlepszy towar wymaga dobrego sprzedawcy. To nie jest b\u0142aha sprawa. Bez tego czego\u015b trudno b\u0119dzie wygra\u0107 wybory.<\/p>\n<p>Teraz jest ostatni moment, \u017ceby wyci\u0105gn\u0105\u0107 wnioski. Przyda\u0142by si\u0119 kto\u015b, kto m\u00f3g\u0142by \u2013 jak Eugeniusz Bodo \u2013 za\u015bpiewa\u0107: \u201eCo temu winien Grzesio, \u017ce jest taki \u015bliczny \/ Co temu winien, \u017ce ma taki wdzi\u0119k?\u201d.<\/p>\n","protected":false},"excerpt":{"rendered":"<p>Potrzebna jest osobowo\u015b\u0107, najlepszy towar wymaga dobrego sprzedawcy.<\/p>\n","protected":false},"author":4,"featured_media":5006,"comment_status":"open","ping_status":"closed","sticky":false,"template":"","format":"standard","meta":{"footnotes":""},"categories":[1],"tags":[],"_links":{"self":[{"href":"https:\/\/blog.polityka.pl\/passent\/wp-json\/wp\/v2\/posts\/5001"}],"collection":[{"href":"https:\/\/blog.polityka.pl\/passent\/wp-json\/wp\/v2\/posts"}],"about":[{"href":"https:\/\/blog.polityka.pl\/passent\/wp-json\/wp\/v2\/types\/post"}],"author":[{"embeddable":true,"href":"https:\/\/blog.polityka.pl\/passent\/wp-json\/wp\/v2\/users\/4"}],"replies":[{"embeddable":true,"href":"https:\/\/blog.polityka.pl\/passent\/wp-json\/wp\/v2\/comments?post=5001"}],"version-history":[{"count":3,"href":"https:\/\/blog.polityka.pl\/passent\/wp-json\/wp\/v2\/posts\/5001\/revisions"}],"predecessor-version":[{"id":5005,"href":"https:\/\/blog.polityka.pl\/passent\/wp-json\/wp\/v2\/posts\/5001\/revisions\/5005"}],"wp:featuredmedia":[{"embeddable":true,"href":"https:\/\/blog.polityka.pl\/passent\/wp-json\/wp\/v2\/media\/5006"}],"wp:attachment":[{"href":"https:\/\/blog.polityka.pl\/passent\/wp-json\/wp\/v2\/media?parent=5001"}],"wp:term":[{"taxonomy":"category","embeddable":true,"href":"https:\/\/blog.polityka.pl\/passent\/wp-json\/wp\/v2\/categories?post=5001"},{"taxonomy":"post_tag","embeddable":true,"href":"https:\/\/blog.polityka.pl\/passent\/wp-json\/wp\/v2\/tags?post=5001"}],"curies":[{"name":"wp","href":"https:\/\/api.w.org\/{rel}","templated":true}]}}