
{"id":5007,"date":"2018-12-21T15:41:22","date_gmt":"2018-12-21T14:41:22","guid":{"rendered":"https:\/\/passent.blog.polityka.pl\/?p=5007"},"modified":"2018-12-21T16:04:12","modified_gmt":"2018-12-21T15:04:12","slug":"bomby-i-bombki","status":"publish","type":"post","link":"https:\/\/blog.polityka.pl\/passent\/2018\/12\/21\/bomby-i-bombki\/","title":{"rendered":"Bomby i bombki"},"content":{"rendered":"<p>Dzi\u0119kuj\u0119 bardzo Czytelnikom i blogerom, kt\u00f3rzy ubieraj\u0105 nasz\u0105 choink\u0119 nonsens\u00f3w.<br \/>\n<!--more--><br \/>\n<strong>Bombka z \u0142aski bo\u017cej<\/strong><br \/>\nPan Andrzej z Warszawy, kt\u00f3ry nie ukrywa swojego nazwiska i adresu (ale ja to zachowuj\u0119 do wiadomo\u015bci redakcji), pope\u0142ni\u0142 by\u0142 kiedy\u015b darowizn\u0119 na rzecz Muzeum II Wojny \u015awiatowej. T\u0119 lekkomy\u015blno\u015b\u0107 pope\u0142ni\u0142 jeszcze za pierwszego kierownictwa prof. Machcewicza i innych reprezentant\u00f3w opcji niemieckiej, zdemaskowanych przez ministra Gli\u0144skiego, redaktora Semk\u0119 i innych specjalist\u00f3w. W nagrod\u0119 za wsparcie muzeum pan Andrzej otrzyma\u0142 w tych dniach \u017cyczenia \u015bwi\u0105teczne:<\/p>\n<p>\u201eBo\u017ce Narodzenie 2018. B\u0142ogos\u0142awionych \u015awi\u0105t Bo\u017cego Narodzenia oraz Szcz\u0119\u015bcia i obfitych \u0141ask Bo\u017cych w Nowym Roku \u017cyczy dr Karol Nawrocki, Dyrektor Muzeum II Wojny \u015awiatowej, wraz z pracownikami. Gda\u0144sk, grudzie\u0144 2018\u201d.<\/p>\n<p>\u017byczenia ilustrowane s\u0105 reprodukcj\u0105 kartki \u015bwi\u0105tecznej wykonanej w 1942 r. przez 305. Dywizjon Bombowy (st\u0105d bombki) Ziemi Wielkopolskiej w Wielkiej Brytanii. &#8222;Tekst \u017cycze\u0144, mo\u017ce mi\u0142ych, jest bulwersuj\u0105cy i wydaje si\u0119, \u017ce podpisa\u0142 je hierarcha Ko\u015bcio\u0142a katolickiego, bo ca\u0142y tekst jest zwi\u0105zany z Bogiem, bo b\u0142ogos\u0142awionych \u015awi\u0105t Bo\u017cego Narodzenia, obfite \u0141aski Bo\u017ce itp.&#8221; \u2013 pisze pan Andrzej. &#8222;\u017byczenia te \u2013 pisze naiwnie dalej \u2013 podpisa\u0142 dyrektor muzeum pa\u0144stwowego, podleg\u0142ego Ministerstwu Kultury i DN, instytucji wed\u0142ug konstytucji niezale\u017cnej od Ko\u015bcio\u0142a. Chyba co\u015b przeoczy\u0142em i jeste\u015bmy pa\u0144stwem wyznaniowym\u201d.<\/p>\n<p>Tak, co\u015b Pan przeoczy\u0142, Panie Andrzeju, mianowicie \u2013 drobiazg &#8211; konkordat, katechez\u0119 na koszt Pa\u0144stwa w szko\u0142ach publicznych, komisj\u0119 maj\u0105tkow\u0105, kt\u00f3ra \u2013 bez mo\u017cliwo\u015bci odwo\u0142ania \u2013 obdarowa\u0142a KK milionami z\u0142otych, stopie\u0144 z religii na \u015bwiadectwie maturalnym, premiera, prezydenta i innych dygnitarzy pa\u0144stwa \u015bwieckiego, na kolanach i \u017cegnaj\u0105cych si\u0119 podczas uroczysto\u015bci \u015bwieckich, kropid\u0142o przy ka\u017cdej okazji, szeroki strumie\u0144 pieni\u0119dzy p\u0142yn\u0105cy z kasy pa\u0144stwowej np. do \u015awi\u0105tyni Opatrzno\u015bci Bo\u017cej czy imperium dyrektora Rydzyka itd. itp. W okresie \u015bwi\u0105tecznym proponuj\u0119 lepiej rozejrze\u0107 si\u0119 po kraju, w kt\u00f3rym granica pomi\u0119dzy Ko\u015bcio\u0142em a pa\u0144stwem nie istnieje. Przy okazji: dzi\u0119kuj\u0119 za list, najlepsze \u017cyczenia!<\/p>\n<p><strong>Giganci Trybuna\u0142u<\/strong><br \/>\nM\u00f3j sta\u0142y dostawca kurioz\u00f3w (nazwisko i adres jak wy\u017cej) pisze, \u017ce p\u0119k\u0142 ze \u015bmiechu, czytaj\u0105c wst\u0119p do \u201eWyk\u0142ad\u00f3w w Trybunale Konstytucyjnym z lat 2017-2018\u201d: \u201eW ostatnich dw\u00f3ch latach funkcjonowania TK pod nowym kierownictwem uda\u0142o nam si\u0119 kontynuowa\u0107 t\u0119 tradycj\u0119, zapraszaj\u0105c (\u2026) wybitnych intelektualist\u00f3w z kraju i zagranicy. Byli w\u015br\u00f3d nich wybitni naukowcy: Zbigniew Stawrowski, Jorg Baberowski, Andrzej Zybertowicz, Jacek Czaputowicz, dyplomaci: Andrzej Przy\u0142\u0119bski i publicy\u015bci polityczni: Bronis\u0142aw Wildstein. (\u2026) Ozdob\u0119 publiczno\u015bci stanowili przedstawiciele elity polskiego \u017cycia publicznego, politycznego, kulturalnego i naukowego z premierem, prezesem Prawa i Sprawiedliwo\u015bci Jaros\u0142awem Kaczy\u0144skim, premierem Mateuszem Morawieckim i wicepremierem Piotrem Gli\u0144skim na czele\u201d.<\/p>\n<p>Kategoria wybitnych dyplomat\u00f3w reprezentowana jest tylko przez jedn\u0105 znakomito\u015b\u0107, ambasadora Przy\u0142\u0119bskiego, kt\u00f3rego \u0142\u0105cz\u0105 \u015bwietne stosunki z nie mniej wybitn\u0105 przewodnicz\u0105c\u0105 Trybuna\u0142u mgr Przy\u0142\u0119bsk\u0105. Tak\u017ce Bronis\u0142aw Wildstein jest osamotniony w kategorii wybitnych publicyst\u00f3w, czas si\u0119gn\u0105\u0107 po redaktor\u00f3w Lisieckiego, Gmyza (o zagro\u017ceniach wymiaru sprawiedliwo\u015bci w Niemczech) czy prezesa Jacka Kurskiego z wyk\u0142adem o misji telewizji publicznej.<\/p>\n<p><strong>Polak, Turek &#8211; dwa bratanki<\/strong><br \/>\nAktualno\u015bci z MSZ (pisownia oryginalna):<\/p>\n<blockquote><p>Ambasada Rzeczypospolitej Polskiej w Helsinkach. 27 listopada 2018 r.<br \/>\nBy\u0107 wiernym Ojczy\u017anie mej, Rzeczypospolitej Polskiej.<\/p>\n<p>Wyk\u0142ady w Turku. Na zaproszenie fundacji Centrum Balticum w Turku, Uniwersytetu w Turku i Urz\u0119du Miasta w Turku (!) Ambasador RP w Finlandii Pan dr Jaros\u0142aw Suchoples wyg\u0142osi\u0142 wyk\u0142ad zatytu\u0142owany \u201ePolska i jej historyczne uwarunkowania jej (!) polityki bezpiecze\u0144stwa. (&#8230;) Wyk\u0142ad spotka\u0142 si\u0119 z du\u017cym zainteresowaniem zgromadzonych s\u0142uchaczy, w\u015br\u00f3d kt\u00f3rych znajdowali si\u0119 czo\u0142owi przedstawiciele nauki, biznesu, polityki i wojska, regionu Turku.<\/p>\n<p>Po wyk\u0142adzie uczestnicy wyk\u0142adu (!) wzi\u0119li udzia\u0142 w o\u017cywionej dyskusji, koncentruj\u0105cej si\u0119 nie tylko w dyskusji (!) o problemach bezpiecze\u0144stwa Morza Ba\u0142tyckiego, ale r\u00f3wnie\u017c w kwestiach perspektywach (!) polsko-fi\u0144skiej wsp\u00f3\u0142pracy gospodarczej. Korzystaj\u0105c z okazji zainteresowania wyst\u0105pienia (!) ambasadora RP, Kierownik (&#8230;) przedstawi\u0142 r\u00f3wnie\u017c prezentacj\u0119 dot. przysz\u0142o\u015bci rozbudowy Portu w Gdyni.<\/p>\n<p>Nast\u0119pnym punktem pobytu ambasador (!) RP w Finlandii w Turku by\u0142 jego udzia\u0142 w zorganizowanym przez \u201ePan-European Institute \u2013 Turku School of Economics w (!) wyk\u0142adzie Kierownika Zagranicznego Biura Handlowego PAIH Pana Tomasza Or\u0142owicza na (!) \u201ePerspektywy gospodarczych relacji polsko-fi\u0144skich&#8221;. Wyk\u0142ad sta\u0142 si\u0119 okazj\u0105 do publicznego dialogu pomi\u0119dzy Kierownikiem ZBH i Ambasadorem RP na temat atrakcyjno\u015b\u0107 (!) jako miejsca (!) godnego zainteresowania fi\u0144skich przedsi\u0119biorc\u00f3w.<\/p><\/blockquote>\n<p>Jak wiadomo, j\u0119zyk fi\u0144ski, kt\u00f3ry nale\u017cy do rodziny j\u0119zyk\u00f3w ugrofi\u0144skich, jest trudny. To samo mo\u017cna chyba powiedzie\u0107 o j\u0119zyku polskim, skoro nawet nasza ambasada ma z nim k\u0142opoty. Wszystkim blogerom, zw\u0142aszcza tym, kt\u00f3rzy s\u0105 z nami od pocz\u0105tku (ponad 11 lat), a tak\u017ce tym m\u0142odym, raczkuj\u0105cym w internecie &#8211; \u017cycz\u0119 wszystkiego dobrego.<\/p>\n","protected":false},"excerpt":{"rendered":"<p>Dzi\u0119kuj\u0119 bardzo Czytelnikom i blogerom, kt\u00f3rzy ubieraj\u0105 nasz\u0105 choink\u0119 nonsens\u00f3w.<\/p>\n","protected":false},"author":4,"featured_media":0,"comment_status":"open","ping_status":"closed","sticky":false,"template":"","format":"standard","meta":{"footnotes":""},"categories":[1],"tags":[],"_links":{"self":[{"href":"https:\/\/blog.polityka.pl\/passent\/wp-json\/wp\/v2\/posts\/5007"}],"collection":[{"href":"https:\/\/blog.polityka.pl\/passent\/wp-json\/wp\/v2\/posts"}],"about":[{"href":"https:\/\/blog.polityka.pl\/passent\/wp-json\/wp\/v2\/types\/post"}],"author":[{"embeddable":true,"href":"https:\/\/blog.polityka.pl\/passent\/wp-json\/wp\/v2\/users\/4"}],"replies":[{"embeddable":true,"href":"https:\/\/blog.polityka.pl\/passent\/wp-json\/wp\/v2\/comments?post=5007"}],"version-history":[{"count":9,"href":"https:\/\/blog.polityka.pl\/passent\/wp-json\/wp\/v2\/posts\/5007\/revisions"}],"predecessor-version":[{"id":5016,"href":"https:\/\/blog.polityka.pl\/passent\/wp-json\/wp\/v2\/posts\/5007\/revisions\/5016"}],"wp:attachment":[{"href":"https:\/\/blog.polityka.pl\/passent\/wp-json\/wp\/v2\/media?parent=5007"}],"wp:term":[{"taxonomy":"category","embeddable":true,"href":"https:\/\/blog.polityka.pl\/passent\/wp-json\/wp\/v2\/categories?post=5007"},{"taxonomy":"post_tag","embeddable":true,"href":"https:\/\/blog.polityka.pl\/passent\/wp-json\/wp\/v2\/tags?post=5007"}],"curies":[{"name":"wp","href":"https:\/\/api.w.org\/{rel}","templated":true}]}}