
{"id":502,"date":"2008-10-31T13:36:38","date_gmt":"2008-10-31T11:36:38","guid":{"rendered":"http:\/\/passent.blog.polityka.pl\/?p=502"},"modified":"2008-10-31T13:36:38","modified_gmt":"2008-10-31T11:36:38","slug":"z-muzyki-na-ziemie","status":"publish","type":"post","link":"https:\/\/blog.polityka.pl\/passent\/2008\/10\/31\/z-muzyki-na-ziemie\/","title":{"rendered":"Z Muzyki na Ziemi\u0119"},"content":{"rendered":"<p>Nie by\u0142o mnie przez kilka dni na blogu, poniewa\u017c uciek\u0142em od codzienno\u015bci na planet\u0119 Muzyka. Sp\u0119dzi\u0142em trzy wieczory w filharmonii, zacz\u0105\u0142em na prawdziwej uczcie dla mi\u0142o\u015bnik\u00f3w Franciszka Liszta , a sko\u0144czy\u0142em we czwartek na ol\u015bniewaj\u0105cym koncercie orkiestry symfonicznej z Tuluzy (Messiaen, Grieg, Berlioz) z udzia\u0142em brazylijskiego pianisty Nelsona Freire i pod batut\u0105 m\u0142odego (31) szefa tej orkiestry, rewelacyjnego dyrygenta rosyjskiego, czy osety\u0144skiego, nazwiskiem Tugan Sokhiev. Po tym koncercie na Sali zapanowa\u0142 entuzjazm, wiwatom i bisom nie by\u0142o ko\u0144ca, po Symfonii Fantastycznej Berlioza sala jak gdyby zamar\u0142a z wra\u017cenia i nie chcia\u0142a wypu\u015bci\u0107 artyst\u00f3w. By\u0142em zachwycony sposobem, w jaki Sokhiev prowadzi\u0142 orkiestr\u0119 i nawet nie przeszkadza\u0142o mi, \u017ce jest \u0142udz\u0105co podobny do\u2026 Bronis\u0142awa Wildsteina, tylko cz\u0119\u015bciej si\u0119 u\u015bmiecha i jest pe\u0142en wdzi\u0119ku.<\/p>\n<p>Niestety, nazajutrz rano przysz\u0142o przebudzenie i powr\u00f3t na Ziemi\u0119. Prezydent Kaczy\u0144ski wysy\u0142a sprzeczne sygna\u0142y w sprawie euro. Podczas rady gabinetowej sprawia\u0142 wra\u017cenie, \u017ce jest \u201eza\u201d, na konferencji prasowej m\u00f3wi\u0142, \u017ce to dobra perspektywa, tylko kwestia czasu, a teraz wr\u00f3ci\u0142 do swojej kampanii wyborczej i straszy, \u017ce wprowadzenie euro mo\u017ce doprowadzi\u0107 do 10-15 proc. zwy\u017cki cen, starym pisowskim zwyczajem wspomina, \u017ce s\u0105 \u201egrupy zainteresowane euro\u201d, wreszcie, \u017ce w\u0142asna waluta to \u201eniezb\u0119dny element suwerenno\u015bci\u201d. Ekonomi\u015bci m\u00f3wi\u0105, \u017ce to bzdura (prof. Or\u0142owski), marketing polityczny (prof. Winiecki), i ja mam takie samo przeczucie. Co to za suwerenno\u015b\u0107 walutowa, kiedy z\u0142ot\u00f3wka skacze i opada jak szalona wobec g\u0142\u00f3wnych walut \u015bwiata? Czy pan prezydent nie wie, co dzieje si\u0119 za miedz\u0105, na S\u0142owacji, kt\u00f3ra jedn\u0105 nog\u0105 jest w euro, a obiema nogami stoi mocno na Ziemi? Moim zdaniem \u2013 wie, ale buduje swoj\u0105 pozycj\u0119 na ludzkich obawach &#8211; na obawie, \u017ce zdro\u017ceje, \u017ce opieka lekarska b\u0119dzie dla bogatych (a teraz dla kogo jest?), \u017ce chc\u0105 zabra\u0107 <a href=\"http:\/\/www.polityka.pl\/z-pomostu-w-przepasc\/Lead33,1091,270048,18\/\" target=\"_blank\"><strong>pomost\u00f3wki<\/strong><\/a> zamiast rozszerzy\u0107 je na wszystkich. Strach to wehiku\u0142, kt\u00f3ry ma prezydentowi zapewni\u0107 reelekcj\u0119. Potwierdzaj\u0105 si\u0119 obawy, \u017ce kostium polityka koncyliacyjnego, za\u0142o\u017cony na rade gabinetow\u0105, by\u0142 wypo\u017cyczony. Pan prezydent gra na strachu jak Paganini.<\/p>\n<p>Minister Rostowski na posiedzeniu rady gabinetowej m\u00f3wi\u0142 s\u0142usznie, \u017ce gdyby poprzedni rz\u0105d zdecydowa\u0142 si\u0119 na wst\u0105pienie Polski do euro kilka lat temu, kiedy nasza sytuacja by\u0142a\u00a0 jeszcze lepsza, to od 1 stycznia 2009 r. mieliby\u015bmy euro i dzisiaj znacznie mniej obaw. Ale IV RP by\u0142a skupiona na suwerenno\u015bci, integracj\u0119 europejsk\u0105 traktowa\u0142a podejrzliwie. Dzisiaj prezydent do tych obaw wraca.<\/p>\n<p>Podobnie jest z emeryturami. Prezydent zapowiada weto w sprawie pomost\u00f3wek, je\u017celi lewica nie pomo\u017ce tego weta odrzuci\u0107, to bud\u017cet nadal b\u0119dzie si\u0119 wykrwawia\u0142, i zn\u00f3w ze strachu \u2013 strachu przed niepopularn\u0105 decyzj\u0105. Bo \u0142atwiej przywileje rozszerza\u0107, ni\u017c ogranicza\u0107, \u0142atwiej sprzyja\u0107 zwi\u0105zkowcom i \u201ezwi\u0105zkowcom\u201d, ni\u017c si\u0119 im narazi\u0107. Ma racj\u0119 Jan Rokita, kiedy pisze w \u201eDzienniku\u201d, \u017ce \u201eTo, co sprawiedliwe i solidarne nale\u017cne, ma by\u0107 przekszta\u0142cone w bezpodstawny przywilej wyrwany gro\u017ab\u0105 i si\u0142\u0105. (\u2026) Zwi\u0105zki zawodowe pr\u00f3buj\u0105 wywo\u0142a\u0107 konflikt, kt\u00f3ry uniemo\u017cliwi\u0142by \u2013 np. przez prezydenckie weto \u2013 wprowadzenie tego prawa w \u017cycie.\u201d Oczywi\u015bcie, Rokita nie jest dzi\u015b w rz\u0105dzie, wi\u0119c \u0142atwo mu tak pisa\u0107 (podobnie jak nam, dziennikarzom), ale w tej sprawie jestem za rz\u0105dem.<\/p>\n<p>Natomiast nie podoba mi si\u0119, jak rz\u0105d pogra\u0142 spraw\u0119 z PZPN. Nie dziwi mnie, \u017ce po serii rz\u0105dowych kiks\u00f3w, \u015brodowisko dzia\u0142aczy zwar\u0142o szeregi i wybra\u0142o Grzegorza Lato. Dziwi mnie, \u017ce Zbigniew Boniek, faworyt rz\u0105du i \u2013 podobno \u2013 opinii publicznej, obrazi\u0142 si\u0119 i odwr\u00f3ci\u0142 od organizacji, na czele kt\u00f3rej jeszcze wczoraj chcia\u0142 stan\u0105\u0107. \u201eAbsolutne zero wsp\u00f3\u0142pracy ze zwi\u0105zkiem\u201d \u2013 m\u00f3wi. I dodaje: \u201eLato chcia\u0142 rower, to niech peda\u0142uje\u201d. Teraz wida\u0107, \u017ce dla p. Bo\u0144ka najwa\u017cniejsza by\u0142a prezesura. Nie dosta\u0142 zabawki, to obra\u017cony schodzi z boiska. Nie tak gra\u0142 kiedy\u015b Zbigniew Boniek. Zn\u00f3w zat\u0119skni\u0142em do filharmonii \u2013 tam graj\u0105 czysto.<\/p>\n","protected":false},"excerpt":{"rendered":"<p>Nie by\u0142o mnie przez kilka dni na blogu, poniewa\u017c uciek\u0142em od codzienno\u015bci na planet\u0119 Muzyka. Sp\u0119dzi\u0142em trzy wieczory w filharmonii, zacz\u0105\u0142em na prawdziwej uczcie dla mi\u0142o\u015bnik\u00f3w Franciszka Liszta , a sko\u0144czy\u0142em we czwartek na ol\u015bniewaj\u0105cym koncercie orkiestry symfonicznej z Tuluzy (Messiaen, Grieg, Berlioz) z udzia\u0142em brazylijskiego pianisty Nelsona Freire i pod batut\u0105 m\u0142odego (31) szefa [&hellip;]<\/p>\n","protected":false},"author":4,"featured_media":0,"comment_status":"open","ping_status":"open","sticky":false,"template":"","format":"standard","meta":{"footnotes":""},"categories":[1],"tags":[21,20],"_links":{"self":[{"href":"https:\/\/blog.polityka.pl\/passent\/wp-json\/wp\/v2\/posts\/502"}],"collection":[{"href":"https:\/\/blog.polityka.pl\/passent\/wp-json\/wp\/v2\/posts"}],"about":[{"href":"https:\/\/blog.polityka.pl\/passent\/wp-json\/wp\/v2\/types\/post"}],"author":[{"embeddable":true,"href":"https:\/\/blog.polityka.pl\/passent\/wp-json\/wp\/v2\/users\/4"}],"replies":[{"embeddable":true,"href":"https:\/\/blog.polityka.pl\/passent\/wp-json\/wp\/v2\/comments?post=502"}],"version-history":[{"count":0,"href":"https:\/\/blog.polityka.pl\/passent\/wp-json\/wp\/v2\/posts\/502\/revisions"}],"wp:attachment":[{"href":"https:\/\/blog.polityka.pl\/passent\/wp-json\/wp\/v2\/media?parent=502"}],"wp:term":[{"taxonomy":"category","embeddable":true,"href":"https:\/\/blog.polityka.pl\/passent\/wp-json\/wp\/v2\/categories?post=502"},{"taxonomy":"post_tag","embeddable":true,"href":"https:\/\/blog.polityka.pl\/passent\/wp-json\/wp\/v2\/tags?post=502"}],"curies":[{"name":"wp","href":"https:\/\/api.w.org\/{rel}","templated":true}]}}