
{"id":5022,"date":"2018-12-26T19:26:27","date_gmt":"2018-12-26T18:26:27","guid":{"rendered":"https:\/\/passent.blog.polityka.pl\/?p=5022"},"modified":"2018-12-27T14:03:07","modified_gmt":"2018-12-27T13:03:07","slug":"rafal-i-kamil-dobra-zmiana","status":"publish","type":"post","link":"https:\/\/blog.polityka.pl\/passent\/2018\/12\/26\/rafal-i-kamil-dobra-zmiana\/","title":{"rendered":"Rafa\u0142 i Kamil &#8211; dobra zmiana"},"content":{"rendered":"<p>Nareszcie decyzja prezydenta miasta Rafa\u0142a Trzaskowskiego (gratuluj\u0119 zwyci\u0119stwa w wyborach przez k.o.), kt\u00f3r\u0105 rozumiem i popieram w ca\u0142ej rozci\u0105g\u0142o\u015bci.<br \/>\n<!--more--><br \/>\nKamil D\u0105browa \u2013 znany dziennikarz radiowy i by\u0142y dyrektor kilku stacji, w tym Programu I Polskiego Radia (sk\u0105d go wymiot\u0142a \u201edobra zmiana\u201d PiS) &#8211; zosta\u0142 kierownikiem biura prasowego warszawskiego Urz\u0119du Miasta, czyli rzecznikiem prezydenta stolicy. To naprawd\u0119 dobra zmiana. Nie chodzi o to, \u017ce lepsza od poprzedniej (poprzedniego rzecznika nie kojarz\u0119), ale to dobra zmiana w sztafecie. (D\u0105browa wie, co to znaczy, w ko\u0144cu to kibic i marato\u0144czyk). Gdyby Platforma mia\u0142a wi\u0119cej takich twarzy, by\u0142aby spokojniejsza o wynik wybor\u00f3w.<\/p>\n<p>Twarzami ratusza staj\u0105 si\u0119 panowie po czterdziestce (przyda\u0142aby si\u0119 i Syrenka w tym gronie), jeszcze m\u0142odzi, mogliby by\u0107 moimi synami, dobrze wykszta\u0142ceni (Rafa\u0142 z doktoratem, Kamil po filozofii), a ju\u017c z du\u017cym, r\u00f3\u017cnorodnym i kompatybilnym do\u015bwiadczeniem \u2013 Rafa\u0142 w dziedzinie spraw mi\u0119dzynarodowych, dobrze zorientowany za granic\u0105, Kamil bardziej miejscowy, dobrze czuje miasto i nastroje, czego dowody daje m.in. w programie TVN &#8222;Szk\u0142o kontaktowe&#8221;. Obu trudno nazwa\u0107 \u201eaparatczykami\u201d, kt\u00f3rzy dostali swoje za \u201ewys\u0142ug\u0119 lat\u201d.<\/p>\n<p>Obaj daj\u0105 nadziej\u0119, \u017ce wbrew zapowiedziom prezesa nie b\u0119dzie \u201eBudapesztu w Warszawie\u201d. (Nie mam nic przeciwko Budapesztowi poza jego polityk\u0105). Rafa\u0142a i Kamila czeka trudny rok, a je\u015bli \u017ale p\u00f3jdzie \u2013 to d\u0142u\u017cej. \u201ePartia i rz\u0105d\u201d nie ukrywaj\u0105, \u017ce b\u0119d\u0105 rzuca\u0107 k\u0142ody pod nogi \u201ewrogim\u201d samorz\u0105dom.  Prezes ma \u015bwietn\u0105 pami\u0119\u0107, a kl\u0119ska Patryka Jakiego wymaga pomszczenia, wszak zemsta jest uczt\u0105 bog\u00f3w. Chcieli\u015bcie rz\u0105dzi\u0107 \u2013 to my wam poka\u017cemy.<\/p>\n<p>W wyborach samorz\u0105dowych wyra\u017anie zapowiadali, \u017ce wi\u0119cej pieni\u0119dzy dostan\u0105 samorz\u0105dy, kt\u00f3re \u201edobrze wsp\u00f3\u0142pracuj\u0105\u201d z rz\u0105dem. Nie w\u0105tpi\u0119, \u017ce tym razem partia i rz\u0105d dotrzymaj\u0105 s\u0142owa, zrobi\u0105, co w ich mocy, by prezydentom Warszawy i innych miast (tych nie z talii PiS) utrudni\u0107 wykonanie zobowi\u0105za\u0144 i obietnic wyborczych. By oskuba\u0107 \u201enies\u0142uszne\u201d samorz\u0105dy i nagrodzi\u0107 swoich, \u017ceby mieli si\u0119 czym pochwali\u0107 przed nast\u0119pnymi wyborami. \u017b\u0142obki, przedszkola, szpitale, metro, mieszkania, prywatyzacja, nazwy ulic, teatry, wyw\u00f3z \u015bmieci, polityka historyczna, deglomeracja, pomniki, \u0142uki triumfalne \u2013 wszystko jest aren\u0105 w tym najbardziej z upolitycznionym z miast polskich.<\/p>\n<p>Tandem Rafa\u0142 i Kamil daje nadziej\u0119. Pisz\u0119 o nich po imieniu, cho\u0107 prezydenta miasta nie mam nawet zaszczytu zna\u0107, ale to dlatego, \u017ce m\u00f3g\u0142bym by\u0107 ich ojcem i b\u0119d\u0119 ich rozlicza\u0142 z polityki&#8230; senioralnej! Dostajecie stolic\u0119 pi\u0119kniejsz\u0105 ni\u017c kiedykolwiek (cho\u0107 miejscami zepsut\u0105) \u2013 postarajcie si\u0119 jej nie spapra\u0107. Licz\u0119 na Was!<\/p>\n","protected":false},"excerpt":{"rendered":"<p>Tandem Rafa\u0142 i Kamil daje nadziej\u0119.<\/p>\n","protected":false},"author":4,"featured_media":5027,"comment_status":"open","ping_status":"closed","sticky":false,"template":"","format":"standard","meta":{"footnotes":""},"categories":[1],"tags":[],"_links":{"self":[{"href":"https:\/\/blog.polityka.pl\/passent\/wp-json\/wp\/v2\/posts\/5022"}],"collection":[{"href":"https:\/\/blog.polityka.pl\/passent\/wp-json\/wp\/v2\/posts"}],"about":[{"href":"https:\/\/blog.polityka.pl\/passent\/wp-json\/wp\/v2\/types\/post"}],"author":[{"embeddable":true,"href":"https:\/\/blog.polityka.pl\/passent\/wp-json\/wp\/v2\/users\/4"}],"replies":[{"embeddable":true,"href":"https:\/\/blog.polityka.pl\/passent\/wp-json\/wp\/v2\/comments?post=5022"}],"version-history":[{"count":4,"href":"https:\/\/blog.polityka.pl\/passent\/wp-json\/wp\/v2\/posts\/5022\/revisions"}],"predecessor-version":[{"id":5028,"href":"https:\/\/blog.polityka.pl\/passent\/wp-json\/wp\/v2\/posts\/5022\/revisions\/5028"}],"wp:featuredmedia":[{"embeddable":true,"href":"https:\/\/blog.polityka.pl\/passent\/wp-json\/wp\/v2\/media\/5027"}],"wp:attachment":[{"href":"https:\/\/blog.polityka.pl\/passent\/wp-json\/wp\/v2\/media?parent=5022"}],"wp:term":[{"taxonomy":"category","embeddable":true,"href":"https:\/\/blog.polityka.pl\/passent\/wp-json\/wp\/v2\/categories?post=5022"},{"taxonomy":"post_tag","embeddable":true,"href":"https:\/\/blog.polityka.pl\/passent\/wp-json\/wp\/v2\/tags?post=5022"}],"curies":[{"name":"wp","href":"https:\/\/api.w.org\/{rel}","templated":true}]}}