
{"id":5040,"date":"2019-01-06T14:36:58","date_gmt":"2019-01-06T13:36:58","guid":{"rendered":"https:\/\/passent.blog.polityka.pl\/?p=5040"},"modified":"2019-01-06T14:36:58","modified_gmt":"2019-01-06T13:36:58","slug":"minister-eksperyment","status":"publish","type":"post","link":"https:\/\/blog.polityka.pl\/passent\/2019\/01\/06\/minister-eksperyment\/","title":{"rendered":"Minister Eksperyment"},"content":{"rendered":"<p>Minister spraw zagranicznych Jacek Czaputowicz nie przestaje bajdurzy\u0107 i zadziwia\u0107. Niedawno powiedzia\u0142, \u017ce Tusk by\u0142 kandydatem Niemiec na stanowisko przewodnicz\u0105cego Komisji Europejskiej. Zamiast wyrazi\u0107 satysfakcj\u0119, \u017ce Polska mia\u0142a dobre stosunki z Niemcami \u2013 najwa\u017cniejszym pa\u0144stwem unijnym, co by\u0142o jednym z warunk\u00f3w wyboru Tuska \u2013 \u201eCzapu\u201d usi\u0142uje go zdyskredytowa\u0107 i przedstawi\u0107 jako polityka niemieckiego, a nie polskiego. Mie\u015bci si\u0119 to doskonale w tradycji polityki endeckiej w Polsce. W wyborach parlamentarnych i prezydenckich zim\u0105 1922 r. endecja g\u0142osi\u0142a \u201edoktryn\u0119 polskiej wi\u0119kszo\u015bci\u201d, a kto do tej \u201ewi\u0119kszo\u015bci\u201d nie nale\u017ca\u0142, mia\u0142 by\u0107 wykluczony z \u017cycia politycznego.<br \/>\n<!--more--><br \/>\nNiestrudzony amb. prof. Grela zamie\u015bci\u0142 na FB tekst ameryka\u0144skiej agencji Bloomberga z 5 stycznia: \u201ePolska pot\u0119pia przyw\u00f3dztwo Unii Europejskiej i apeluje o zmiany w polityce Unii po wyborach do Parlamentu Europejskiego w maju br.\u201d.<\/p>\n<p>\u201ePolska oskar\u017cy\u0142a Uni\u0119 o prowadzenie wobec niej wrogiej polityki i wezwa\u0142a do zmian w funkcjonowaniu Unii Europejskiej po wyborach w maju. To najnowsza salwa w d\u0142ugotrwa\u0142ej walce mi\u0119dzy UE a Polsk\u0105\u201d \u2013 pisze Bloomberg. Bruksela uwa\u017ca, \u017ce w Polsce post\u0119puje erozja standard\u00f3w demokratycznych i rosn\u0105 zagro\u017cenia dla pa\u0144stwa prawa. Jest to zwi\u0105zane z nominacjami politycznymi w s\u0105dach, co jest zamachem na niezale\u017cne s\u0105downictwo. Konflikt mo\u017ce doprowadzi\u0107 do ci\u0119\u0107 dotacji, kt\u00f3re ten kraj otrzymuje z UE \u2013 czytamy dalej.<\/p>\n<p>\u201eInstytucje unijne nieustannie dzia\u0142aj\u0105 przeciwko polskiemu rz\u0105dowi \u2013 o\u015bwiadczy\u0142 w sobot\u0119 minister Jacek Czaputowicz \u2013 podczas gdy Polska jest pozytywnym przyk\u0142adem narodu bez si\u0142 antyeuropejskich w swoim parlamencie, kroki podejmowane przez instytucje Unii maj\u0105 w jak najwi\u0119kszym stopniu szkodzi\u0107 polskim w\u0142adzom. Unia nie powinna doprowadzi\u0107 do dzia\u0142a\u0144, kt\u00f3re nie s\u0105 akceptowane przez spo\u0142ecze\u0144stwo\u201d.<\/p>\n<p>M\u00f3j komentarz: po pierwsze, Polska, jak ka\u017cdy kraj unijny, ma prawo krytykowa\u0107 Uni\u0119, wszak do niej nale\u017cymy, a w Brukseli i w innych stolicach \u015bcieraj\u0105 si\u0119 r\u00f3\u017cne interesy, pogl\u0105dy i\u2026 ambicje. S\u0105dz\u0119, \u017ce polska kontra w Unii do pewnego stopnia zwi\u0105zana jest z ambicj\u0105, by nasz kraj \u201ewsta\u0142 z kolan\u201d, a przyw\u00f3dca obozu rz\u0105dz\u0105cego, prezes Kaczy\u0144ski, sta\u0142 si\u0119 jednym z najwa\u017cniejszych polityk\u00f3w w Europie. W zwi\u0105zku z zapowiadan\u0105 wizyt\u0105 Matteo Salviniego, antyunijnego wicepremiera W\u0142och i lidera Ligi P\u00f3\u0142nocnej o ci\u0105gotach separatystycznych, u prezesa PiS by\u0142y wiceminister spraw zagranicznych Jan Dziedziczak (PiS) m\u00f3wi, \u017ce to pokazuje, jak powa\u017cnie traktowany jest nasz kraj.<\/p>\n<p>Po drugie, nie jest prawd\u0105, jakoby Polska nie mia\u0142a si\u0142 antyeuropejskich w parlamencie. Przeciwnie, najwi\u0119ksze ugrupowanie w parlamencie, Prawo i Sprawiedliwo\u015b\u0107, nie raz s\u0142owem i czynem rozmija si\u0119 z Uni\u0105. Najwi\u0119kszym ugrupowaniem walcz\u0105cym z Uni\u0105 jest PiS. Gdy prezydent Duda m\u00f3wi o \u201ewyimaginowanej wsp\u00f3lnocie\u201d, a premier Morawiecki kpi sobie, \u017ce za fundusze unijne naprawia si\u0119 chodniki, to mamy \u015bwiadectwo arogancji i k\u0142amstwa. I to w kraju, kt\u00f3ry by\u0142 najwi\u0119kszym odbiorc\u0105 funduszy unijnych.<\/p>\n<p>Po trzecie, to nie Unia prowadzi wrog\u0105 polityk\u0119 wobec Polski, lecz przeciwnie, rz\u0105d naszego kraju rozmija si\u0119 z unijnymi warto\u015bciami, jak cho\u0107by tr\u00f3jpodzia\u0142 w\u0142adz i niezawis\u0142e s\u0105downictwo, r\u00f3wnouprawnienie mniejszo\u015bci czy ochrona \u015brodowiska i wycinka drzew w Puszczy Bia\u0142owieskiej, co w sumie faktycznie sta\u0142o si\u0119 \u017ar\u00f3d\u0142em konfliktu Unia\u2013Polska , znanego r\u00f3wnie\u017c jako \u201e27:1\u201d.<\/p>\n<p>Prezes Kaczy\u0144ski m\u00f3wi, \u017ce rzekomy \u201epolexit\u201d ro wielkie k\u0142amstwo. Owszem, PiS nie wzywa do tego, \u017ceby z hukiem wyst\u0105pi\u0107 z Unii. Jak zauwa\u017caj\u0105 ju\u017c bardziej rozgarni\u0119ci komentatorzy, rz\u0105d nie chce wyprowadzi\u0107 Polski z Unii, tylko wypchn\u0105\u0107 Uni\u0119 z Polski, uczyni\u0107 polskie cz\u0142onkostwo formalno\u015bci\u0105, fikcj\u0105. Chcemy Unii, ale takiej jak Warszawa i Budapeszt, a nie takiej jak Pary\u017c, Berlin, Madryt czy Haga.<\/p>\n<p>Wreszcie po czwarte, minister Czaputowicz, kt\u00f3ry wyp\u0142yn\u0105\u0142 jako bezpartyjny specjalista, nie ustaje w umizgach i dogadzaniu partii rz\u0105dz\u0105cej. Skubiszewski, Bartoszewski, Rosati, Olechowski, Cimoszewicz i inni przyzwyczaili nas do ministr\u00f3w du\u017cego formatu. A minister Czaputowicz?<\/p>\n","protected":false},"excerpt":{"rendered":"<p>Czaputowicz, kt\u00f3ry wyp\u0142yn\u0105\u0142 jako bezpartyjny specjalista, nie ustaje w umizgach i dogadzaniu partii rz\u0105dz\u0105cej.<\/p>\n","protected":false},"author":4,"featured_media":5041,"comment_status":"open","ping_status":"closed","sticky":false,"template":"","format":"standard","meta":{"footnotes":""},"categories":[1],"tags":[],"_links":{"self":[{"href":"https:\/\/blog.polityka.pl\/passent\/wp-json\/wp\/v2\/posts\/5040"}],"collection":[{"href":"https:\/\/blog.polityka.pl\/passent\/wp-json\/wp\/v2\/posts"}],"about":[{"href":"https:\/\/blog.polityka.pl\/passent\/wp-json\/wp\/v2\/types\/post"}],"author":[{"embeddable":true,"href":"https:\/\/blog.polityka.pl\/passent\/wp-json\/wp\/v2\/users\/4"}],"replies":[{"embeddable":true,"href":"https:\/\/blog.polityka.pl\/passent\/wp-json\/wp\/v2\/comments?post=5040"}],"version-history":[{"count":1,"href":"https:\/\/blog.polityka.pl\/passent\/wp-json\/wp\/v2\/posts\/5040\/revisions"}],"predecessor-version":[{"id":5042,"href":"https:\/\/blog.polityka.pl\/passent\/wp-json\/wp\/v2\/posts\/5040\/revisions\/5042"}],"wp:featuredmedia":[{"embeddable":true,"href":"https:\/\/blog.polityka.pl\/passent\/wp-json\/wp\/v2\/media\/5041"}],"wp:attachment":[{"href":"https:\/\/blog.polityka.pl\/passent\/wp-json\/wp\/v2\/media?parent=5040"}],"wp:term":[{"taxonomy":"category","embeddable":true,"href":"https:\/\/blog.polityka.pl\/passent\/wp-json\/wp\/v2\/categories?post=5040"},{"taxonomy":"post_tag","embeddable":true,"href":"https:\/\/blog.polityka.pl\/passent\/wp-json\/wp\/v2\/tags?post=5040"}],"curies":[{"name":"wp","href":"https:\/\/api.w.org\/{rel}","templated":true}]}}