
{"id":5048,"date":"2019-01-09T23:02:10","date_gmt":"2019-01-09T22:02:10","guid":{"rendered":"https:\/\/passent.blog.polityka.pl\/?p=5048"},"modified":"2019-01-09T23:29:25","modified_gmt":"2019-01-09T22:29:25","slug":"glapa-wstydu-oszczedz","status":"publish","type":"post","link":"https:\/\/blog.polityka.pl\/passent\/2019\/01\/09\/glapa-wstydu-oszczedz\/","title":{"rendered":"Glapa, wstydu oszcz\u0119d\u017a!"},"content":{"rendered":"<p>Prezes NBP Adam Glapi\u0144ski skompromitowa\u0142 si\u0119 podczas d\u0142ugo oczekiwanej konferencji prasowej, zwo\u0142anej na temat osza\u0142amiaj\u0105cych zarobk\u00f3w dw\u00f3ch pa\u0144 dyrektor z jego otoczenia. Przypomnijmy podstawowe fakty: media poinformowa\u0142y, jakoby dwie panie dyrektor (jedna to rzecznik prasowy) zarabia\u0142y astronomicznie du\u017co, jedna z nich nawet ok. 80 tys. z\u0142 miesi\u0119cznie, co zbulwersowa\u0142o nawet prezydenta Dud\u0119, cz\u0142owieka b\u0105d\u017a co b\u0105d\u017a z tego samego obozu co \u201eGlapa\u201d.<br \/>\n<!--more--><br \/>\nNBP zachowywa\u0142 wynios\u0142e milczenie, dementowa\u0142 po\u0142owicznie, zaprzecza\u0142 anemicznie. Ci\u015bnienie medi\u00f3w i polityk\u00f3w na ujawnienie zarobk\u00f3w w NBP by\u0142o ju\u017c takie du\u017ce, \u017ce prezes NBP zdecydowa\u0142 si\u0119 na konferencj\u0119 prasow\u0105, kt\u00f3ra stanowi kompletne fiasko.<\/p>\n<p>Po pierwsze \u2013 zarobki w instytucji b\u0105d\u017a co b\u0105d\u017a publicznej nie zosta\u0142y ujawnione. Zamiast tego podano \u015bredni\u0105 zarobk\u00f3w dyrektor\u00f3w ponad 20 departament\u00f3w. Na konkretne pytanie o zarobki dyr. Martyny Wojciechowskiej osoba prowadz\u0105ca konferencj\u0119 nie mog\u0142a odpowiedzie\u0107, bo \u201enie by\u0142a przygotowana\u201d!!! To\u017c to kpina w \u017cywe oczy, nie mniejsza ni\u017c trwaj\u0105ce latami i utajnione dochodzenie w sprawie wypadku drogowego z udzia\u0142em Beaty Szyd\u0142o. Pani, kt\u00f3ra prowadzi\u0142a konferencj\u0119 \u201enieprzygotowana\u201d, powinna by\u0107 natychmiast odsuni\u0119ta z powodu ra\u017c\u0105cej niekompetencji.<\/p>\n<p>Po drugie \u2013 linia obrony NBP jest nast\u0119puj\u0105ca: jest to wa\u017cna i samodzielna instytucja, kt\u00f3ra podlega tylko kontroli NIK. \u201eAtak\u201d na NBP = dzia\u0142anie na szkod\u0119 pa\u0144stwa. Zarobki nie mog\u0105 by\u0107 ujawnione, bo na to tylko czekaj\u0105 wywiady innych pa\u0144stw. P\u0142acimy dobrze, ale wymagamy du\u017co. Zarobki w sektorze bankowym s\u0105 jeszcze wy\u017csze. Atak medi\u00f3w i opozycji (oraz \u2013 przypomnijmy &#8211; wicepremiera Gowina) to zmasowany hejt, haniebny atak na bezbronne kobiety, dzieci, rodziny, kt\u00f3re przecie\u017c maj\u0105 prawo do spokojnego \u017cycia.<\/p>\n<p>Szkoda tylko, \u017ce aby przeci\u0105\u0107 spraw\u0119, \u017cadna z tych pa\u0144 po prostu nie wsta\u0142a i nie powiedzia\u0142a, ile zarabia. Jak powiedzia\u0142 Jan Krzysztof Bielecki: kto ma odwag\u0119 tyle zarabia\u0107, powinien mie\u0107 odwag\u0119 to ujawni\u0107.<\/p>\n<p>Branie ludzi na lito\u015b\u0107, \u017ce jakoby zaatakowano (czytaj: zgwa\u0142cono) niewinne kobiety, jest bez sensu, p\u0142e\u0107 nie ma tu nic do rzeczy, podobny \u201eatak\u201d nast\u0105pi\u0142 na prezesa KNF Marka Chrzanowskiego i prezesa banku Leszka Czarneckiego, kt\u00f3rzy po nies\u0142awnej rozmowie udali si\u0119 do \u201eGlapy\u201d \u2013 mamy wi\u0119c trzech m\u0119\u017cczyzn i nic z tego nie wynika.<\/p>\n<p>W ko\u0144cu prezes Glapi\u0144ski da\u0142 przyk\u0142ad ra\u017c\u0105cej arogancji, radz\u0105c wicepremierowi Gowinowi, \u017ceby wzi\u0105\u0142 g\u0142\u0119bsze oddechy i zimny prysznic. To arogancja typowa dla rz\u0105dz\u0105cych, kt\u00f3rym wstyd za Misiewicz\u00f3w, Andruszkiewicz\u00f3w, za pr\u00f3b\u0119 wzi\u0119cia za twarz bran\u017cy filmowej, za liczne wpadki i nieszcz\u0119\u015bcia. \u201eGlapa\u201d jest by\u0107 mo\u017ce nieusuwalny, ale b\u0119dzie kul\u0105 u nogi PiS.<\/p>\n","protected":false},"excerpt":{"rendered":"<p>\u201eGlapa\u201d jest by\u0107 mo\u017ce nieusuwalny, ale b\u0119dzie kul\u0105 u nogi PiS.<\/p>\n","protected":false},"author":4,"featured_media":5052,"comment_status":"open","ping_status":"closed","sticky":false,"template":"","format":"standard","meta":{"footnotes":""},"categories":[1],"tags":[],"_links":{"self":[{"href":"https:\/\/blog.polityka.pl\/passent\/wp-json\/wp\/v2\/posts\/5048"}],"collection":[{"href":"https:\/\/blog.polityka.pl\/passent\/wp-json\/wp\/v2\/posts"}],"about":[{"href":"https:\/\/blog.polityka.pl\/passent\/wp-json\/wp\/v2\/types\/post"}],"author":[{"embeddable":true,"href":"https:\/\/blog.polityka.pl\/passent\/wp-json\/wp\/v2\/users\/4"}],"replies":[{"embeddable":true,"href":"https:\/\/blog.polityka.pl\/passent\/wp-json\/wp\/v2\/comments?post=5048"}],"version-history":[{"count":3,"href":"https:\/\/blog.polityka.pl\/passent\/wp-json\/wp\/v2\/posts\/5048\/revisions"}],"predecessor-version":[{"id":5051,"href":"https:\/\/blog.polityka.pl\/passent\/wp-json\/wp\/v2\/posts\/5048\/revisions\/5051"}],"wp:featuredmedia":[{"embeddable":true,"href":"https:\/\/blog.polityka.pl\/passent\/wp-json\/wp\/v2\/media\/5052"}],"wp:attachment":[{"href":"https:\/\/blog.polityka.pl\/passent\/wp-json\/wp\/v2\/media?parent=5048"}],"wp:term":[{"taxonomy":"category","embeddable":true,"href":"https:\/\/blog.polityka.pl\/passent\/wp-json\/wp\/v2\/categories?post=5048"},{"taxonomy":"post_tag","embeddable":true,"href":"https:\/\/blog.polityka.pl\/passent\/wp-json\/wp\/v2\/tags?post=5048"}],"curies":[{"name":"wp","href":"https:\/\/api.w.org\/{rel}","templated":true}]}}