
{"id":5089,"date":"2019-01-21T17:01:17","date_gmt":"2019-01-21T16:01:17","guid":{"rendered":"https:\/\/passent.blog.polityka.pl\/?p=5089"},"modified":"2019-01-22T13:06:47","modified_gmt":"2019-01-22T12:06:47","slug":"gilotyna-parysa","status":"publish","type":"post","link":"https:\/\/blog.polityka.pl\/passent\/2019\/01\/21\/gilotyna-parysa\/","title":{"rendered":"Gilotyna Parysa"},"content":{"rendered":"<p>Polska polityka zagraniczna znajduje si\u0119 w stanie takiego chaosu, \u017ce wszelkie pomys\u0142y s\u0105 dozwolone, a wielu dyskutant\u00f3w nie ma poczucia \u015bmieszno\u015bci.<!--more--><\/p>\n<p>Jan Parys, polityk prawicowy, kt\u00f3ry kiedy\u015b zajmowa\u0142 mniej lub bardziej wa\u017cne stanowiska (minister w rz\u0105dzie Jana Olszewskiego, doradca Miejskiego Przedsi\u0119biorstwa\u2026 Taks\u00f3wkowego, szef gabinetu politycznego w MSZ, dyrektor fundacji polsko-niemieckiej odwo\u0142any po kontroli NIK), straszy Niemcami. B\u0119d\u0105c, jako polityk, na bocznym torze, chyba chce powr\u00f3ci\u0107 do \u0142ask. \u201eOd trzech lat politycy niemieccy robi\u0105 wszystko, by doprowadzi\u0107 do os\u0142abienia rz\u0105du PiS oraz jego zmiany na proniemiecki. Za pomoc\u0105 gigantycznej (! \u2013 Pass.) operacji medialnej prowadzony jest systematyczny atak na RP w mediach niemieckich. Mamy do czynienia z wielk\u0105 operacj\u0105 dezinformacji na temat sytuacji w Polsce, kt\u00f3rej nigdy nie prowadzi\u0142y na t\u0119 skal\u0119 media rosyjskie \u2013 pisze w \u201eDo Rzeczy\u201d.<\/p>\n<p>Niemcy \u2013 czytamy dalej \u2013 wykorzystuj\u0105 swoje wp\u0142ywy w UE, by za pomoc\u0105 jej mechanizm\u00f3w politycznych i pseudoprawnych doprowadzi\u0107 do os\u0142abienia mi\u0119dzynarodowej pozycji rz\u0105du PiS. Mo\u017cna powiedzie\u0107, \u017ce w tej chwili w Brukseli niemieckimi r\u0119koma zosta\u0142a zbudowana gilotyna dla premiera Mateusza Morawieckiego i prezesa PiS Jaros\u0142awa Kaczy\u0144skiego\u201d \u2013 ostrzega Parys i wzywa do nadzwyczajnego otrze\u017awienia. W planach Niemiec Polska jest podporz\u0105dkowana polityce rosyjskiej Berlina, pozostaje zasobem si\u0142y roboczej, \u201epozbawiona podmiotowo\u015bci politycznej\u201d na rzecz Brukseli, kt\u00f3r\u0105 trz\u0119sie kanclerz Merkel. Nie jest tajemnic\u0105 \u2013 pisze \u2013 \u017ce r\u00f3wnie\u017c Rosja ma inn\u0105 wizj\u0119 po\u017c\u0105danej sytuacji mi\u0119dzynarodowej. Jego zdaniem wsp\u00f3lny interes Europy przy obecnej ekipie politycznej w Berlinie \u201eto po prostu mit\u201d. Sporu z Niemcami o przysz\u0142o\u015b\u0107 Europy nie da si\u0119 unikn\u0105\u0107 \u2013 konkluduje Parys.<\/p>\n<p>Co wi\u0119c robi\u0107, maj\u0105c gilotyn\u0119 nad g\u0142ow\u0105? Niestety, tego szanowny autor, by\u0142y minister obrony (\u201emister twister, by\u0142y minister\u201d) nie m\u00f3wi. Po prostu ko\u0144czy sw\u00f3j artyku\u0142, gasi \u015bwiat\u0142o i zamyka za sob\u0105 drzwi. \u2013 Ja rzucam my\u015bl, a wy go \u0142apcie \u2013 jak mawia\u0142 pewien towarzysz. Sytuacja mi\u0119dzynarodowa Polski jest po\u017ca\u0142owania godna, zrujnowana przez obecny rz\u0105d: stosunki z Niemcami wyra\u017anie si\u0119 pogorszy\u0142y, z Bruksel\u0105 to samo, minister Czaputowicz bredzi, \u017ce Tusk by\u0142 kandydatem Niemiec na przewodnicz\u0105cego Rady Europejskiej, gazoci\u0105g z Rosji coraz bli\u017cej, Polska przytula si\u0119 tak mocno do Stan\u00f3w Zjednoczonych, \u017ce Europa nie mo\u017ce si\u0119 nadziwi\u0107, postawili\u015bmy wszystko na jedn\u0105 kart\u0119 \u2013 USA. Cho\u0107 Trump jest nieobliczalny, organizujemy ameryka\u0144sk\u0105 konferencj\u0119 w sprawie Iranu (kt\u00f3ry nie zosta\u0142 zaproszony), zadeklarowali\u015bmy 2 mld dolar\u00f3w na bli\u017cej niezdefiniowany Fort Trump, a stosunki z Rosj\u0105 \u2013 szkoda m\u00f3wi\u0107, z Ukrain\u0105 \u2013 niewiele lepiej.<\/p>\n<p>W sprawie \u201egigantycznej operacji\u201d Niemiec Jan Parys niepotrzebnie uto\u017csamia Polsk\u0119 z rz\u0105dem. W Europie nie ma kraju, w kt\u00f3rym przet\u0142umaczono by wi\u0119cej polskich ksi\u0105\u017cek, kt\u00f3ry bardziej wspiera\u0142by wst\u0105pienie Polski do UE i nasz\u0105 pozycj\u0119 w Unii. Polska jest jednym z kraj\u00f3w, kt\u00f3re kanclerz Merkel odwiedza\u0142a najcz\u0119\u015bciej. Polska jest te\u017c pierwszym pa\u0144stwem, kt\u00f3re odwiedzi\u0142 obecny prezydent Niemiec. Jedynym zagranicznym prezydentem, kt\u00f3ry by\u0142 na pogrzebie Paw\u0142a Adamowicza, by\u0142 b. prezydent Gauck. Nie ma kraju, w kt\u00f3rym Polska wzbudza\u0142aby wi\u0119ksze i na og\u00f3\u0142 \u017cyczliwe zainteresowanie. Faktem jest, \u017ce media niemieckie krytycznie wypowiadaj\u0105 si\u0119 na temat polityki PiS w takich sprawach, jak \u201ereforma systemu sprawiedliwo\u015bci\u201d czy konstytucja. Ale media innych kraj\u00f3w robi\u0105 to samo.<\/p>\n<p>Oczywi\u015bcie Niemcy prowadz\u0105 polityk\u0119 niemieck\u0105, wyra\u017anie inn\u0105 od naszej w stosunkach z USA i z Rosj\u0105. Nam powinno zale\u017ce\u0107 na dobrych stosunkach ze wszystkimi trzema krajami, a nie na ich karykaturze.<\/p>\n","protected":false},"excerpt":{"rendered":"<p>Polska polityka zagraniczna znajduje si\u0119 w stanie takiego chaosu, \u017ce wszelkie pomys\u0142y s\u0105 dozwolone.<\/p>\n","protected":false},"author":4,"featured_media":5095,"comment_status":"open","ping_status":"closed","sticky":false,"template":"","format":"standard","meta":{"footnotes":""},"categories":[1],"tags":[],"_links":{"self":[{"href":"https:\/\/blog.polityka.pl\/passent\/wp-json\/wp\/v2\/posts\/5089"}],"collection":[{"href":"https:\/\/blog.polityka.pl\/passent\/wp-json\/wp\/v2\/posts"}],"about":[{"href":"https:\/\/blog.polityka.pl\/passent\/wp-json\/wp\/v2\/types\/post"}],"author":[{"embeddable":true,"href":"https:\/\/blog.polityka.pl\/passent\/wp-json\/wp\/v2\/users\/4"}],"replies":[{"embeddable":true,"href":"https:\/\/blog.polityka.pl\/passent\/wp-json\/wp\/v2\/comments?post=5089"}],"version-history":[{"count":5,"href":"https:\/\/blog.polityka.pl\/passent\/wp-json\/wp\/v2\/posts\/5089\/revisions"}],"predecessor-version":[{"id":5094,"href":"https:\/\/blog.polityka.pl\/passent\/wp-json\/wp\/v2\/posts\/5089\/revisions\/5094"}],"wp:featuredmedia":[{"embeddable":true,"href":"https:\/\/blog.polityka.pl\/passent\/wp-json\/wp\/v2\/media\/5095"}],"wp:attachment":[{"href":"https:\/\/blog.polityka.pl\/passent\/wp-json\/wp\/v2\/media?parent=5089"}],"wp:term":[{"taxonomy":"category","embeddable":true,"href":"https:\/\/blog.polityka.pl\/passent\/wp-json\/wp\/v2\/categories?post=5089"},{"taxonomy":"post_tag","embeddable":true,"href":"https:\/\/blog.polityka.pl\/passent\/wp-json\/wp\/v2\/tags?post=5089"}],"curies":[{"name":"wp","href":"https:\/\/api.w.org\/{rel}","templated":true}]}}