
{"id":509,"date":"2008-11-23T00:46:23","date_gmt":"2008-11-22T23:46:23","guid":{"rendered":"http:\/\/passent.blog.polityka.pl\/?p=509"},"modified":"2008-11-23T00:46:23","modified_gmt":"2008-11-22T23:46:23","slug":"wbrew-szantazowi","status":"publish","type":"post","link":"https:\/\/blog.polityka.pl\/passent\/2008\/11\/23\/wbrew-szantazowi\/","title":{"rendered":"Wbrew szanta\u017cowi"},"content":{"rendered":"<p>W mediach trwa sezon polowa\u0144. Najpierw nagonka na ministra Drzewieckiego (szarpa\u0142 si\u0119 z \u017con\u0105 na Florydzie i narazi\u0142 tamtejszej policji), chocia\u017c pr\u0119dzej powinien odpowiada\u0107 za fatalne rozegranie meczu z PZPN. K\u0142amie! Krzywoprzysi\u0119zca! \u2013 emocjonowa\u0142 si\u0119 dziennikarz TVN. Potem obl\u0119\u017cenie El\u017cbiety Kruk w restauracji Hawe\u0142ka (zachowywa\u0142a si\u0119 w Sejmie jak gdyby by\u0142a w stanie wskazuj\u0105cym), chocia\u017c powinna by\u0107 ch\u0142ostana za udzia\u0142 w skoku PiS na media. Wreszcie strzelanie do szefa ABW Bondaryka (bra\u0142 odpraw\u0119 z firmy prywatnej, pracuj\u0105c na stanowisku pa\u0144stwowym, co np. w USA jest cz\u0119ste, ale u nas \u2013 nie). Trwa tak\u017ce nagonka na zmar\u0142ych i tych nad grobem. Bronis\u0142aw Wildstein, w kilka godzin po <a href=\"http:\/\/www.polityka.pl\/mieczyslaw-f-rakowski-1926-2008\/Lead33,933,273157,18\/\" target=\"_blank\"><strong>\u015bmierci MFR<\/strong><\/a>, powiedzia\u0142 w TVN 24, \u017ce Rakowski by\u0142 takim samy libera\u0142em jak Speer u Hitlera (czy Himmlera \u2013 nie dos\u0142ysza\u0142em). A kilka dni przedtem Robert Krasowski (naczelny redaktor \u201eDziennika\u201d) napisa\u0142, \u017ce Wojciech Jaruzelski jest postaci\u0105 \u201etandetn\u0105\u201d, \u201eformatu kieszonkowego\u201d etc.<\/p>\n<p>Nie chc\u0119 si\u0119 wdawa\u0107 w te po\u0142ajanki, aczkolwiek r\u0119ka sw\u0119dzi, \u017ceby zmierzy\u0107 format red. Krasowskiego. Ciekawe, czy kto\u015b zaprotestuje przeciwko tego rodzaju epitetom, bo lewica jest dzisiaj w defensywie, sk\u0142\u00f3cona, i boi si\u0119 w\u0142asnego cienia. Za to prawica potrafi broni\u0107 swoich. Czy pami\u0119tacie jak broni\u0142a red. Wildsteina, kiedy red. Gauden zwolni\u0142 go z \u201eRzeczpospolitej\u201d, albo kiedy prezes Kaczy\u0144ski odwo\u0142ywa\u0142 go ze stanowiska prezesa TVP, na kt\u00f3re sam go mianowa\u0142? Nagle redaktor wyr\u00f3s\u0142 na gwaranta niezawis\u0142o\u015bci telewizji publicznej!<\/p>\n<p>Teraz, kiedy niezawis\u0142y s\u0105d skaza\u0142 Andrzeja Zybertowicza \u2013 jednego z or\u0119downik\u00f3w IV RP \u2013 za to, \u017ce napisa\u0142, i\u017c \u201eAdam Michnik wielokrotnie powtarza\u0142: ja tyle lat siedzia\u0142em w wi\u0119zieniu, to teraz mam racj\u0119\u201d, prawica zn\u00f3w si\u0119 zorganizowa\u0142a i na \u0142amach swojego organu \u2013 \u201eRzeczpospolitej\u201d &#8211; zamie\u015bci\u0142a protest przeciwko decyzji s\u0105du, kt\u00f3ra jest jakoby \u201eaktem cenzury i \u0142amaniem wolno\u015bci s\u0142owa\u201d. Pod \u201elistem otwartym w obronie wolno\u015bci s\u0142owa\u201d podpisa\u0142a si\u0119 czo\u0142\u00f3wka prawicy, m.in. panowie i panie: Burek, Dudek, Anita Gargas (!), Janecki (\u201eWprost\u201d), Lisicki, Lichocka, Semka i Ziemkiewicz (wszyscy z \u201eRz.\u201d), Krasnod\u0119bski, Michalski, Pospieszalski, Rybi\u0144ski, Skwieci\u0144ski (PAP) i gar\u015b\u0107 innych. Czego jak czego, ale solidarno\u015bci i gotowo\u015bci do obrony swoich (pogl\u0105d\u00f3w, rzecz jasna\u2026) prawicy odm\u00f3wi\u0107 nie spos\u00f3b. Lewico \u2013 ucz si\u0119!<\/p>\n<p>Obok po\u0142ajanek, tocz\u0105 si\u0119 w mediach dyskusje powa\u017cne. Chcia\u0142bym zwr\u00f3ci\u0107 uwag\u0119 na kilka g\u0142os\u00f3w, kt\u00f3re popieram. Trwa dyskusja o ksi\u0105\u017cce Jaros\u0142awa Marka Rymkiewicza \u201e<a href=\"http:\/\/www.polityka.pl\/krew-i-atrament\/Text01,955,268885,18\/\" target=\"_blank\"><strong>Kinderszenen<\/strong><\/a>\u201d, m\u00f3wi\u0105c og\u00f3lnie \u2013 na temat polskiego patriotyzmu. Podoba mi si\u0119, co napisa\u0142 Krzysztof Varga (w \u201eGazecie\u201d):<\/p>\n<blockquote><p>Pisze Rymkiewicz, \u017ce jego pokoleniu wpojono, i\u017c Powstanie by\u0142o wielk\u0105 kl\u0119sk\u0105, lecz by\u0142a to interpretacja komunist\u00f3w zgodna z ich planami duchowej eksterminacji polsko\u015bci. Tak wi\u0119c ka\u017cdy, kto podwa\u017ca sens Powstania, kto interpretuje je jako taktyczny b\u0142\u0105d oraz kl\u0119sk\u0119, stawia siebie po stronie bolszewickiej wizji historii. Wi\u0119cej: staje si\u0119 sprzymierze\u0144cem komunistycznej propagandy.<\/p>\n<p>Jednocze\u015bnie &#8211; czytamy dalej \u2013 przywo\u0142uje tu autor rzeczywiste , przepisane z relacji powsta\u0144czych obrazy masakry: dobijanie rannych powsta\u0144c\u00f3w, zabijanie sanitariuszek, mordowanie cywili, eksterminacja pacjent\u00f3w domu starc\u00f3w.<\/p>\n<p>Wniosek jest wi\u0119c taki \u2013 je\u015bli komuni\u015bci chcieli \u2018reklamuj\u0105c\u2019 Powstanie jako kl\u0119sk\u0119 eksterminowa\u0107 duchowo\u015b\u0107 polsk\u0105, to jedynym sposobem ocalenia tej duchowo\u015bci i uwznio\u015blenia polsko\u015bci, jest uznanie Powstania za zwyci\u0119stwo.\u201d Kapitulacja, zag\u0142ada miasta, 200 tys. zabitych cywili \u201enie s\u0105 \u017cadn\u0105 miar\u0105 faktami przemawiaj\u0105cymi za kl\u0119sk\u0105. Wr\u0119cz przeciwnie.<\/p><\/blockquote>\n<p>Pisz\u0105c te s\u0142owa, Varga nara\u017ca si\u0119 na zarzut przynale\u017cno\u015bci do \u2018partii rosyjskiej\u2019, \u201erosyjskiego stronnictwa\u2019 i miano \u2018komunistycznego propagandysty\u2019. S\u0142usznie zwraca on uwag\u0119, na ten szanta\u017c, na jaki nara\u017cony jest ka\u017cdy, kto nie akceptuje obowi\u0105zuj\u0105cej polityki historycznej narzuconej przez IV RP.<\/p>\n<p>Nie boi si\u0119 r\u00f3wnie\u017c Agnieszka Holland, kt\u00f3ra m\u00f3wi (w \u201eDzienniku\u201d)<\/p>\n<blockquote><p>o prezydencie Kaczy\u0144skim, kt\u00f3ry lekk\u0105 r\u0119k\u0105 w swoim koszmarnym przem\u00f3wieniu rocznicowym po\u015bwi\u0119ca \u017cycie 200 tysi\u0119cy ludzi bez \u017cadnej refleksji. Jak to w og\u00f3le jest mo\u017cliwe? Jaka jest alternatywa dla Polski? (\u2026) To przecie\u017c Rosjanie w najgorszych momentach traktowali swoich ludzi jak mi\u0119so armatnie i uwa\u017cali, \u017ce to\u017csamo\u015b\u0107 rosyjska jest zbudowana w\u0142a\u015bnie na fundamencie tych trup\u00f3w. \u017be milion ludzi w t\u0119 albo w t\u0119 nie ma znaczenia\u2026<\/p><\/blockquote>\n<p>W innej dyskusji, tej o Jaruzelskim, nie \u0142amie si\u0119 tak\u017ce Stefan Chwin. Nie bacz\u0105c na to, \u017ce mo\u017ce zosta\u0107 uznany za \u201epiewc\u0119 stanu wojennego\u201d, pisze (w \u201eGW\u201d): \u201eDlaczego w\u0142a\u015bciwie ci m\u0119\u017cczy\u017ani, kt\u00f3rzy weszli do mieszkania Liliany Sonik (dzia\u0142aczka opozycji, m\u0105\u017c internowany w stanie wojennym \u2013 Pass) i wymachiwali rewolwerami, nie zrobili czego\u015b du\u017co gorszego z jej m\u0119\u017cem na jej oczach i na oczach jej synka? Jako dziecko Epoki Rewolucji, Gu\u0142agu i Holocaustu, ja po prostu nie mog\u0119 do dzisiaj wyj\u015b\u0107 ze zdumienia, \u017ce oni tego nie zrobili. (\u2026) Bo tak w\u0142a\u015bnie w XX wieku z przeciwnikami politycznymi za\u0142atwiano podobne sprawy w Rosji, w Niemczech, w Hiszpanii, w Rumunii, na W\u0119grzech i gdzie indziej. Taka by\u0142a w XX wieku norma\u2026\u201d To, \u017ce internowani wracali cali zdrowi, Chwin \u201euwa\u017ca za cud\u201d, podobnie jak i to, \u017ce kilka lat p\u00f3\u017aniej komuni\u015bci rozmawiali ze zbuntowanymi robotnikami przy jednym stole, a Mieczys\u0142aw Jagielski ryzykowa\u0142 nie mniej ni\u017c Lech Wa\u0142\u0119sa. Gdyby Sowieci wkroczyli \u2013 los ich obu m\u00f3g\u0142 by\u0107 podobny.<\/p>\n<p>Na tym ko\u0144cz\u0119 ten przegl\u0105d opinii, kt\u00f3rych lektur\u0119 polecam. Podoba mi si\u0119, kiedy ludzie nie ulegaj\u0105 szanta\u017cowi, nie boj\u0105 si\u0119 zosta\u0107 oskar\u017ceni o brak patriotyzmu i sprzyjanie oprawcom. My\u015bl\u0119 podobnie jak Varga, Holland i Chwin, a lepiej bym tego nie napisa\u0142.<\/p>\n","protected":false},"excerpt":{"rendered":"<p>W mediach trwa sezon polowa\u0144. Najpierw nagonka na ministra Drzewieckiego (szarpa\u0142 si\u0119 z \u017con\u0105 na Florydzie i narazi\u0142 tamtejszej policji), chocia\u017c pr\u0119dzej powinien odpowiada\u0107 za fatalne rozegranie meczu z PZPN. K\u0142amie! Krzywoprzysi\u0119zca! \u2013 emocjonowa\u0142 si\u0119 dziennikarz TVN. Potem obl\u0119\u017cenie El\u017cbiety Kruk w restauracji Hawe\u0142ka (zachowywa\u0142a si\u0119 w Sejmie jak gdyby by\u0142a w stanie wskazuj\u0105cym), chocia\u017c [&hellip;]<\/p>\n","protected":false},"author":4,"featured_media":0,"comment_status":"open","ping_status":"open","sticky":false,"template":"","format":"standard","meta":{"footnotes":""},"categories":[1],"tags":[],"_links":{"self":[{"href":"https:\/\/blog.polityka.pl\/passent\/wp-json\/wp\/v2\/posts\/509"}],"collection":[{"href":"https:\/\/blog.polityka.pl\/passent\/wp-json\/wp\/v2\/posts"}],"about":[{"href":"https:\/\/blog.polityka.pl\/passent\/wp-json\/wp\/v2\/types\/post"}],"author":[{"embeddable":true,"href":"https:\/\/blog.polityka.pl\/passent\/wp-json\/wp\/v2\/users\/4"}],"replies":[{"embeddable":true,"href":"https:\/\/blog.polityka.pl\/passent\/wp-json\/wp\/v2\/comments?post=509"}],"version-history":[{"count":0,"href":"https:\/\/blog.polityka.pl\/passent\/wp-json\/wp\/v2\/posts\/509\/revisions"}],"wp:attachment":[{"href":"https:\/\/blog.polityka.pl\/passent\/wp-json\/wp\/v2\/media?parent=509"}],"wp:term":[{"taxonomy":"category","embeddable":true,"href":"https:\/\/blog.polityka.pl\/passent\/wp-json\/wp\/v2\/categories?post=509"},{"taxonomy":"post_tag","embeddable":true,"href":"https:\/\/blog.polityka.pl\/passent\/wp-json\/wp\/v2\/tags?post=509"}],"curies":[{"name":"wp","href":"https:\/\/api.w.org\/{rel}","templated":true}]}}