
{"id":5096,"date":"2019-01-23T22:40:33","date_gmt":"2019-01-23T21:40:33","guid":{"rendered":"https:\/\/passent.blog.polityka.pl\/?p=5096"},"modified":"2019-01-24T13:05:33","modified_gmt":"2019-01-24T12:05:33","slug":"logika-spod-czapy","status":"publish","type":"post","link":"https:\/\/blog.polityka.pl\/passent\/2019\/01\/23\/logika-spod-czapy\/","title":{"rendered":"Logika spod Czapy"},"content":{"rendered":"<p>S\u0142uchajcie! S\u0142uchajcie! Tusk jest Polakiem! Nie wierzycie? Prosz\u0119 bardzo, wywiad ministra Jacka Czaputowicza dla \u201eRzeczpospolitej\u201d (21 stycznia). Zanim dojdziecie do tego fragmentu, trzeba przebrn\u0105\u0107 przez rozmaite inne nonsensy, ale zapewniam, \u017ce warto. Leniwych informuj\u0119: strona A9, szpalta 6.<!--more--><\/p>\n<p>J\u0119drzej Bielecki (\u201eRzeczpospolita\u201d) pyta: Szef MSZ Finlandii, kt\u00f3ra 1 lipca przejmie przewodnictwo w Unii, m\u00f3wi, \u017ce w tym nowym rozdaniu Polska mog\u0142aby otrzyma\u0107 wa\u017cne stanowisko w Brukseli. Tylko \u017ce Polak by\u0142 ju\u017c przez pi\u0119\u0107 lat przewodnicz\u0105cym Rady Europejskiej.<\/p>\n<p>Jacek Czaputowicz (polski minister SZ) odpowiada: \u201eTo prawda. Donald Tusk jest Polakiem, jednak w drugiej kadencji naszym kandydatem by\u0142 Jacek Saryusz-Wolski, dlatego nie mo\u017cna drugiej kadencji Tuska zalicza\u0107 na konto Polski. Wyb\u00f3r osoby wbrew stanowisku pa\u0144stwa, z kt\u00f3rego pochodzi, budzi\u0142 kontrowersje. W konsekwencji Rada Europejska zapowiedzia\u0142a, \u017ce zostan\u0105 przyj\u0119te regu\u0142y wyboru os\u00f3b na wysokie stanowiska w UE\u2026\u201d.<\/p>\n<p>Rewelacje \u201eCzapu\u201d s\u0105 powalaj\u0105ce. \u201eTo prawda \u2013 przyznaje \u0142askawie polski minister &#8211; Donald Tusk jest Polakiem\u2026\u201d, ale nie zawsze Tusk jest Polakiem, gdy\u017c \u201ejednak w drugiej kadencji naszym kandydatem by\u0142 Jacek Saryusz-Wolski\u201d. Czyli w pierwszej kadencji Tusk by\u0142 Polakiem, a kim jest teraz, w drugiej kadencji? Nie wiadomo, tego minister nie m\u00f3wi. Je\u017celi Saryusz w drugiej kadencji Tuska jest Polakiem, to kim by\u0142 Saryusz w pierwszej kadencji? Tego \u201eCzapu\u201d te\u017c nie m\u00f3wi. Ale to jeszcze nie koniec rewelacji polskiego ministra. Kontynuuje on dalej swoje rozwa\u017cania: \u201eWyb\u00f3r osoby wbrew stanowisku pa\u0144stwa , z kt\u00f3rego pochodzi, budzi\u0142 kontrowersje\u201d. Kontrowersje? Czyje, jakie, kiedy, gdzie? Wynik g\u0142osowania (27:1) wskazuje raczej na to, \u017ce \u017cadnych kontrowersji nie by\u0142o, wr\u0119cz przeciwnie \u2013 panowa\u0142a jednomy\u015blno\u015b\u0107, przeciw g\u0142osowa\u0142a tylko Beata Szyd\u0142o, Polka, i to przez skromno\u015b\u0107, bo nie wypada\u0142o jej g\u0142osowa\u0107 na swojego. Niepokoj\u0105ca jest \u0142atwo\u015b\u0107, z jak\u0105 \u201eCzapu\u201d przyznaje, \u017ce to prawda, i\u017c Tusk jest Polakiem. Budzi to g\u0142\u0119boki sprzeciw. Jak mo\u017ce by\u0107 Polakiem kto\u015b, kogo dziadek by\u0142 w Wehrmachcie, a on sam by\u0142 kandydatem Niemiec, reprezentuje punkt widzenia Niemiec i broni interes\u00f3w Niemiec.<\/p>\n<p>\u201e\u2026dlatego nie mo\u017cna drugiej kadencji Tuska zalicza\u0107 na konto Polski\u201d \u2013 kontynuuje dalej profesor\/minister. Je\u017celi faktycznie drugiej kadencji Tuska nie mo\u017cna (kto nie mo\u017ce?) zalicza\u0107 na konto Polski, to na czyje konto mo\u017cna j\u0105 zaliczy\u0107? Je\u017celi nie mo\u017cna drugiej kadencji Tuska zaliczy\u0107 na konto Polski, to mo\u017ce da\u0142oby si\u0119 zaliczy\u0107 j\u0105 na to samo konto, na kt\u00f3re zaliczono pierwsz\u0105 kadencj\u0119, czyli na czyj\u0105? Niemiec? Rosji? Ale Rosja nie jest w Unii. Ale skoro Tusk mo\u017ce by\u0107 Polakiem, to Rosja mo\u017ce by\u0107 w Unii. Mo\u017ce minister Czaputowicz nam to zdradzi? Na konto jakiego kraju nale\u017cy zaliczy\u0107 drug\u0105, trwaj\u0105c\u0105 jeszcze, kadencj\u0119 Donalda Tuska jako przewodnicz\u0105cego Rady Europejskiej?<\/p>\n<p>Odpowiedzi, wraz z kr\u00f3tkim uzasadnieniem, prosimy zamieszcza\u0107 na blogu en passant do ko\u0144ca kadencji.<\/p>\n<p><strong>ZAPROSZENIE<\/strong><br \/>\nGo\u015bcie Passenta, radio TOK FM: niedziela, 27 stycznia br, godz. 10.05. Jaros\u0142aw Guga\u0142a (Polsat), dr Anna Materska-Sosnowska (UW) i Piotr Zychowicz (Do Rzeczy). Zapraszam!<\/p>\n","protected":false},"excerpt":{"rendered":"<p>Czytaj na:<\/p>\n","protected":false},"author":4,"featured_media":5106,"comment_status":"open","ping_status":"closed","sticky":false,"template":"","format":"standard","meta":{"footnotes":""},"categories":[1],"tags":[],"_links":{"self":[{"href":"https:\/\/blog.polityka.pl\/passent\/wp-json\/wp\/v2\/posts\/5096"}],"collection":[{"href":"https:\/\/blog.polityka.pl\/passent\/wp-json\/wp\/v2\/posts"}],"about":[{"href":"https:\/\/blog.polityka.pl\/passent\/wp-json\/wp\/v2\/types\/post"}],"author":[{"embeddable":true,"href":"https:\/\/blog.polityka.pl\/passent\/wp-json\/wp\/v2\/users\/4"}],"replies":[{"embeddable":true,"href":"https:\/\/blog.polityka.pl\/passent\/wp-json\/wp\/v2\/comments?post=5096"}],"version-history":[{"count":11,"href":"https:\/\/blog.polityka.pl\/passent\/wp-json\/wp\/v2\/posts\/5096\/revisions"}],"predecessor-version":[{"id":5109,"href":"https:\/\/blog.polityka.pl\/passent\/wp-json\/wp\/v2\/posts\/5096\/revisions\/5109"}],"wp:featuredmedia":[{"embeddable":true,"href":"https:\/\/blog.polityka.pl\/passent\/wp-json\/wp\/v2\/media\/5106"}],"wp:attachment":[{"href":"https:\/\/blog.polityka.pl\/passent\/wp-json\/wp\/v2\/media?parent=5096"}],"wp:term":[{"taxonomy":"category","embeddable":true,"href":"https:\/\/blog.polityka.pl\/passent\/wp-json\/wp\/v2\/categories?post=5096"},{"taxonomy":"post_tag","embeddable":true,"href":"https:\/\/blog.polityka.pl\/passent\/wp-json\/wp\/v2\/tags?post=5096"}],"curies":[{"name":"wp","href":"https:\/\/api.w.org\/{rel}","templated":true}]}}