
{"id":511,"date":"2008-11-26T01:19:41","date_gmt":"2008-11-26T00:19:41","guid":{"rendered":"http:\/\/passent.blog.polityka.pl\/?p=511"},"modified":"2008-11-26T01:19:41","modified_gmt":"2008-11-26T00:19:41","slug":"absurdy-dnia","status":"publish","type":"post","link":"https:\/\/blog.polityka.pl\/passent\/2008\/11\/26\/absurdy-dnia\/","title":{"rendered":"Absurdy dnia"},"content":{"rendered":"<p>Dwa najbardziej przez media nag\u0142o\u015bnione wydarzenia to ekshumacja zw\u0142ok genera\u0142a Sikorskiego i wyprawa prezydenta Kaczy\u0144skiego pod granice Gruzji. Oba jednako absurdalne, \u015bwiadcz\u0105ce o polskich obsesjach.<\/p>\n<p>Kolejna ekshumacja nie rozstrzygnie sporu o przyczyny \u015bmierci Naczelnego Wodza. Jest bezprzedmiotowa, jest skutkiem dzia\u0142a\u0144 kilku maniak\u00f3w, a tak\u017ce politycznych cwaniak\u00f3w, przebranych za historyk\u00f3w IPN, kt\u00f3rzy wyg\u0142aszaj\u0105 frazesy, \u017ce \u201ePolska jest winna Genera\u0142owi\u201d i temu podobne bana\u0142y. Skoro z g\u00f3ry wiadomo, \u017ce otwieraj\u0105c trumn\u0119 prawdy nie poznamy, po co zak\u0142\u00f3ca\u0107 spok\u00f3j Zmar\u0142ego, po co ca\u0142a ta heca? Najlepiej, by \u2013 oczywi\u015bcie \u2013 by\u0142o, gdyby w trumnie znaleziono nab\u00f3j z Ka\u0142asznikowa NKWD, to by\u0142by cios w \u201elobby rosyjskie\u201d, albo gdyby stwierdzono trucizn\u0119 \u201eMade in UK\u201d, ale skoro z g\u00f3ry wiadomo, \u017ce niczego takiego w trumnie nie ma, to znaczy, \u017ce mamy do czynienia z kolejnym widowiskiem \u201eMade by IPN\u201d. To pos\u0142ugiwanie si\u0119 histori\u0105 do bie\u017c\u0105cej polityki. Ca\u0142a ta heca z galowym mundurem \u2013 to wszystko wydaje mi si\u0119 troch\u0119 poga\u0144skie, wbrew naszej kulturze, kt\u00f3ra nakazuje szanowa\u0107 zmar\u0142ych i majestat \u015bmierci. To wszystko jest absurdalne i niesmaczne.<\/p>\n<p>Drugie \u201ewydarzenie\u201d, to nieszcz\u0119sna wyprawa w Gruzji. Rozumiem intencje prezydenta: Chcia\u0142 pokaza\u0107, \u017ce Rosjanie, pardon, Osetyjczycy, s\u0105 tam, gdzie by\u0107 nie powinni. Ale w tym celu wystarczy\u0142oby wys\u0142a\u0107 Micha\u0142a Kami\u0144skiego z lornetk\u0105, b\u0105d\u017a innego funkcjonariusza pa\u0144stwowego z polskimi dziennikarzami, i to za dnia, w pe\u0142nym \u015bwietle, a nie znienacka, wieczorem, nara\u017caj\u0105c g\u0142ow\u0119 pa\u0144stwa. Komentarz marsza\u0142ka Komorowskiego (\u201eJaka wizyta \u2013 taki zamach\u201d i dalej o \u201e\u015blepym\u201d snajperze) wydaje mi si\u0119 niestosowny, tak m\u00f3wi\u0107 nie wypada, a ju\u017c s\u0142owo \u201e\u015blepy\u201d powinien marsza\u0142ek wykre\u015bli\u0107 ze swojego s\u0142ownictwa. Poza tym krytyka \u201eostatniego zajazdu w Gruzji\u201d wydaje mi si\u0119 uzasadniona. Prezydent Lech Kaczy\u0144ski za bardzo uto\u017csamia siebie z Saakaszwilim, a Saakaszwilego z Gruzj\u0105. Kiedy Saakaszwili odejdzie, Polska b\u0119dzie mia\u0142a w Tbilisi mniej przyjaci\u00f3\u0142. Poza tym trzeba pami\u0119ta\u0107, \u017ce pomi\u0119dzy Warszaw\u0105 a Tbilisi jest jeszcze Moskwa.<\/p>\n<p>Warto zauwa\u017cy\u0107, jak pow\u015bci\u0105gliwa jest reakcja na incydent graniczny nie tylko Unii Europejskiej (kt\u00f3ra ofiarowa\u0142a Gruzji ogromne sumy), ale przede wszystkim Stan\u00f3w Zjednoczonych, bez kt\u00f3rych Saakaszwili nie by\u0142by prezydentem. Nawet w obronie s\u0142usznej sprawy potrzebny jest rozs\u0105dek. Jak trafnie zapyta\u0142 jeden z naszych blogowicz\u00f3w: Czy podczas wizyty w Japonii prezydent pojedzie na granice Wysp Kurylskich? Jak s\u0142usznie zapyta\u0142 Aleksander Kwa\u015bniewski \u2013 Czy pojedzie do Strefy Gazy?<\/p>\n<p>W wywiadzie udzielonym TVN Lech Kaczy\u0144ski skar\u017cy\u0142 si\u0119, \u017ce cokolwiek by zrobi\u0142, to b\u0119dzie krytykowane i zn\u00f3w u\u017cala\u0142 si\u0119 na establishment, kt\u00f3ry ukonstytuowa\u0142 si\u0119 w III RP, a kt\u00f3rego jest przeciwnikiem. S\u0105 to kolejne obsesje dnia.\u00a0 Jest oczywiste, \u017ce w demokracji szef pa\u0144stwa, podobnie jak szef rz\u0105du, jest wystawiony na nieustann\u0105 krytyk\u0119 rozmaitych grup interes\u00f3w, jak nie pracodawc\u00f3w, to pracobiorc\u00f3w, jak nie \u201elobby rosyjskiego\u201d, to \u201elobby ameryka\u0144skiego\u201d, jak nie \u201eprawdziwych Polak\u00f3w, to &#8222;Europejczyk\u00f3w\u201d. Ka\u017cda decyzja wywo\u0142uje czyje\u015b niezadowolenie. A m\u00f3wienie o establishmencie III RP, kiedy Rzeczpospolita roi si\u0119 od nominat\u00f3w IV RP (od CBA po TVP) jest absurdalne.<\/p>\n<p>Trzeba jednak przyzna\u0107, \u017ce prezydent jest dzi\u015b bardziej pow\u015bci\u0105gliwy w s\u0142owach ni\u017c dwa lata temu, kiedy za s\u0142owa krytyki zerwa\u0142by znajomo\u015b\u0107 z marsza\u0142kiem Komorowskim, a zarzuty pod adresem Aleksandra Kwa\u015bniewskiego sformu\u0142owa\u0142by w spos\u00f3b bardziej dosadny. Prezydent Lech Kaczy\u0144ski czego\u015b jednak nauczy\u0142 si\u0119 na swoim stanowisku i to nale\u017cy doceni\u0107. Jest to nauka \u201eon the job\u201d, czyli w pracy. Chocia\u017c prezydent nie przyznaje swoim krytykom ani odrobiny racji (to nie jest w stylu Braci K.), to jednak nast\u0119pnym razem &#8211; bawi\u0105c np. w Republice Korei &#8211; nie da si\u0119 zaci\u0105gn\u0105\u0107 o zmierzchu na lini\u0119 demarkacyjn\u0105 i nie wystawi si\u0119 na cel \u017co\u0142nierzom Kim Dzong Ila. Podobnie, bawi\u0105c w Pakistanie, nie zechce pojecha\u0107 na granice Afganistanu, \u017ceby obejrze\u0107 terroryst\u00f3w z bliska.<\/p>\n","protected":false},"excerpt":{"rendered":"<p>Dwa najbardziej przez media nag\u0142o\u015bnione wydarzenia to ekshumacja zw\u0142ok genera\u0142a Sikorskiego i wyprawa prezydenta Kaczy\u0144skiego pod granice Gruzji. Oba jednako absurdalne, \u015bwiadcz\u0105ce o polskich obsesjach. Kolejna ekshumacja nie rozstrzygnie sporu o przyczyny \u015bmierci Naczelnego Wodza. Jest bezprzedmiotowa, jest skutkiem dzia\u0142a\u0144 kilku maniak\u00f3w, a tak\u017ce politycznych cwaniak\u00f3w, przebranych za historyk\u00f3w IPN, kt\u00f3rzy wyg\u0142aszaj\u0105 frazesy, \u017ce \u201ePolska [&hellip;]<\/p>\n","protected":false},"author":4,"featured_media":0,"comment_status":"open","ping_status":"open","sticky":false,"template":"","format":"standard","meta":{"footnotes":""},"categories":[1],"tags":[],"_links":{"self":[{"href":"https:\/\/blog.polityka.pl\/passent\/wp-json\/wp\/v2\/posts\/511"}],"collection":[{"href":"https:\/\/blog.polityka.pl\/passent\/wp-json\/wp\/v2\/posts"}],"about":[{"href":"https:\/\/blog.polityka.pl\/passent\/wp-json\/wp\/v2\/types\/post"}],"author":[{"embeddable":true,"href":"https:\/\/blog.polityka.pl\/passent\/wp-json\/wp\/v2\/users\/4"}],"replies":[{"embeddable":true,"href":"https:\/\/blog.polityka.pl\/passent\/wp-json\/wp\/v2\/comments?post=511"}],"version-history":[{"count":0,"href":"https:\/\/blog.polityka.pl\/passent\/wp-json\/wp\/v2\/posts\/511\/revisions"}],"wp:attachment":[{"href":"https:\/\/blog.polityka.pl\/passent\/wp-json\/wp\/v2\/media?parent=511"}],"wp:term":[{"taxonomy":"category","embeddable":true,"href":"https:\/\/blog.polityka.pl\/passent\/wp-json\/wp\/v2\/categories?post=511"},{"taxonomy":"post_tag","embeddable":true,"href":"https:\/\/blog.polityka.pl\/passent\/wp-json\/wp\/v2\/tags?post=511"}],"curies":[{"name":"wp","href":"https:\/\/api.w.org\/{rel}","templated":true}]}}