
{"id":512,"date":"2008-11-28T14:00:18","date_gmt":"2008-11-28T13:00:18","guid":{"rendered":"http:\/\/passent.blog.polityka.pl\/?p=512"},"modified":"2008-11-28T14:13:05","modified_gmt":"2008-11-28T13:13:05","slug":"%e2%80%9espieprzaj-dziadu%e2%80%9d-i-%e2%80%9ewon-gnoju%e2%80%9d","status":"publish","type":"post","link":"https:\/\/blog.polityka.pl\/passent\/2008\/11\/28\/%e2%80%9espieprzaj-dziadu%e2%80%9d-i-%e2%80%9ewon-gnoju%e2%80%9d\/","title":{"rendered":"\u201eSpieprzaj, dziadu!\u201d i \u201eWon, gnoju!\u201d"},"content":{"rendered":"<p><strong>Na nadchodz\u0105cy weekend proponujemy bigos \u2013 tradycyjne danie polskie, smaczne, acz ci\u0119\u017ckostrawne. Trzeba strawi\u0107 m.in. g\u0142upot\u0119, arogancj\u0119, pych\u0119 oraz inne pyszno\u015bci<\/strong>.<\/p>\n<p>Bierzemy troch\u0119 in vitro. Premier Tusk nareszcie zdecydowa\u0142 si\u0119 doda\u0107 odrobin\u0119 liberalizmu i zapowiedzia\u0142, \u017ce zap\u0142odnienie metod\u0105 in vitro b\u0119dzie cz\u0119\u015bciowo refundowane. Natychmiast odezwa\u0142 si\u0119 niezawodny abp J\u00f3zef Michalik, przewodnicz\u0105cy Episkopatu: \u201eZa cen\u0119 jednego \u017cycia, \u017ceby da\u0107 PRZYJEMNO\u015a\u0106 rodzicom i DA\u0106 IM DZIECKO, zabija si\u0119 inne\u201d \u2013 stwierdzi\u0142 hierarcha (podkre\u015blenia moje \u2013 Pass). Arcybiskup traktuje posiadanie dziecka jako przyjemno\u015b\u0107 chyba tylko dlatego, \u017ce sam dzieci nie ma. Przyjemno\u015b\u0107, prosz\u0119 Eminencji, to jest jazda na rowerze, kieliszek dobrego wina albo spacer po \u0141azienkach. Dziecko to jest co\u015b niesko\u0144czenie wi\u0119kszego ni\u017c przyjemno\u015b\u0107, to jest chyba najwi\u0119ksza rado\u015b\u0107, jaka mo\u017ce spotka\u0107 cz\u0142owieka, ale te\u017c najwi\u0119kszy OBOWI\u0104ZEK &#8211; tak, obowi\u0105zek, prosz\u0119 Eminencji, to obowi\u0105zek do ko\u0144ca \u017cycia. Eminencja degraduje posiadanie dziecka, sprowadzaj\u0105c je do przyjemno\u015bci. Z kolei bp D\u0105browski uzna\u0142, \u017ce metoda in vitro to \u201ezast\u0119powanie Pana Boga jakimi\u015b dziwnymi metodami\u201d. Co za nonsens! W takim razie walka z rakiem, transplantacja organ\u00f3w \u2013 to tak\u017ce jest zast\u0119powanie Pana Boga, On bowiem skaza\u0142 cz\u0142owieka na \u015bmier\u0107, a ludzie jakimi\u015b dziwnymi metodami usi\u0142uj\u0105 wykonanie boskiego wyroku op\u00f3\u017ani\u0107.<\/p>\n<p>Mamy ju\u017c zabobon, teraz do bigosu wrzucamy chochl\u0119 ob\u0142udy. \u201eCzystki w Polskim Radiu\u201d \u2013 grzmi \u201eRzeczpospolita\u201d (28 XI). PiS-owska prawica, kt\u00f3ra w pierwszych dniach panowania rz\u0105du PiS zaw\u0142aszczy\u0142a wszystkie media publiczne \u2013 PAP, Polskie Radio, TVP w Warszawie i w terenie \u2013 teraz jest oburzona, \u017ce ten model zaczyna si\u0119 kruszy\u0107. Jeszcze broni si\u0119 prezes Urba\u0144ski, jeszcze da\u0142 program Lisowi, jeszcze przeb\u0105kuje o programie dla kogo\u015b z lewicy, ale na twierdzy PiS, jak\u0105 s\u0105 media publiczne, zarysowuj\u0105 si\u0119 pierwsze rysy. \u201eNowy zarz\u0105d b\u0142yskawicznie zabra\u0142 si\u0119 do robienia czystek w kierownictwie anten\u201d \u2013 alarmuje \u201eRz.\u201d \u201eTo, co robi zarz\u0105d jest skandaliczne\u201d \u2013 ocenia dotychczasowy prezes Krzysztof Czaba\u0144ski, namiestnik PiS w Polskim Radiu (ostatnio zawieszony). \u201eTo pokaz hipokryzji i politycznego \u015bcinania g\u0142\u00f3w\u201d \u2013 unosi si\u0119 pose\u0142 Dziedziczak (PiS). A przecie\u017c ekipa PiS wyrzuci\u0142a setki ludzi, wielu dziennikarzy \u2013 kiedy\u015b cz\u0119stych go\u015bci na antenie PR i przed kamerami TVP &#8211; nie ma od lat wst\u0119pu i dost\u0119pu do medi\u00f3w publicznych. Zwolnienie takich po\u017cal si\u0119 Bo\u017ce dziennikarzy jak Krzysztof Gottesman z kierownictwa Polskiego Radia to najlepsza wiadomo\u015b\u0107, jak\u0105 znalaz\u0142em w \u201eRz.\u201d Czas tym uk\u0142adem potrz\u0105sn\u0105\u0107.<\/p>\n<p>Mamy ju\u017c zabobon i ob\u0142ud\u0119, dodajmy do tego przyprawy z dalekiego, ale jak\u017ce nam bliskiego Kaukazu. Kolejne raporty (ABW i Kolegium S\u0142u\u017cb Specjalnych) ujawniaj\u0105 szczeg\u00f3\u0142y gruzi\u0144sko-polskich harc\u00f3w w pobli\u017cu Osetii. Potwierdza si\u0119, \u017ce ca\u0142a ta eskapada to by\u0142a jedna wielka partanina, kt\u00f3ra zaszkodzi\u0142a Gruzji (Amerykanie ju\u017c powiedzieli, \u017ce na razie nie ma co my\u015ble\u0107 o wpuszczeniu do przedpokoju NATO), a tak\u017ce i Polsce, bo nasz prezydent trwoni pozycj\u0119 naszego kraju oraz w\u0142asn\u0105 w stosunkach ze Wschodem. Kiedy si\u0119 czyta , \u017ce dwaj prezydenci siedzieli w jednym samochodzie, \u017ce kawalkada by\u0142a kilkakrotnie zatrzymywana przez krowy (ciekawe, czy krowy te\u017c by\u0142y rosyjskie?), to mo\u017ce si\u0119 wydawa\u0107, \u017ce chodzi o przeja\u017cd\u017ck\u0119 Melexem na polu golfowym lub w Camp David \u2013 rezydencji ameryka\u0144skich prezydent\u00f3w. Ale nie wieczorem po kr\u0119tych drogach Kaukazu w zasi\u0119gu rosyjskich automat\u00f3w!<\/p>\n<p>Kaczy\u0144skiemu chyba marzy si\u0119 legenda Kennedy\u2019ego: chce stan\u0105\u0107 przy sowieckim murze i rzuci\u0107 Sowietom w twarz: \u201eJa jestem Gruzinem!\u201d . Jest kilka bardziej odpowiednich miejsc, gdzie polski prezydent m\u00f3g\u0142by wznie\u015b\u0107 ten okrzyk, np. m\u00f3wnica w ONZ czy siedziba Unii w Brukseli. Prezydent Kaczy\u0144ski tak si\u0119 szczepi\u0142 ze swoim gruzi\u0144skim odpowiednikiem, \u017ce kiedy Saakaszwili przegra, to straci na tym On i Polska. Niestety, Lech Kaczy\u0144ski odbiera wszelk\u0105 krytyk\u0119 swojej polityki wschodniej jako dzia\u0142anie rosyjskiego lobby, zapewne nie bezinteresowne, wi\u0119c dajmy spok\u00f3j.<\/p>\n<p>Wr\u00f3\u0107my do naszego bigosu. Tradycyjna polska przyprawa to listy otwarte za i przeciw. Lewicowy \u201ePrzegl\u0105d\u201d drukuje list\u0119 os\u00f3b, kt\u00f3re protestuj\u0105 przeciwko procesowi gen. Jaruzelskiego. Wielokrotnie na tym blogu pisa\u0142em, co na ten temat my\u015bl\u0119, ostatnio gor\u0105co popieraj\u0105c <a href=\"http:\/\/passent.blog.polityka.pl\/?p=503\" target=\"_blank\"><strong>publicystyk\u0119 Stefana Chwina<\/strong><\/a>. Lista \u201ePrzegl\u0105du\u201d jest chyba d\u0142u\u017csza ni\u017c lista prenumerator\u00f3w tego pisma. A genera\u0142 Jaruzelski ma teraz swoje dobre dni, proces i zwi\u0105zane z nim napa\u015bci (np. Roberta Krasowskiego z \u201eDziennika\u201d) zyskuj\u0105 mu szacunek. \u015awietnie <a href=\"http:\/\/www.polityka.pl\/przemowienie-na-cmentarzu-powazkowskim\/Lead33,933,274566,18\/\" target=\"_blank\"><strong>przemawia\u0142<\/strong><\/a> na pogrzebie Mieczys\u0142awa Rakowskiego.<\/p>\n<p>\u201eRzeczpospolita\u201d jest organem michnikojad\u00f3w. Drukuje list otwarty i tysi\u0105ce podpis\u00f3w w obronie prof. Andrzeja Zybertowicza, jednego z koryfeuszy IV RP, kt\u00f3ry zosta\u0142 skazany przez s\u0105d za to, \u017ce napisa\u0142: \u201eAdam Michnik wielokrotnie powtarza\u0142: ja tyle lat siedzia\u0142em w wi\u0119zieniu, to teraz mam racj\u0119\u201d. \u201eList otwarty\u201d sta\u0142 si\u0119 manifestem partii anty-Michnikowej i anty-\u201eGazetowej\u201d, swoistym spisem cz\u0142onk\u00f3w tego ugrupowania, na czele kt\u00f3rego stoj\u0105 pp. Ziemkiewicz, Zybertowicz i inni, a patronuj\u0105 im dwaj bracia. To prawdziwy front narodowy przeciwko Michnikowi. Kog\u00f3\u017c tam nie ma \u2013 jest geograf, informatyk, b. burmistrz Jedwabnego, historyk (oczywi\u015bcie Marek Jan Chodkiewicz, kt\u00f3rego anty-Grossow\u0105 ksi\u0105\u017ck\u0119 wyda\u0142 IPN), jest robotnik (a jak\u017ce!), ucze\u0144 oraz filozof, a tak\u017ce emeryt. Jest nawet research scientist. Bite cztery strony \u201eRz\u201d, kt\u00f3ra by\u0107 mo\u017ce dlatego jest najdro\u017cszym dziennikiem na rynku. Na pewno najdro\u017cszym polskiej prawicy.<\/p>\n<p>Lista ta na pewno poprawi samopoczucie Adama Michnika. Ja popieram wyrok skazuj\u0105cy prof. Zybertowicza, gdy\u017c od lat jestem za tym, \u017ceby ludzie odpowiadali za swoje s\u0142owa, przeciwko fa\u0142szywie poj\u0119tej \u201ewolno\u015bci s\u0142owa\u201d, kt\u00f3ra ma oznacza\u0107 wolno\u015b\u0107 dla k\u0142amstwa i oszczerstwa. Nie podzielam argumentu, \u017ce cz\u0142owiek pi\u00f3ra mo\u017ce si\u0119 broni\u0107 przy pomocy pi\u00f3ra, poniewa\u017c b\u0142oto do cz\u0142owieka przywiera i \u017cadnym pi\u00f3rem si\u0119 go nie zeskrobie. Ka\u017cde \u201eprzepraszam\u201d, jakie ukazuje si\u0119 w gazecie, cho\u0107by wymuszone przez s\u0105d, witam z nadziej\u0105, \u017ce mo\u017ce ludzie przestan\u0105 si\u0119 opluwa\u0107.<\/p>\n<p>A ludzie, niestety, maj\u0105 swoje sk\u0142onno\u015bci. Wierz\u0119, \u017ce cz\u0142owiek, kt\u00f3ry powiedzia\u0142 \u201eSpieprzaj, dziadu!\u201d, m\u00f3g\u0142 r\u00f3wnie\u017c powiedzie\u0107 \u201eWon, gnoju!\u201d<\/p>\n","protected":false},"excerpt":{"rendered":"<p>Na nadchodz\u0105cy weekend proponujemy bigos \u2013 tradycyjne danie polskie, smaczne, acz ci\u0119\u017ckostrawne. Trzeba strawi\u0107 m.in. g\u0142upot\u0119, arogancj\u0119, pych\u0119 oraz inne pyszno\u015bci. Bierzemy troch\u0119 in vitro. Premier Tusk nareszcie zdecydowa\u0142 si\u0119 doda\u0107 odrobin\u0119 liberalizmu i zapowiedzia\u0142, \u017ce zap\u0142odnienie metod\u0105 in vitro b\u0119dzie cz\u0119\u015bciowo refundowane. Natychmiast odezwa\u0142 si\u0119 niezawodny abp J\u00f3zef Michalik, przewodnicz\u0105cy Episkopatu: \u201eZa cen\u0119 jednego [&hellip;]<\/p>\n","protected":false},"author":4,"featured_media":0,"comment_status":"open","ping_status":"open","sticky":false,"template":"","format":"standard","meta":{"footnotes":""},"categories":[1],"tags":[],"_links":{"self":[{"href":"https:\/\/blog.polityka.pl\/passent\/wp-json\/wp\/v2\/posts\/512"}],"collection":[{"href":"https:\/\/blog.polityka.pl\/passent\/wp-json\/wp\/v2\/posts"}],"about":[{"href":"https:\/\/blog.polityka.pl\/passent\/wp-json\/wp\/v2\/types\/post"}],"author":[{"embeddable":true,"href":"https:\/\/blog.polityka.pl\/passent\/wp-json\/wp\/v2\/users\/4"}],"replies":[{"embeddable":true,"href":"https:\/\/blog.polityka.pl\/passent\/wp-json\/wp\/v2\/comments?post=512"}],"version-history":[{"count":0,"href":"https:\/\/blog.polityka.pl\/passent\/wp-json\/wp\/v2\/posts\/512\/revisions"}],"wp:attachment":[{"href":"https:\/\/blog.polityka.pl\/passent\/wp-json\/wp\/v2\/media?parent=512"}],"wp:term":[{"taxonomy":"category","embeddable":true,"href":"https:\/\/blog.polityka.pl\/passent\/wp-json\/wp\/v2\/categories?post=512"},{"taxonomy":"post_tag","embeddable":true,"href":"https:\/\/blog.polityka.pl\/passent\/wp-json\/wp\/v2\/tags?post=512"}],"curies":[{"name":"wp","href":"https:\/\/api.w.org\/{rel}","templated":true}]}}