
{"id":5126,"date":"2019-01-30T18:05:10","date_gmt":"2019-01-30T17:05:10","guid":{"rendered":"https:\/\/passent.blog.polityka.pl\/?p=5126"},"modified":"2019-01-30T18:43:29","modified_gmt":"2019-01-30T17:43:29","slug":"bomba-czy-kapiszon","status":"publish","type":"post","link":"https:\/\/blog.polityka.pl\/passent\/2019\/01\/30\/bomba-czy-kapiszon\/","title":{"rendered":"Bomba czy kapiszon?"},"content":{"rendered":"<p>Bomba: ta\u015bmy Kaczy\u0144skiego pokaza\u0142y prezesa w innym \u015bwietle ni\u017c jego dotychczasowy wizerunek skromnego ideowca (\u201edo polityki nie idzie si\u0119 dla pieni\u0119dzy\u201d). Zanim prawnicy os\u0105dz\u0105, czy ta\u015bmy ujawni\u0142y jakiekolwiek post\u0119powanie Kaczy\u0144skiego za niezgodne z prawem, mo\u017cemy ju\u017c teraz uzna\u0107, \u017ce ujawnione zosta\u0142y praktyki niedopuszczalne.<br \/>\n<!--more--><br \/>\nPrzede wszystkim zaj\u0119cie si\u0119 deweloperk\u0105, intratnym biznesem przez parti\u0119 polityczn\u0105, i to w dodatku rz\u0105dz\u0105c\u0105, kt\u00f3ra ca\u0142y czas tr\u0105bi o patologiach i uk\u0142adach, jakie zwalcza. Nie dajmy si\u0119 zwie\u015b\u0107, \u017ce fundacja to jedno, Srebrna to drugie, prezes to trzecie itp. Pose\u0142 nie ma prawa do dzia\u0142alno\u015bci gospodarczej. Poza tym, gdyby miliony trafia\u0142y okr\u0119\u017cn\u0105 drog\u0105 do PiS, to system finansowania partii politycznych zosta\u0142by zrujnowany. To jest zwyk\u0142a przebieranka, na kt\u00f3r\u0105 by\u0107 mo\u017ce nie ma paragrafu, ale dobrze wiadomo, o co w tym chodzi.<\/p>\n<p>Drugi skandal to stosunki PiS\u2013Pekao SA. Stanowisko prezesa wielkiego banku pa\u0144stwowego z pewno\u015bci\u0105 obsadzane jest faktycznie przez prezesa PiS i ewentualnie przez premiera. Prezes Krupi\u0144ski od lat (PZU, Pekao) jest wybra\u0144cem PiS. Ta\u015bmy Kaczy\u0144skiego pokaza\u0142y, \u017ce nie ma czego\u015b takiego jak darmowy lunch. Jeste\u015b prezesem, ale jeste\u015b naszym prezesem. Integralno\u015b\u0107 banku zosta\u0142a naruszona, prezes Krupi\u0144ski wie, co, a w\u0142a\u015bciwie kogo kryje Srebrna. W\u0105tpliwo\u015bci budzi te\u017c fakt, \u017ce austriacki deweloper prowadzi\u0142 interesy z PiS \u201ena s\u0142owo\u201d, bez \u017cadnej umowy, a chodzi o milionowe roszczenia. Gdyby ca\u0142a ta afera dotyczy\u0142a Schetyny czy Kosiniaka-Kamysza, prokuratura ju\u017c by u nich siedzia\u0142a, a media rz\u0105dowe szala\u0142y z zadowolenia. Ale jeste\u015bmy w Polsce, w IV RP \u2013 tu prawo Newtona nie dzia\u0142a.<\/p>\n<p>Kapiszon: po zatrzymaniu Bart\u0142omieja M. &#038; CO, pupila Macierewicza, a tak\u017ce rozg\u0142osie wok\u00f3\u0142 przygotowywanej bomby w \u201eGazecie\u201d, oczekiwania by\u0142y niewyobra\u017calnie wysokie. Nic poni\u017cej fotografii prezesa z dymi\u0105cym pistoletem lub z no\u017cem w r\u0119ku nie by\u0142oby w stanie przekona\u0107 twardego elektoratu, \u017ce ta\u015bmy Kaczy\u0144skiego to katastrofa. Dla nich, dla \u201epartii i rz\u0105du\u201d, dop\u00f3ki nie pokazano, jak prezes p\u0142aci albo jemu p\u0142ac\u0105, dop\u00f3ty prezes jest niepokalany, jest wzorcem z Sevre. Ich nic nie porusza, ale ich wiara w ojca za\u0142o\u017cyciela zapewne zosta\u0142a nadszarpni\u0119ta. Jeszcze kilka takich \u201ekapiszon\u00f3w\u201d i pozycja prezesa ulegnie os\u0142abieniu. Afera KNF, posady dla syn\u00f3w (w Banku \u015awiatowym), c\u00f3rek i chrze\u015bniak\u00f3w, nepotyzm, wyrzucanie pieni\u0119dzy publicznych na partyjn\u0105 propagand\u0119 \u2013 wszystko to si\u0119 nawarstwia i mo\u017ce zmieni\u0107 opini\u0119 cz\u0119\u015bci wyborc\u00f3w o PiS.<\/p>\n<p>Nie mo\u017cna dzi\u015b powiedzie\u0107 \u201ePolacy nic si\u0119 nie sta\u0142o\u201d. Polska nie b\u0119dzie ju\u017c taka jak kilka dni temu. Ta\u015bmy Kaczy\u0144skiego przybli\u017caj\u0105 naprawd\u0119 dobr\u0105 zmian\u0119.<\/p>\n","protected":false},"excerpt":{"rendered":"<p>Ta\u015bmy Kaczy\u0144skiego przybli\u017caj\u0105 naprawd\u0119 dobr\u0105 zmian\u0119.<\/p>\n","protected":false},"author":4,"featured_media":5131,"comment_status":"open","ping_status":"closed","sticky":false,"template":"","format":"standard","meta":{"footnotes":""},"categories":[1],"tags":[],"_links":{"self":[{"href":"https:\/\/blog.polityka.pl\/passent\/wp-json\/wp\/v2\/posts\/5126"}],"collection":[{"href":"https:\/\/blog.polityka.pl\/passent\/wp-json\/wp\/v2\/posts"}],"about":[{"href":"https:\/\/blog.polityka.pl\/passent\/wp-json\/wp\/v2\/types\/post"}],"author":[{"embeddable":true,"href":"https:\/\/blog.polityka.pl\/passent\/wp-json\/wp\/v2\/users\/4"}],"replies":[{"embeddable":true,"href":"https:\/\/blog.polityka.pl\/passent\/wp-json\/wp\/v2\/comments?post=5126"}],"version-history":[{"count":4,"href":"https:\/\/blog.polityka.pl\/passent\/wp-json\/wp\/v2\/posts\/5126\/revisions"}],"predecessor-version":[{"id":5130,"href":"https:\/\/blog.polityka.pl\/passent\/wp-json\/wp\/v2\/posts\/5126\/revisions\/5130"}],"wp:featuredmedia":[{"embeddable":true,"href":"https:\/\/blog.polityka.pl\/passent\/wp-json\/wp\/v2\/media\/5131"}],"wp:attachment":[{"href":"https:\/\/blog.polityka.pl\/passent\/wp-json\/wp\/v2\/media?parent=5126"}],"wp:term":[{"taxonomy":"category","embeddable":true,"href":"https:\/\/blog.polityka.pl\/passent\/wp-json\/wp\/v2\/categories?post=5126"},{"taxonomy":"post_tag","embeddable":true,"href":"https:\/\/blog.polityka.pl\/passent\/wp-json\/wp\/v2\/tags?post=5126"}],"curies":[{"name":"wp","href":"https:\/\/api.w.org\/{rel}","templated":true}]}}