
{"id":513,"date":"2008-12-01T21:05:19","date_gmt":"2008-12-01T20:05:19","guid":{"rendered":"http:\/\/passent.blog.polityka.pl\/?p=513"},"modified":"2008-12-01T21:05:19","modified_gmt":"2008-12-01T20:05:19","slug":"nasz-czlowiek-w-nato","status":"publish","type":"post","link":"https:\/\/blog.polityka.pl\/passent\/2008\/12\/01\/nasz-czlowiek-w-nato\/","title":{"rendered":"Nasz cz\u0142owiek w NATO?"},"content":{"rendered":"<p><strong>Co prawda niezbyt wierz\u0119, \u017ceby Polak zosta\u0142 szefem NATO, ale ch\u0119tnie puszcz\u0119 wodze fantazji i b\u0119d\u0119 namawia\u0142 prezydenta Obam\u0119, bo to przecie\u017c on b\u0119dzie mia\u0142 najwi\u0119cej do powiedzenia. Tylko kto mi za\u0142atwi spotkanie?<\/strong><\/p>\n<p>Obaj kandydaci s\u0105 dobrzy i nie mamy powodu si\u0119 ich wstydzi\u0107. S\u0105 te\u017c bardzo r\u00f3\u017cni, tak, \u017ce Obama i ca\u0142y pakt b\u0119dzie mia\u0142 wyb\u00f3r (niestety, nie tylko w\u015br\u00f3d Polak\u00f3w, ale pomarzy\u0107 mo\u017cna\u2026). Obaj kandydaci maj\u0105 te\u017c t\u0119 zalet\u0119, \u017ce ludzie bliscy Obamie i Hillary Clinton (Sekretarz Stanu), m.in. prof. Brzezi\u0144ski, Madeleine Albright i kilka innych os\u00f3b, dobrze znaj\u0105 polskich kandydat\u00f3w. Kwa\u015bniewski i Sikorski s\u0105 w Waszyngtonie znani, jeden wyk\u0142ada\u0142 na presti\u017cowym Georgetown University (kt\u00f3rego absolwentk\u0105 jest m.in. Albright), a drugi dzia\u0142a\u0142 w wa\u017cnej (zw\u0142aszcza, niestety, dla Republikan\u00f3w, a id\u0105 czasy Demokrat\u00f3w) fundacji. Sikorski ma te\u017c korzenie w Wielkiej Brytanii, mo\u017ce to mu pom\u00f3c w Londynie.<\/p>\n<p>Kwa\u015bniewski ma wiele atut\u00f3w. Jest do\u015bwiadczonym politykiem, by\u0142 prezydentem wolnej Polski przez dwie kadencje, \u201ewprowadzi\u0142 Polsk\u0119 do NATO\u201d, zna angielski, wni\u00f3s\u0142 powa\u017cny wk\u0142ad w pomara\u0144czow\u0105 rewolucj\u0119 na Ukrainie, co podwa\u017cy\u0142o jego pozycj\u0119 w Moskwie, jest dobrym dyplomat\u0105, ma sk\u0142onno\u015bci koncyliacyjne, mo\u017ce liczy\u0107 na poparcie nie tylko rz\u0105du polskiego, ale nawet na przyzwolenie ze strony prezydenta Kaczy\u0144skiego. Przypomnijmy, \u017ce kiedy Kwa\u015bniewski by\u0142 brany pod uwag\u0119 na Sekretarza Generalnego ONZ, \u00f3wczesny rz\u0105d i prezydent z PiS te\u017c go popierali, mo\u017ce bez entuzjazmu, mo\u017ce to by\u0142a \u017cyczliwa neutralno\u015b\u0107, ale i to si\u0119 liczy. R\u00f3wnie\u017c dzisiaj, poparcie Warszawy ma Kwa\u015bniewski zapewnione.<\/p>\n<p>Radek Sikorski jest politykiem m\u0142odszym, nie tak powa\u017cnym i do\u015bwiadczonym jak Kwa\u015bniewski, ale ma inne zalety na szefa Paktu Atlantyckiego: Ma rodow\u00f3d antykomunistyczny, czyli \u201epunkty za pochodzenie\u201d, \u017cyciorys ma jak wymarzony: Oxford, Afganistan, m\u0142odziutki wiceminister Obrony w rz\u0105dzie Jana Olszewskiego, utr\u0105cony w ostatniej chwili przez lewic\u0119 ze stanowiska ambasadora w Brukseli (do kt\u00f3rego to miasta wr\u00f3ci\u0142by na bia\u0142ym koniu), minister Obrony, a nast\u0119pnie minister (wcze\u015bnie wiceminister) Spraw Zagranicznych, kilkuletni sta\u017c w Waszyngtonie, bardzo dobra \u2013 jak na polityka \u2013 znajomo\u015b\u0107 spraw wojskowych, w dodatku autor ksi\u0105\u017cek, \u017cona \u2013 znana publicystka ameryka\u0144ska, autorka \u015bwietnej ksi\u0105\u017cki o \u201eGu\u0142agu\u201d \u2013 czeg\u00f3\u017c wi\u0119cej mo\u017cna wymaga\u0107 od cz\u0142owieka zaledwie po 40-ce?<\/p>\n<p>Obaj nasi kandydaci s\u0105 \u015bwietni, aczkolwiek \u2013 jak ka\u017cdy \u2013 maj\u0105 swoje s\u0142abo\u015bci. Kwa\u015bniewski ma s\u0142abo\u015b\u0107 filipi\u0144sk\u0105, a Sikorski ma w sobie co\u015b z ch\u0142opca, pewn\u0105 sk\u0142onno\u015b\u0107 do gest\u00f3w, takich jak teatralne po\u017cegnanie z wojskiem, kiedy odchodzi\u0142 z ministerstwa, czy nieco teatralny powr\u00f3t z Brukseli na zawo\u0142anie prezydenta. Ale to mu z wiekiem przejdzie.<\/p>\n<p>Obu kandydat\u00f3w mia\u0142em zaszczyt i przyjemno\u015b\u0107 pozna\u0107. Kwa\u015bniewski mianowa\u0142 mnie ambasadorem, organizowa\u0142em tak\u017ce jego i p. Jolanty wizyt\u0119 w Chile, a Sikorskiemu \u2013 kiedy by\u0142 wiceministrem Spraw Zagranicznych \u2013 w pewnym sensie podlega\u0142em i dwukrotnie w Chile towarzyszy\u0142em. Obaj s\u0105 profesjonalni do perfekcji i ka\u017cdy z nich zas\u0142uguje, \u017ceby by\u0107 naszym cz\u0142owiekiem w NATO.<\/p>\n<p>Polska ma szans\u0119 \u2013 czas, \u017ceby na czele NATO stan\u0105\u0142 przedstawiciel nowego kraju cz\u0142onkowskiego, a poza tym nareszcie by\u0142aby jaka\u015b korzy\u015b\u0107 z wyprawy do Iraku i opinii konia troja\u0144skiego.<\/p>\n","protected":false},"excerpt":{"rendered":"<p>Co prawda niezbyt wierz\u0119, \u017ceby Polak zosta\u0142 szefem NATO, ale ch\u0119tnie puszcz\u0119 wodze fantazji i b\u0119d\u0119 namawia\u0142 prezydenta Obam\u0119, bo to przecie\u017c on b\u0119dzie mia\u0142 najwi\u0119cej do powiedzenia. Tylko kto mi za\u0142atwi spotkanie? Obaj kandydaci s\u0105 dobrzy i nie mamy powodu si\u0119 ich wstydzi\u0107. S\u0105 te\u017c bardzo r\u00f3\u017cni, tak, \u017ce Obama i ca\u0142y pakt b\u0119dzie [&hellip;]<\/p>\n","protected":false},"author":4,"featured_media":0,"comment_status":"open","ping_status":"open","sticky":false,"template":"","format":"standard","meta":{"footnotes":""},"categories":[1],"tags":[],"_links":{"self":[{"href":"https:\/\/blog.polityka.pl\/passent\/wp-json\/wp\/v2\/posts\/513"}],"collection":[{"href":"https:\/\/blog.polityka.pl\/passent\/wp-json\/wp\/v2\/posts"}],"about":[{"href":"https:\/\/blog.polityka.pl\/passent\/wp-json\/wp\/v2\/types\/post"}],"author":[{"embeddable":true,"href":"https:\/\/blog.polityka.pl\/passent\/wp-json\/wp\/v2\/users\/4"}],"replies":[{"embeddable":true,"href":"https:\/\/blog.polityka.pl\/passent\/wp-json\/wp\/v2\/comments?post=513"}],"version-history":[{"count":0,"href":"https:\/\/blog.polityka.pl\/passent\/wp-json\/wp\/v2\/posts\/513\/revisions"}],"wp:attachment":[{"href":"https:\/\/blog.polityka.pl\/passent\/wp-json\/wp\/v2\/media?parent=513"}],"wp:term":[{"taxonomy":"category","embeddable":true,"href":"https:\/\/blog.polityka.pl\/passent\/wp-json\/wp\/v2\/categories?post=513"},{"taxonomy":"post_tag","embeddable":true,"href":"https:\/\/blog.polityka.pl\/passent\/wp-json\/wp\/v2\/tags?post=513"}],"curies":[{"name":"wp","href":"https:\/\/api.w.org\/{rel}","templated":true}]}}