
{"id":5132,"date":"2019-02-01T13:54:57","date_gmt":"2019-02-01T12:54:57","guid":{"rendered":"https:\/\/passent.blog.polityka.pl\/?p=5132"},"modified":"2019-02-01T14:21:01","modified_gmt":"2019-02-01T13:21:01","slug":"szczyt-tupetu-2","status":"publish","type":"post","link":"https:\/\/blog.polityka.pl\/passent\/2019\/02\/01\/szczyt-tupetu-2\/","title":{"rendered":"Szczyt tupetu"},"content":{"rendered":"<p>Aspekty prawne srebrnej afery pozostawiam prawnikom. Mamy \u015bwietnych prawnik\u00f3w (sam mam zaszczyt zna\u0107 kilkoro) i je\u015bli tylko Polska b\u0119dzie pa\u0144stwem prawa, to jestem spokojny, \u017ce srebrne wesele  zostanie wyja\u015bnione, a sprawiedliwo\u015bci stanie si\u0119 zado\u015b\u0107.<br \/>\n<!--more--><br \/>\nInteresuj\u0105 mnie aspekty obyczajowe, kulturowe. Zastanawiam si\u0119, jak mo\u017cna by\u0142o projektowa\u0107 i rozwa\u017ca\u0107 budow\u0119 dw\u00f3ch bli\u017aniaczych wie\u017c w sercu Warszawy, kt\u00f3re mia\u0142yby dominowa\u0107 nad stolic\u0105, a w pewnym sensie sta\u0107 si\u0119 mo\u017ce symbolem miasta, je\u015bli nie kraju. Przecie\u017c to jest szczyt tupetu, wysoki na 190 m. Prezes partii rz\u0105dz\u0105cej, cz\u0142owiek numer jeden w Polsce, anga\u017cuje si\u0119 w budow\u0119 gigantycznego, kolejnego pomnika w\u0142asnego brata, by\u0142ego prezydenta, kt\u00f3ry zgin\u0105\u0142 w katastrofie, oraz siebie samego. Czy my jeste\u015bmy w staro\u017cytnym Egipcie \u2013 kraju piramid? Czy to mia\u0142yby by\u0107 piramidy Cheopsa i Chefrena (oraz sfinks)? Podejrzewam, \u017ce mia\u0142by to by\u0107 rodzaj stempla, piecz\u0119ci, logo naszej stolicy, wie\u017ca Eiffela lub sfinks \u2013 lew z ludzk\u0105 twarz\u0105. Wawel, pomnik na pl. Pi\u0142sudskiego, bli\u017aniacze wie\u017ce na Srebrnej \u2013 to kolejne etapy budowy legendy, wykuwania jej w (pod)\u015bwiadomo\u015bci narodowej, jak Westerplatte czy Kopiec Ko\u015bciuszki. Gdzie si\u0119 podzia\u0142 ten skromny Jaros\u0142aw Kaczy\u0144ski, kt\u00f3ry nie chce stanowisk, nie dba o zaszczyty, droga jest mu tylko Polska?<\/p>\n<p>Inny szczeg\u00f3\u0142 srebrnej afery to symbioza, wzajemne przenikanie si\u0119, komitywa s\u0142u\u017cb i urz\u0119dnik\u00f3w. Wsp\u00f3lnie biesiaduj\u0105, pij\u0105, znaj\u0105 rodzin\u0119, donosz\u0105, za\u0142atwiaj\u0105 posady, urz\u0105dzaj\u0105 swoje dzieci, wzajemnie sobie pomagaj\u0105, r\u0119k\u0105 r\u0119k\u0119 myje, jeden lokuje drugiego, drugi skupuje roszczenia, \u017ceby umo\u017cliwi\u0107 starania o kredyt bankowy, trzeci chce, \u017ceby odpali\u0107 mu dol\u0119 w zamian za ochron\u0119,  szefowie tajemnych si\u0142 wczoraj kolegowali si\u0119 z lud\u017ami, kt\u00f3rzy dzi\u015b s\u0105 za kratami. Jeden repolonizuje wielki bank, kt\u00f3rego prezes przyje\u017cd\u017ca do\u0144 na telefon. Drugi uniewinnia trzeciego, zanim zosta\u0142 definitywnie skazany. Inni graj\u0105 w kom\u00f3rki do wynaj\u0119cia \u2013 kiedy s\u0105 w opozycji, zimuj\u0105 w Srebrnej, kiedy dochodz\u0105 do w\u0142adzy \u2013 bior\u0105 w swoje r\u0119ce s\u0142u\u017cby. Adresy, roszczenia, kamienice, adresy, adwokaci, areszty, balangi, zeznania, miliony, blondynki i dyrektorki, kt\u00f3re zarabiaj\u0105 wi\u0119cej ni\u017c prezydent \u2013 galaktyka, \u015bwiat nam obcy i nieznany.<\/p>\n<p>I do tego zas\u0142ona dymna: zatrzymania, aresztowania, od by\u0142ego prezesa wielkiego koncernu, za niegospodarno\u015b\u0107 sprzed dziesi\u0119ciu lat, po drobnych cwaniaczk\u00f3w, pisiewicz\u00f3w, by\u0142ych pos\u0142\u00f3w, kt\u00f3rzy sprzedawali swoje kontakty i znajomo\u015bci. I jeszcze pose\u0142, jeden z bohater\u00f3w opozycji antykomunistycznej, p\u00f3\u017aniej antypisowskiej, kt\u00f3remu wyci\u0105ga si\u0119 niegodny proceder sprzed lat, byle tylko przykry\u0107 KNF i Srebrn\u0105. Cho\u0107 g\u0142owa boli i zbiera si\u0119 na md\u0142o\u015bci, trzeba t\u0119 gorzk\u0105 prawd\u0119 pozna\u0107 do ko\u0144ca, \u017ceby si\u0119 nie powt\u00f3rzy\u0142a.<\/p>\n<p><strong>PS Zaproszenie<\/strong><br \/>\nSenator Marek Borowski (by\u0142y minister i by\u0142y marsza\u0142ek Sejmu), Bogus\u0142aw Chrabota (redaktor naczelny \u201eRzeczpospolitej\u201d) i Joanna Solska (znana publicystka POLITYKI) b\u0119d\u0105 naszymi go\u015b\u0107mi w Radiu TOK FM w niedziel\u0119 3 lutego &#8211; jak zwykle po godz. 10. Do us\u0142yszenia!<\/p>\n","protected":false},"excerpt":{"rendered":"<p>Przecie\u017c to jest szczyt tupetu, wysoki na 190 m.<\/p>\n","protected":false},"author":4,"featured_media":5137,"comment_status":"open","ping_status":"closed","sticky":false,"template":"","format":"standard","meta":{"footnotes":""},"categories":[1],"tags":[],"_links":{"self":[{"href":"https:\/\/blog.polityka.pl\/passent\/wp-json\/wp\/v2\/posts\/5132"}],"collection":[{"href":"https:\/\/blog.polityka.pl\/passent\/wp-json\/wp\/v2\/posts"}],"about":[{"href":"https:\/\/blog.polityka.pl\/passent\/wp-json\/wp\/v2\/types\/post"}],"author":[{"embeddable":true,"href":"https:\/\/blog.polityka.pl\/passent\/wp-json\/wp\/v2\/users\/4"}],"replies":[{"embeddable":true,"href":"https:\/\/blog.polityka.pl\/passent\/wp-json\/wp\/v2\/comments?post=5132"}],"version-history":[{"count":4,"href":"https:\/\/blog.polityka.pl\/passent\/wp-json\/wp\/v2\/posts\/5132\/revisions"}],"predecessor-version":[{"id":5136,"href":"https:\/\/blog.polityka.pl\/passent\/wp-json\/wp\/v2\/posts\/5132\/revisions\/5136"}],"wp:featuredmedia":[{"embeddable":true,"href":"https:\/\/blog.polityka.pl\/passent\/wp-json\/wp\/v2\/media\/5137"}],"wp:attachment":[{"href":"https:\/\/blog.polityka.pl\/passent\/wp-json\/wp\/v2\/media?parent=5132"}],"wp:term":[{"taxonomy":"category","embeddable":true,"href":"https:\/\/blog.polityka.pl\/passent\/wp-json\/wp\/v2\/categories?post=5132"},{"taxonomy":"post_tag","embeddable":true,"href":"https:\/\/blog.polityka.pl\/passent\/wp-json\/wp\/v2\/tags?post=5132"}],"curies":[{"name":"wp","href":"https:\/\/api.w.org\/{rel}","templated":true}]}}