
{"id":5138,"date":"2019-02-03T17:04:35","date_gmt":"2019-02-03T16:04:35","guid":{"rendered":"https:\/\/passent.blog.polityka.pl\/?p=5138"},"modified":"2019-02-03T18:23:20","modified_gmt":"2019-02-03T17:23:20","slug":"wiosna-tak-wypaczenia-nie","status":"publish","type":"post","link":"https:\/\/blog.polityka.pl\/passent\/2019\/02\/03\/wiosna-tak-wypaczenia-nie\/","title":{"rendered":"Wiosna \u2013 tak, wypaczenia &#8211; nie"},"content":{"rendered":"<p>Robert Biedro\u0144 rzuci\u0142 wreszcie drugi but. Konwencja za\u0142o\u017cycielska na Torwarze przebieg\u0142a zgodnie z oczekiwaniami. By\u0142 jeden w\u00f3dz, jeden m\u00f3wca, jeden dyrygent. Moje pierwsze wra\u017cenie: Wiosna by\u0142a potrzebna, uszczupli troch\u0119 g\u0142os\u00f3w Platformie i SLD, ale przesunie \u015brodek ci\u0119\u017cko\u015bci w polskiej polityce w lewo (o ile, to si\u0119 dopiero oka\u017ce).<br \/>\n<!--more--><br \/>\nJe\u017celi Platforma czy Koalicja Europejska, SLD i Wiosna b\u0119d\u0105 w stanie wyst\u0105pi\u0107 wsp\u00f3lnie w wyborach parlamentarnych \u2013 to bardzo dobrze. Je\u017celi nie \u2013 to b\u0119dzie PiS na lata. G\u0142\u00f3wn\u0105 s\u0142abo\u015bci\u0105 programu R.B. jest brak wskazania na \u017ar\u00f3d\u0142a jego finansowania. Ni\u017cej niekt\u00f3re promyki Wiosny i moje do nich komentarze.<\/p>\n<p>Kobiety. G\u0142\u00f3wnymi adresatkami partii Biedronia s\u0105 kobiety. R\u00f3wna p\u0142aca na r\u00f3wnych stanowiskach, dost\u0119p do antykoncepcji, w tym pigu\u0142ek \u201edzie\u0144 po\u201d, aborcja do 12. tygodnia ci\u0105\u017cy, koniec z \u201eklauzul\u0105 sumienia\u201d. Te postulaty popieram, ALE nie zapominajmy, \u017ce aborcja powinna by\u0107 krokiem ostatecznym, nie mo\u017ce by\u0107 traktowana jak powa\u017cniejszy zabieg kosmetyczny, to jest jednak pora\u017cka. Edukacja seksualna i antykoncepcja powinny ograniczy\u0107 to zjawisko do minimum. 500 plus dla wszystkich dzieci. Komentarz: nale\u017cy rozwa\u017cy\u0107 kryterium dochodowe.<\/p>\n<p>P\u0142aca minimalna ma by\u0107 r\u00f3wna 60 proc. \u015bredniej p\u0142acy i rosn\u0105\u0107 proporcjonalnie. Komentarz: OK, ale kto za to zap\u0142aci?<\/p>\n<p>Ko\u015bci\u00f3\u0142. Dalej id\u0105cy rozdzia\u0142 Ko\u015bcio\u0142a i pa\u0144stwa. Likwidacja Funduszu Ko\u015bcielnego. Opodatkowanie tacy. Koniec finansowania przez pa\u0144stwo katechezy w szko\u0142ach. Renegocjacja konkordatu. Komentarz: OK, program potrzebny, ale cz\u0119\u015bciowo nierealny.<\/p>\n<p>Rozliczenie winnych nieprawo\u015bci. Powo\u0142anie komisji sprawiedliwo\u015bci i pojednania, ukaranie winnych, w tym przed Trybuna\u0142em Stanu. Komentarz: OK, ale to ostatnie nierealne, nie b\u0119dzie wymaganej wi\u0119kszo\u015bci w Sejmie.<\/p>\n<p>Ochrona zdrowia: 30 dni oczekiwania na wizyt\u0119 u lekarza specjalisty, a jak nie, to zwrot kosztu wizyty prywatnej. Legalizacja i finansowanie in vitro. Komentarz: OK, ale sk\u0105d NFZ ma wzi\u0105\u0107 na to pieni\u0105dze?<\/p>\n<p>Kopalnie w\u0119gla (wszystkie) mia\u0142yby by\u0107 zamkni\u0119te do 2035 r. Komentarz: OK, ale sk\u0105d pieni\u0105dze na zwalnianych pracownik\u00f3w (w tym krewkich g\u00f3rnik\u00f3w) i na alternatywne \u017ar\u00f3d\u0142a energii? Kto zapewni wyborc\u00f3w na \u015al\u0105sku?<\/p>\n<p>Ochrona \u015brodowiska. Powo\u0142anie rzecznika praw przyrody. Komentarz: tak, ale ma\u0142o.<\/p>\n<p>Mniejszo\u015bci. Wszystkie zwi\u0105zki ma\u0142\u017ce\u0144skie r\u00f3wne wobec prawa. OK.<\/p>\n<p>Media: likwidacja Rady Medi\u00f3w Narodowych, reforma KRRiTV, rekrutacja z konkursu, bez udzia\u0142u polityk\u00f3w. OK, ale ma\u0142o, np. powinna by\u0107 zlikwidowana dyskryminacja niekt\u00f3rych medi\u00f3w przez sp\u00f3\u0142ki Skarbu Pa\u0144stwa oraz instytucje publiczne.<\/p>\n<p>Braki: oczywi\u015bcie, w jednym przem\u00f3wieniu na konwencji (wiecu?) nie spos\u00f3b zmie\u015bci\u0107 wszystkiego, ale brakowa\u0142o przede wszystkim wskazania na \u017ar\u00f3d\u0142a finansowania programu Wiosny, kilku s\u0142\u00f3w o planach wobec wymiaru sprawiedliwo\u015bci oraz o stosunkach z zagranic\u0105, zrujnowanych przez Zjednoczon\u0105 Prawic\u0119.<\/p>\n<p>Podsumowanie: wiosna \u2013 tak, wypaczenia \u2013 nie!<\/p>\n","protected":false},"excerpt":{"rendered":"<p>Niekt\u00f3re promyki Wiosny i moje do nich komentarze.<\/p>\n","protected":false},"author":4,"featured_media":5142,"comment_status":"open","ping_status":"closed","sticky":false,"template":"","format":"standard","meta":{"footnotes":""},"categories":[1],"tags":[],"_links":{"self":[{"href":"https:\/\/blog.polityka.pl\/passent\/wp-json\/wp\/v2\/posts\/5138"}],"collection":[{"href":"https:\/\/blog.polityka.pl\/passent\/wp-json\/wp\/v2\/posts"}],"about":[{"href":"https:\/\/blog.polityka.pl\/passent\/wp-json\/wp\/v2\/types\/post"}],"author":[{"embeddable":true,"href":"https:\/\/blog.polityka.pl\/passent\/wp-json\/wp\/v2\/users\/4"}],"replies":[{"embeddable":true,"href":"https:\/\/blog.polityka.pl\/passent\/wp-json\/wp\/v2\/comments?post=5138"}],"version-history":[{"count":7,"href":"https:\/\/blog.polityka.pl\/passent\/wp-json\/wp\/v2\/posts\/5138\/revisions"}],"predecessor-version":[{"id":5147,"href":"https:\/\/blog.polityka.pl\/passent\/wp-json\/wp\/v2\/posts\/5138\/revisions\/5147"}],"wp:featuredmedia":[{"embeddable":true,"href":"https:\/\/blog.polityka.pl\/passent\/wp-json\/wp\/v2\/media\/5142"}],"wp:attachment":[{"href":"https:\/\/blog.polityka.pl\/passent\/wp-json\/wp\/v2\/media?parent=5138"}],"wp:term":[{"taxonomy":"category","embeddable":true,"href":"https:\/\/blog.polityka.pl\/passent\/wp-json\/wp\/v2\/categories?post=5138"},{"taxonomy":"post_tag","embeddable":true,"href":"https:\/\/blog.polityka.pl\/passent\/wp-json\/wp\/v2\/tags?post=5138"}],"curies":[{"name":"wp","href":"https:\/\/api.w.org\/{rel}","templated":true}]}}