
{"id":514,"date":"2008-12-04T21:16:33","date_gmt":"2008-12-04T20:16:33","guid":{"rendered":"http:\/\/passent.blog.polityka.pl\/?p=514"},"modified":"2008-12-04T21:23:04","modified_gmt":"2008-12-04T20:23:04","slug":"szkolenie-jaroslawa-kaczynskiego","status":"publish","type":"post","link":"https:\/\/blog.polityka.pl\/passent\/2008\/12\/04\/szkolenie-jaroslawa-kaczynskiego\/","title":{"rendered":"Szkolenie Jaros\u0142awa Kaczy\u0144skiego"},"content":{"rendered":"<p>Od pewnego czasu zapanowa\u0142a moda na szkolenie \u201ejak by\u0107 sympatycznym i lubianym przez media\u201d, a tak\u017ce na rozmaitych doradc\u00f3w i specjalist\u00f3w w dziedzinie piaru. \u201eDziennik\u201d informuje, \u017ce ju\u017c 80 polityk\u00f3w PiS przesz\u0142o takie szkolenie (skutk\u00f3w jako\u015b nie wida\u0107\u2026), a obecnie sam prezes Kaczy\u0144ski otrzyma kilkugodzinne, indywidualne korepetycje na temat jak by\u0107 kochanym, zw\u0142aszcza przez media.<\/p>\n<p>Tu pozwol\u0119 sobie na ma\u0142\u0105 dygresj\u0119 na temat debaty (?) Komorowski \u2013 Kaczy\u0144ski &#8211; Niesio\u0142owski w sprawie odwo\u0142ania tego pierwszego z funkcji marsza\u0142ka Sejmu. Pretekstem by\u0142y s\u0142owa Komorowskiego \u201eJaka wizyta, taki zamach\u201d, ale to by\u0142 tylko pretekst, gdy\u017c ca\u0142y wniosek PiS o odwo\u0142anie marsza\u0142ka liczy\u0142 15 stron, zawiera\u0142 spis przewin Komorowskiego, nie pierwszy i nie ostatni. \u017beby mi nikt nie wmawia\u0142 inaczej, o\u015bwiadczam uroczy\u015bcie, \u017ce te s\u0142owa marsza\u0142ka Komorowskiego uwa\u017cam za niestosowane, o czym ju\u017c \u2013 o ile mnie pami\u0119\u0107 nie myli &#8211; pisa\u0142em na tym blogu i m\u00f3wi\u0142em w eterze.<\/p>\n<p>ALE podczas sejmowej debaty, prezes Kaczy\u0144ski, znany z brutalno\u015bci, poszed\u0142 krok dalej, i zarzuci\u0142 Komorowskiemu ni mniej ni wi\u0119cej, tylko to, \u017ce jest agentem rosyjskim. \u201eMarsza\u0142ek ma zadziwiaj\u0105c\u0105 tendencj\u0119, \u017ceby przyjmowa\u0107 rosyjski punkt widzenia. Nie wiem dlaczego, ale trzeba to widzie\u0107 w kontek\u015bcie jego powi\u0105za\u0144 z WSI, z kt\u00f3rym jest tak serdecznie zwi\u0105zany\u201d \u2013 m\u00f3wi\u0142 J. Kacz. Oskar\u017cenie to \u015bwietnie pasuje do repertuaru Kaczy\u0144skich: w Polsce dzia\u0142a partia rosyjska, m.in. w WSI. St\u0105d ju\u017c tylko jeden krok do wskazania na marsza\u0142ka i zawo\u0142anie: \u201eZdrajca!\u201d. A co czeka zdrajc\u00f3w \u2013 wiadomo.<\/p>\n<p>Dalsze p\u00f3\u0142 kroku uczyni\u0142 Kaczy\u0144ski m\u00f3wi\u0105c, \u017ce Stefan Niesio\u0142owski sypa\u0142 b\u0119d\u0105c w opozycji demokratycznej. 13-letnie dziewczynki wytrzymywa\u0142y torturowanie przez gestapo, a Niesio\u0142owski si\u0119 za\u0142ama\u0142, powiedzia\u0142 J.Kacz. i doda\u0142, \u017ce on by si\u0119 na \u017cyciorys z Niesio\u0142em nie zamieni\u0142. Powo\u0142ywa\u0142 si\u0119 na ksi\u0105\u017ck\u0119 IPN, z kt\u00f3rej wynika, \u017ce podczas jakiego\u015b przes\u0142uchania Niesio\u0142 powiedzia\u0142 za du\u017co, J. Kacz (\u201echocia\u017c nie siedzia\u0142em w wi\u0119zieniu\u201d) powiedzia\u0142by zapewne mniej\u2026<\/p>\n<p>Uwa\u017cam metody prezesa PiS za obrzydliwe. Jako jeden z za\u0142o\u017cycieli grupy \u201eRuch\u201d Niesio\u0142owski nale\u017cy do najstarszych sta\u017cem dzia\u0142aczy opozycji antykomunistycznej w Polsce. Siedzia\u0142 w wi\u0119zieniu oko\u0142o 5 lat, w czasach, kiedy opozycja by\u0142a w powijakach, kiedy nie by\u0142o kodu zachowania w \u015bledztwie, jaki p\u00f3\u017aniej opozycja wypracowa\u0142a. Jest mo\u017cliwe, \u017ce 30 \u2013 40 lat p\u00f3\u017aniej (!) mo\u017cna uwa\u017ca\u0107, \u017ce m\u0142odziutki w\u00f3wczas Niesio\u0142 m\u00f3g\u0142 si\u0119 nie ba\u0107, m\u00f3g\u0142 nie pozwoli\u0107 si\u0119 zastraszy\u0107, m\u00f3g\u0142 by\u0107 nieustraszony jak J. Kacz. Ale czynienie z tego dzisiaj zarzutu, i to przez kogo\u015b, kto nigdy nie przekroczy\u0142 progu wi\u0119zienia, to uwa\u017cam za chamstwo, za \u0142ajdactwo.<\/p>\n<p>Chwil\u0119 p\u00f3\u017aniej dziennikarze rzucili si\u0119 do Niesio\u0142a z pytaniem czy \u201esypa\u0142\u201d? Jest co\u015b obrzydliwego w tym, \u017ce ludzie, kt\u00f3rzy nie kiwn\u0119li palcem przeciwko komunie, a nawet chodzili wtedy w pieluchach, dzi\u015b bez \u017cenady rzucaj\u0105 si\u0119 na cz\u0142owieka takich zas\u0142ug i powtarzaj\u0105 oskar\u017cenie, dodaj\u0105c jedynie znak zapytania. Tfu! Koniec dygresji.<\/p>\n<p>Wracam do szkolenia z piaru. Przerabianie Kaczy\u0144skiego na polityka sympatycznego mija si\u0119 z celem, to strata czasu. Specjalista od wizerunku politycznego m\u00f3wi w \u201eDzienniku\u201d, \u017ce prezes za cz\u0119sto pokazuje zaci\u015bni\u0119t\u0105 pi\u0119\u015b\u0107, \u201epi\u0119\u015b\u0107 wodza\u201d, wali w st\u00f3\u0142, , zbyt cz\u0119sto u\u017cywa palca wskazuj\u0105cego, wytyka, podczas kiedy powinien \u201eca\u0142ym sob\u0105 pokazywa\u0107 spok\u00f3j, a nie agresj\u0119\u201d. Ot\u00f3\u017c nawet gdyby J.Kacz trzyma\u0142 ca\u0142y czas r\u0119ce za plecami i s\u0142odko si\u0119 u\u015bmiecha\u0142 , to m\u00f3wi\u0105c to, co m\u00f3wi, pozostanie r\u00f3wnie odpychaj\u0105cy jak jest.<\/p>\n<p>Nie po raz pierwszy odnosz\u0119 wra\u017cenie, \u017ce w\u015br\u00f3d specjalist\u00f3w od piaru nie brak hochsztapler\u00f3w i szaman\u00f3w. J.Kacz jest dobrym m\u00f3wc\u0105 i typowym \u201ewodzuniem\u201d, kt\u00f3ry \u0142\u0105czy form\u0119 i tre\u015b\u0107. Kiedy por\u00f3wnuje adwersarzy do ZOMO, kiedy elit\u0119 okre\u015bla jako \u201e\u0142\u017ce-elit\u0119\u201d, kiedy o swoim (?) marsza\u0142ku Marku Jurku m\u00f3wi \u201eagent albo wariat\u201d, kiedy degraduje Dorna, kiedy \u201eGazet\u0119\u201d uznaje za zmutowan\u0105 Komunistyczn\u0105 Parti\u0119 Polski, kiedy twierdzi, \u017ce rz\u0105d pos\u0142uguje si\u0119 \u201esprostytuowanymi prawnikami\u201d, kiedy swojego by\u0142ego ministra okre\u015bla jako agenta \u2013 \u015bpiocha, to moim zdaniem \u017cadne szkolenie z piaru nie pomo\u017ce. Kaczy\u0144ski taki jest i basta. Niech Kaczy\u0144ski pozostanie Kaczy\u0144skim (byle nami nie rz\u0105dzi\u0142). Kaczy\u0144ski (jeden i drugi) robi\u0142 aluzje, \u017ce w odr\u00f3\u017cnieniu od Tuska, nie wychowa\u0142 si\u0119 na podw\u00f3rku, dawa\u0142 do zrozumienia, \u017ce stoi wy\u017cej, jest uformowany przez lepsze sfery, przyznaje si\u0119 do inteligencji \u017coliborskiej. Mo\u017ce sobie tak uwa\u017ca\u0107, aczkolwiek moim zdaniem J. Kacz to kompromitacja inteligencji i \u017boliborza. Ale jego g\u0142\u00f3wny problem nie jest z inteligencj\u0105, kt\u00f3rej mu nie brak, ani z \u017boliborzem, tylko z charakterem. A tego \u017cadne szkolenie z piaru nie zmieni.<\/p>\n","protected":false},"excerpt":{"rendered":"<p>Od pewnego czasu zapanowa\u0142a moda na szkolenie \u201ejak by\u0107 sympatycznym i lubianym przez media\u201d, a tak\u017ce na rozmaitych doradc\u00f3w i specjalist\u00f3w w dziedzinie piaru. \u201eDziennik\u201d informuje, \u017ce ju\u017c 80 polityk\u00f3w PiS przesz\u0142o takie szkolenie (skutk\u00f3w jako\u015b nie wida\u0107\u2026), a obecnie sam prezes Kaczy\u0144ski otrzyma kilkugodzinne, indywidualne korepetycje na temat jak by\u0107 kochanym, zw\u0142aszcza przez media. [&hellip;]<\/p>\n","protected":false},"author":4,"featured_media":0,"comment_status":"open","ping_status":"open","sticky":false,"template":"","format":"standard","meta":{"footnotes":""},"categories":[1],"tags":[],"_links":{"self":[{"href":"https:\/\/blog.polityka.pl\/passent\/wp-json\/wp\/v2\/posts\/514"}],"collection":[{"href":"https:\/\/blog.polityka.pl\/passent\/wp-json\/wp\/v2\/posts"}],"about":[{"href":"https:\/\/blog.polityka.pl\/passent\/wp-json\/wp\/v2\/types\/post"}],"author":[{"embeddable":true,"href":"https:\/\/blog.polityka.pl\/passent\/wp-json\/wp\/v2\/users\/4"}],"replies":[{"embeddable":true,"href":"https:\/\/blog.polityka.pl\/passent\/wp-json\/wp\/v2\/comments?post=514"}],"version-history":[{"count":0,"href":"https:\/\/blog.polityka.pl\/passent\/wp-json\/wp\/v2\/posts\/514\/revisions"}],"wp:attachment":[{"href":"https:\/\/blog.polityka.pl\/passent\/wp-json\/wp\/v2\/media?parent=514"}],"wp:term":[{"taxonomy":"category","embeddable":true,"href":"https:\/\/blog.polityka.pl\/passent\/wp-json\/wp\/v2\/categories?post=514"},{"taxonomy":"post_tag","embeddable":true,"href":"https:\/\/blog.polityka.pl\/passent\/wp-json\/wp\/v2\/tags?post=514"}],"curies":[{"name":"wp","href":"https:\/\/api.w.org\/{rel}","templated":true}]}}