
{"id":5149,"date":"2019-02-04T23:18:23","date_gmt":"2019-02-04T22:18:23","guid":{"rendered":"https:\/\/passent.blog.polityka.pl\/?p=5149"},"modified":"2019-02-05T11:22:00","modified_gmt":"2019-02-05T10:22:00","slug":"prosze-nie-regulowac-odbiornikow","status":"publish","type":"post","link":"https:\/\/blog.polityka.pl\/passent\/2019\/02\/04\/prosze-nie-regulowac-odbiornikow\/","title":{"rendered":"Prosz\u0119 nie regulowa\u0107 odbiornik\u00f3w"},"content":{"rendered":"<p>\u201eK\u0142amstwo organizowane przez w\u0142adz\u0119 za publiczne pieni\u0105dze to perfidna i gro\u017ana forma przemocy, kt\u00f3rej ofiar\u0105 jeste\u015bmy wszyscy. I wszyscy powinni\u015bmy solidarnie, w ramach prawa, przeciw temu k\u0142amstwu protestowa\u0107\u201d \u2013 napisa\u0142 Donald Tusk i trudno si\u0119 z tym nie zgodzi\u0107.<br \/>\n<!--more--><br \/>\nTelewizja publiczna by\u0142a symbolem k\u0142amstwa i opresji w PRL i jest nim ponownie. W\u0142adza ma na to dwie odpowiedzi, kt\u00f3rymi gra jak w karty. Obie s\u0105 znaczone. Pierwsza: TVP jest jedyn\u0105 prawdom\u00f3wn\u0105 telewizj\u0105 w Polsce. Druga: TVP musi by\u0107 prorz\u0105dowa, \u017ceby przeciwstawi\u0107 si\u0119 stronniczym telewizjom prywatnym, aby w sumie powsta\u0142 obraz obiektywny i prawdziwy. Oczywi\u015bcie, oba te uzasadnienia s\u0105 bez sensu. Prawd\u0119 powiedzia\u0142 kiedy\u015b prezes Jacek Kurski: zadaniem TVP jest utrwalenie w\u0142adzy PiS.<\/p>\n<p>Wygl\u0105da na to, \u017ce nawet we w\u0142asnych szeregach telewizja publiczna traci zwolennik\u00f3w, mimo \u017ce rz\u0105d nie szcz\u0119dzi na ni\u0105 setek milion\u00f3w z\u0142otych.<\/p>\n<blockquote><p>\u201ePrezydent Andrzej Duda coraz mocniej wchodzi do gry o zmian\u0119 sytuacji w TVP \u2013 pisa\u0142 niedawno M. Kolanko w \u201eRzeczpospolitej\u201d. &#8211; TVP jest w ogniu krytyki po tragicznych wydarzeniach w Gda\u0144sku. &#8222;Wiadomo\u015bci&#8221; s\u0105 analizowane niemal codziennie\u201d.<\/p><\/blockquote>\n<p>Prezydent ma wielkie zastrze\u017cenia wobec tego, co dzieje si\u0119 w TVP. We wszystkich telewizjach przyda\u0142by si\u0119 reset \u2013 m\u00f3wi\u0142 odwa\u017cnie rzecznik prezydenta Bart\u0142omiej Spychalski. Dlaczego we wszystkich \u2013 nie wiem, ale ju\u017c fakt, \u017ce ta formu\u0142a dopuszcza zmiany w TVP, to jest co\u015b. \u201eTon, kt\u00f3ry si\u0119 tam pojawia, po prostu si\u0119 prezydentowi nie podoba\u201d \u2013 m\u00f3wi anonimowe \u017ar\u00f3d\u0142o \u201eRz\u201d.<\/p>\n<p>Niestety, wygl\u0105da na to, \u017ce \u017ar\u00f3d\u0142em niezadowolenia w pa\u0142acu jest zbyt ma\u0142o miejsca, jakie TVP po\u015bwi\u0119ca dokonaniom prezydenta. Czytaj: jest za ma\u0142o dworska. Trudno si\u0119 dziwi\u0107: Kurski orientuje si\u0119 na prezesa, a nie na prezydenta, a ju\u017c na pewno nie na robienie wiarygodnej telewizji. Prezes mo\u017ce nie by\u0107 zachwycony (cho\u0107 w\u0142a\u015bciwie: dlaczego nie?), ale na trzy miesi\u0105ce przed wyborami europejskimi, nawet gdyby chcia\u0142, nie bardzo mo\u017ce zmieni\u0107 zaprz\u0119g. Wi\u0119c Kurski b\u0119dzie ci\u0105gn\u0105\u0142 dalej.<\/p>\n<p>Opozycji pozostaj\u0105 bia\u0142e r\u00f3\u017ce przed wej\u015bciem do siedziby TVP. To nie jest ma\u0142o. Gmach telewizji chroniony jest przez policj\u0119, jak gdyby trwa\u0142 zamach stanu. Nie popieram protest\u00f3w, kt\u00f3re s\u0105 bezprawne, nie popieram akt\u00f3w agresji przeciwko \u017co\u0142nierzom k\u0142amstwa, ale \u2013 jak powiedzia\u0142a kiedy\u015b rzeczniczka PiS \u2013 \u201erozumiem ich\u201d, trzeba m\u00f3wi\u0107 NIE i racj\u0119 ma Tusk: za publiczne pieni\u0105dze otrzymujemy prywatn\u0105 telewizj\u0119 Prawa i Sprawiedliwo\u015bci. Prosz\u0119 nie regulowa\u0107 odbiornik\u00f3w, bo to nie one s\u0105 zepsute.<\/p>\n","protected":false},"excerpt":{"rendered":"<p>Opozycji pozostaj\u0105 bia\u0142e r\u00f3\u017ce przed wej\u015bciem do siedziby TVP.<\/p>\n","protected":false},"author":4,"featured_media":5154,"comment_status":"open","ping_status":"closed","sticky":false,"template":"","format":"standard","meta":{"footnotes":""},"categories":[1],"tags":[],"_links":{"self":[{"href":"https:\/\/blog.polityka.pl\/passent\/wp-json\/wp\/v2\/posts\/5149"}],"collection":[{"href":"https:\/\/blog.polityka.pl\/passent\/wp-json\/wp\/v2\/posts"}],"about":[{"href":"https:\/\/blog.polityka.pl\/passent\/wp-json\/wp\/v2\/types\/post"}],"author":[{"embeddable":true,"href":"https:\/\/blog.polityka.pl\/passent\/wp-json\/wp\/v2\/users\/4"}],"replies":[{"embeddable":true,"href":"https:\/\/blog.polityka.pl\/passent\/wp-json\/wp\/v2\/comments?post=5149"}],"version-history":[{"count":3,"href":"https:\/\/blog.polityka.pl\/passent\/wp-json\/wp\/v2\/posts\/5149\/revisions"}],"predecessor-version":[{"id":5153,"href":"https:\/\/blog.polityka.pl\/passent\/wp-json\/wp\/v2\/posts\/5149\/revisions\/5153"}],"wp:featuredmedia":[{"embeddable":true,"href":"https:\/\/blog.polityka.pl\/passent\/wp-json\/wp\/v2\/media\/5154"}],"wp:attachment":[{"href":"https:\/\/blog.polityka.pl\/passent\/wp-json\/wp\/v2\/media?parent=5149"}],"wp:term":[{"taxonomy":"category","embeddable":true,"href":"https:\/\/blog.polityka.pl\/passent\/wp-json\/wp\/v2\/categories?post=5149"},{"taxonomy":"post_tag","embeddable":true,"href":"https:\/\/blog.polityka.pl\/passent\/wp-json\/wp\/v2\/tags?post=5149"}],"curies":[{"name":"wp","href":"https:\/\/api.w.org\/{rel}","templated":true}]}}