
{"id":5155,"date":"2019-02-05T22:26:47","date_gmt":"2019-02-05T21:26:47","guid":{"rendered":"https:\/\/passent.blog.polityka.pl\/?p=5155"},"modified":"2019-02-05T22:42:19","modified_gmt":"2019-02-05T21:42:19","slug":"klamstwa-srebrne-i-zlote","status":"publish","type":"post","link":"https:\/\/blog.polityka.pl\/passent\/2019\/02\/05\/klamstwa-srebrne-i-zlote\/","title":{"rendered":"K\u0142amstwa srebrne i z\u0142ote"},"content":{"rendered":"<p>Prezydent Duda \u201eze zdziwieniem\u201d przyj\u0105\u0142 s\u0142owa Donalda Tuska o zorganizowanym k\u0142amstwie za publiczne pieni\u0105dze jako o formie przemocy. &#8222;O jakie k\u0142amstwo chodzi?&#8221; \u2013 pyta prezydent i udaje Greka. Nie wiem, co Tusk mia\u0142 na my\u015bli, ale gdyby mnie kto\u015b zapyta\u0142, to znalaz\u0142bym kilka k\u0142amstw. Na przyk\u0142ad dzisiaj, w 30. rocznic\u0119 Okr\u0105g\u0142ego Sto\u0142u, prof. Andrzej Zybertowicz powiedzia\u0142 m\u0142odym ludziom, \u017ce przy Okr\u0105g\u0142ym Stole w\u0142adza podzieli\u0142a si\u0119 w\u0142adz\u0105 ze swoimi agentami.<br \/>\n<!--more--><br \/>\nCzy zdaniem prezydenta jego doradca m\u00f3wi\u0142 prawd\u0119? Kilka innych zorganizowanych k\u0142amstw: k\u0142amstwa na temat III RP i \u201ePolski w ruinie\u201d. K\u0142amstwo, \u017ce ministrem obrony zostanie Gowin. K\u0142amstwo, \u017ce pl. Pi\u0142sudskiego w Warszawie musia\u0142 zosta\u0107 wyj\u0119ty z gestii Urz\u0119du Miasta ze wzgl\u0119d\u00f3w bezpiecze\u0144stwa. K\u0142amstwa na temat Ognia i innych \u201e\u017co\u0142nierzy wykl\u0119tych\u201d. K\u0142amstwa na temat historii Solidarno\u015bci. K\u0142amstwa na temat pozycji Polski na arenie mi\u0119dzynarodowej. K\u0142amstwa w sprawie dron\u00f3w i \u015bmig\u0142owc\u00f3w, kt\u00f3re ju\u017c dawno mia\u0142y lata\u0107 nad Polsk\u0105. K\u0142amstwa w sprawie \u201ezamachu\u201d smole\u0144skiego. K\u0142amstwa w sprawie niezawis\u0142ej prokuratury, TK i TS. K\u0142amstwa w sprawie dr. G. K\u0142amstwa, kt\u00f3re dzie\u0144 i noc s\u0105cz\u0105 media publiczne. K\u0142amstwa na temat stosunk\u00f3w polsko-ukrai\u0144skich. K\u0142amstwo, \u017ce ingerencje w muzea i ECS czynione s\u0105 w imi\u0119 prawdy. Nie wierz\u0119, \u017ce pan prezydent o tym wszystkim (i jeszcze du\u017co wi\u0119cej) nie wie. Mo\u017cna traci\u0107 kontakt z rzeczywisto\u015bci\u0105, ale nie do tego stopnia.<\/p>\n<p>Teraz zaczyna si\u0119 nowy rozdzia\u0142 \u2013 srebrne k\u0142amstwa. Premier Morawiecki powiedzia\u0142 dzisiaj, \u017ce ta\u015bmy \u201edowodz\u0105 uczciwo\u015bci obozu PiS, wida\u0107 wielk\u0105 uczciwo\u015b\u0107 po stronie prezesa PiS i prezesa NFO\u015a\u201d Kazimierza Kujdy. A tak\u017ce &#8211; i\u017c nale\u017cy si\u0119 zastanowi\u0107, czy obro\u0144cy austriackiego biznesmena (Gerald Birgfellner) \u201eprzypadkiem nie dzia\u0142aj\u0105 na jego szkod\u0119\u201d. Jest to najwi\u0119ksza wpadka PMM od czasu, kiedy paln\u0105\u0142 w Monachium bzdur\u0119 na temat ustawy o IPN i stosunk\u00f3w polsko-\u017cydowskich. Jak mo\u017ce premier decydowa\u0107, kto jest, a kto nie jest krystalicznie uczciwy, zanim wypowie si\u0119 s\u0105d?<\/p>\n<p>Jak mo\u017ce wywiera\u0107 nacisk na prokuratur\u0119? Jak mo\u017ce szef rz\u0105du ocenia\u0107 taktyk\u0119 adwokat\u00f3w w sprawie, kt\u00f3ra jeszcze nawet nie trafi\u0142a na agend\u0119? I to w sytuacji, kiedy prokuratura podlega jego ministrowi, czyli jemu samemu? Jak premier mo\u017ce urabia\u0107 \u015bwiadka? Oskar\u017ca\u0107 adwokat\u00f3w, i\u017c dzia\u0142aj\u0105 na szkod\u0119 ich klienta?<\/p>\n<p>Niefrasobliwo\u015b\u0107 prezydenta i premiera \u2013 to dopiero budzi zdumienie. Tusk powiedzia\u0142 prawd\u0119: k\u0142amstwo pa\u0144stwowe jest form\u0105 przemocy.<\/p>\n","protected":false},"excerpt":{"rendered":"<p>Teraz zaczyna si\u0119 nowy rozdzia\u0142 \u2013 srebrne k\u0142amstwa.<\/p>\n","protected":false},"author":4,"featured_media":5160,"comment_status":"open","ping_status":"closed","sticky":false,"template":"","format":"standard","meta":{"footnotes":""},"categories":[1],"tags":[],"_links":{"self":[{"href":"https:\/\/blog.polityka.pl\/passent\/wp-json\/wp\/v2\/posts\/5155"}],"collection":[{"href":"https:\/\/blog.polityka.pl\/passent\/wp-json\/wp\/v2\/posts"}],"about":[{"href":"https:\/\/blog.polityka.pl\/passent\/wp-json\/wp\/v2\/types\/post"}],"author":[{"embeddable":true,"href":"https:\/\/blog.polityka.pl\/passent\/wp-json\/wp\/v2\/users\/4"}],"replies":[{"embeddable":true,"href":"https:\/\/blog.polityka.pl\/passent\/wp-json\/wp\/v2\/comments?post=5155"}],"version-history":[{"count":4,"href":"https:\/\/blog.polityka.pl\/passent\/wp-json\/wp\/v2\/posts\/5155\/revisions"}],"predecessor-version":[{"id":5159,"href":"https:\/\/blog.polityka.pl\/passent\/wp-json\/wp\/v2\/posts\/5155\/revisions\/5159"}],"wp:featuredmedia":[{"embeddable":true,"href":"https:\/\/blog.polityka.pl\/passent\/wp-json\/wp\/v2\/media\/5160"}],"wp:attachment":[{"href":"https:\/\/blog.polityka.pl\/passent\/wp-json\/wp\/v2\/media?parent=5155"}],"wp:term":[{"taxonomy":"category","embeddable":true,"href":"https:\/\/blog.polityka.pl\/passent\/wp-json\/wp\/v2\/categories?post=5155"},{"taxonomy":"post_tag","embeddable":true,"href":"https:\/\/blog.polityka.pl\/passent\/wp-json\/wp\/v2\/tags?post=5155"}],"curies":[{"name":"wp","href":"https:\/\/api.w.org\/{rel}","templated":true}]}}