
{"id":5173,"date":"2019-02-14T23:38:25","date_gmt":"2019-02-14T22:38:25","guid":{"rendered":"https:\/\/passent.blog.polityka.pl\/?p=5173"},"modified":"2019-02-15T08:39:53","modified_gmt":"2019-02-15T07:39:53","slug":"szczyt-na-trojke","status":"publish","type":"post","link":"https:\/\/blog.polityka.pl\/passent\/2019\/02\/14\/szczyt-na-trojke\/","title":{"rendered":"Szczyt na tr\u00f3jk\u0119"},"content":{"rendered":"<p>Gdzie jest deklaracja ko\u0144cowa? Mo\u017ce kto\u015b z pa\u0144stwa j\u0105 widzia\u0142? W Warszawie zako\u0144czy\u0142a si\u0119 zakrojona z wielkim rozmachem konferencja na temat bezpiecze\u0144stwa na Bliskim Wschodzie. Mia\u0142 by\u0107 prze\u0142om, Stany Zjednoczone mia\u0142y og\u0142osi\u0107 Deal Stulecia \u2013 nowatorski plan Trumpa na rozwi\u0105zanie kryzysu bliskowschodniego. Teraz okazuje si\u0119, \u017ce figa z makiem, \u201edeal\u201d, kt\u00f3ry zna pono\u0107 pi\u0119\u0107 os\u00f3b (z tego cztery by\u0142y w Warszawie), zostanie og\u0142oszony po wyborach w Izraelu.<br \/>\n<!--more--><br \/>\nW takim razie jak mo\u017cna dyskutowa\u0107 o bezpiecze\u0144stwie w regionie, nie znaj\u0105c planu USA, stanowiska Rosji, Iranu i Palesty\u0144czyk\u00f3w? Czy\u017cby nie uda\u0142o si\u0119 uzgodni\u0107 dokumentu ko\u0144cowego? Nawet ameryka\u0144sko-polskiego? To by by\u0142a pora\u017cka. Zgromadzenie Og\u00f3lne bez uchwa\u0142y i bez rezolucji. Sukcesem by\u0142 sam udzia\u0142 Izraela i cz\u0119\u015bci pa\u0144stw arabskich, ale mieli\u015bmy nadziej\u0119 na wi\u0119cej \u2013 wi\u0119cej uczestnik\u00f3w i chocia\u017c jakie\u015b wsp\u00f3lne konkluzje, zebrane w \u201edeklaracji warszawskiej\u201d. To okaza\u0142o si\u0119 nierealne.<\/p>\n<p>Polska odnios\u0142a sukces umiarkowany \u2013 przyjechali przedstawiciele wielu pa\u0144stw, ale niekoniecznie dla nas najwa\u017cniejszych (Niemcy, Turcja, Rosja, Francja trzymali si\u0119 na dystans). Polsce uda\u0142 si\u0119 flirt z USA mimo r\u00f3\u017cnic mi\u0119dzy Uni\u0105 Europejsk\u0105 a Stanami Zjednoczonymi. Umocni\u0142a si\u0119 pozycja Polski w\u015br\u00f3d sojusznik\u00f3w USA, a tak\u017ce poparcie Waszyngtonu dla idei \u201eTr\u00f3jmorza\u201d, ale za cen\u0119 rosn\u0105cej nieufno\u015bci w Unii Europejskiej, kt\u00f3ra widzi w tym pr\u00f3by jej os\u0142abienia.<\/p>\n<p>Nie dosz\u0142o na szcz\u0119\u015bcie do skandalu na linii Bruksela\u2013Warszawa, Polska stara si\u0119 ratowa\u0107 swoj\u0105 pozycj\u0119 w Europie i za Atlantykiem, ale Niemcy ju\u017c dali wyraz swojego krytycyzmu, a wizerunek Polski jako konia troja\u0144skiego Stan\u00f3w Zjednoczonych zosta\u0142 wzmocniony. Polski rz\u0105d postawi\u0142 na maksymalnie bliski sojusz z USA \u2013 to jest zrozumia\u0142e i godne poparcia, ale nie oznacza, \u017ce mamy si\u0119 podpisywa\u0107 pod ka\u017cdym planem Waszyngtonu, tym razem wobec Bliskiego Wschodu. Polska delegacja musia\u0142a prze\u0142kn\u0105\u0107 s\u0142owa wiceprezydenta Pence\u2019a, \u017ce Lech Wa\u0142\u0119sa wielkim bohaterem jest.<\/p>\n<p>Skoro plon konferencji okaza\u0142 si\u0119 skromny, to na plan pierwszy wysun\u0119\u0142y si\u0119 skandale. Mam na my\u015bli s\u0142owa dziennikarki ameryka\u0144skiej Andrei Mitchell z NBC, kt\u00f3ra paln\u0119\u0142a g\u0142upstwo, m\u00f3wi\u0105c, \u017ce powsta\u0144cy w getcie walczyli z re\u017cimem nazistowskim i polskim \u2013 moim zdaniem powiedzia\u0142a to z g\u0142upoty i ignorancji.<\/p>\n<p>Na szcz\u0119\u015bcie przeprosi\u0142a. Takie clich\u00e9 jest na Zachodzie rozpowszechnione. Gorzej, \u017ce w tym samym duchu wypowiedzia\u0142 si\u0119 premier Izraela Netanyahu, ten sam, kt\u00f3ry niedawno podpisa\u0142 wsp\u00f3lne o\u015bwiadczenie z premierem Morawieckim, uznawane w Polsce za sukces oficjalnej polskiej polityki historycznej. Tego nie mo\u017cna ju\u017c uzna\u0107 za ignorancj\u0119. To jest raczej dow\u00f3d g\u0142\u0119bokiego przekonania i kalkulacji przed wyborami w Izraelu. Wedle obowi\u0105zuj\u0105cego w Polsce prawa Netanyahu za swoje s\u0142owa, \u017ce Polacy \u201epomagali Niemcom zabija\u0107 \u017byd\u00f3w\u201d, powinien by\u0107 \u015bcigany przez prawo. Jest to prawo niem\u0105dre: \u015bciga\u0107 Netanyahu \u2013 \u017ale, pu\u015bci\u0107 p\u0142azem \u2013 te\u017c niedobrze.<\/p>\n<p>Jedyne wyj\u015bcie, \u017ceby prawda o najnowszej historii zwyci\u0119\u017cy\u0142a, jest samemu jej docieka\u0107  i nie ba\u0107 si\u0119 j\u0105 g\u0142osi\u0107.<\/p>\n","protected":false},"excerpt":{"rendered":"<p>Skoro plon konferencji okaza\u0142 si\u0119 skromny, to na plan pierwszy wysun\u0119\u0142y si\u0119 skandale.<\/p>\n","protected":false},"author":4,"featured_media":5178,"comment_status":"open","ping_status":"closed","sticky":false,"template":"","format":"standard","meta":{"footnotes":""},"categories":[1],"tags":[],"_links":{"self":[{"href":"https:\/\/blog.polityka.pl\/passent\/wp-json\/wp\/v2\/posts\/5173"}],"collection":[{"href":"https:\/\/blog.polityka.pl\/passent\/wp-json\/wp\/v2\/posts"}],"about":[{"href":"https:\/\/blog.polityka.pl\/passent\/wp-json\/wp\/v2\/types\/post"}],"author":[{"embeddable":true,"href":"https:\/\/blog.polityka.pl\/passent\/wp-json\/wp\/v2\/users\/4"}],"replies":[{"embeddable":true,"href":"https:\/\/blog.polityka.pl\/passent\/wp-json\/wp\/v2\/comments?post=5173"}],"version-history":[{"count":3,"href":"https:\/\/blog.polityka.pl\/passent\/wp-json\/wp\/v2\/posts\/5173\/revisions"}],"predecessor-version":[{"id":5177,"href":"https:\/\/blog.polityka.pl\/passent\/wp-json\/wp\/v2\/posts\/5173\/revisions\/5177"}],"wp:featuredmedia":[{"embeddable":true,"href":"https:\/\/blog.polityka.pl\/passent\/wp-json\/wp\/v2\/media\/5178"}],"wp:attachment":[{"href":"https:\/\/blog.polityka.pl\/passent\/wp-json\/wp\/v2\/media?parent=5173"}],"wp:term":[{"taxonomy":"category","embeddable":true,"href":"https:\/\/blog.polityka.pl\/passent\/wp-json\/wp\/v2\/categories?post=5173"},{"taxonomy":"post_tag","embeddable":true,"href":"https:\/\/blog.polityka.pl\/passent\/wp-json\/wp\/v2\/tags?post=5173"}],"curies":[{"name":"wp","href":"https:\/\/api.w.org\/{rel}","templated":true}]}}